{"id":15794,"date":"2024-04-15T23:11:42","date_gmt":"2024-04-16T02:11:42","guid":{"rendered":"https:\/\/aconteceemmacaeeregiao.com.br\/?p=15794"},"modified":"2024-04-15T23:11:42","modified_gmt":"2024-04-16T02:11:42","slug":"dia-mundial-da-voz-reconhecendo-os-sinais-e-cuidados-essenciais-para-uma-voz-saudavel","status":"publish","type":"post","link":"https:\/\/aconteceemmacaeeregiao.com.br\/index.php\/2024\/04\/15\/dia-mundial-da-voz-reconhecendo-os-sinais-e-cuidados-essenciais-para-uma-voz-saudavel\/","title":{"rendered":"Dia Mundial da Voz: Reconhecendo os sinais e cuidados essenciais para uma voz saud\u00e1vel"},"content":{"rendered":"\n<p>No Dia Mundial da Voz, \u00e9 crucial estar atento aos sinais que a nossa voz nos d\u00e1. A rouquid\u00e3o \u00e9 um desses sinais, e quando persistente, pode indicar problemas s\u00e9rios de <a href=\"https:\/\/aconteceemmacaeeregiao.com.br\/index.php\/2024\/03\/28\/pascoa-beneficios-do-chocolate-para-a-saude-do-coracao-e-recomendacoes-de-consumo\/\" title=\"P\u00e1scoa: Benef\u00edcios do Chocolate para a Sa\u00fade do Cora\u00e7\u00e3o e Recomenda\u00e7\u00f5es de Consumo\">sa\u00fade<\/a>, como alertado pela Academia Brasileira de Laringologia e Voz (ABLV) e a Associa\u00e7\u00e3o Brasileira de Otorrinolaringologia e Cirurgia C\u00e9rvico-Facial (ABORL-CCF). Embora seja comum ap\u00f3s o uso excessivo da voz, a persist\u00eancia desse sintoma por mais de duas semanas deve ser motivo de preocupa\u00e7\u00e3o, podendo indicar desde doen\u00e7as comuns como gripes e resfriados at\u00e9 condi\u00e7\u00f5es mais graves, como c\u00e2ncer de laringe.<\/p>\n\n\n\n<p>\u00c9 fundamental ressaltar que a detec\u00e7\u00e3o precoce desses <a href=\"https:\/\/aconteceemmacaeeregiao.com.br\/index.php\/2023\/12\/07\/voce-sabia-que-o-consumo-excessivo-de-alcool-pode-desencadear-necrose-do-femur-e-problemas-no-quadril-entenda-as-razoes\/\" title=\"Voc\u00ea sabia que o consumo excessivo de \u00e1lcool pode desencadear necrose do f\u00eamur e problemas no quadril? Entenda as raz\u00f5es\">problemas <\/a>pode salvar vidas, especialmente no caso do c\u00e2ncer de laringe, que possui altas taxas de cura quando diagnosticado precocemente. No entanto, a neglig\u00eancia em rela\u00e7\u00e3o \u00e0 sa\u00fade vocal, especialmente entre o p\u00fablico masculino, pode ser prejudicial. Por isso, \u00e9 essencial que todos estejam cientes dos sinais de alerta e busquem ajuda m\u00e9dica quando necess\u00e1rio.<\/p>\n\n\n\n<p>Neste contexto, a 26\u00aa Campanha Nacional da Voz, promovida pela ABLV e ABORL-CCF, assume um papel fundamental. Sob o mote &#8216;N\u00f3s cuidamos da sua voz para o mundo todo ouvir&#8217;, a campanha busca educar a comunidade sobre os cuidados e preven\u00e7\u00e3o de problemas vocais, especialmente entre os profissionais que utilizam a voz como instrumento de trabalho.<\/p>\n\n\n\n<p>Al\u00e9m disso, a semana da <a href=\"https:\/\/aconteceemmacaeeregiao.com.br\/index.php\/2024\/03\/14\/testemunhas-de-jeova-iniciam-campanha-para-convidar-a-comunidade-para-eventos-especiais\/\" title=\"Testemunhas de Jeov\u00e1 iniciam campanha para convidar a comunidade para eventos especiais\">campanha<\/a> coincide com a celebra\u00e7\u00e3o do Dia Mundial da Voz (16 de abril), uma iniciativa que come\u00e7ou no Brasil em 1999 e ganhou propor\u00e7\u00f5es internacionais. M\u00e9dicos especialistas estar\u00e3o dispon\u00edveis para esclarecer d\u00favidas e oferecer orienta\u00e7\u00f5es atrav\u00e9s de bate-papos ao vivo em redes sociais, como o Instagram @otorrinoevoce e @cuidedasuavoz.<\/p>\n\n\n\n<p>Junte-se a n\u00f3s nessa causa pela sa\u00fade vocal. Vamos cuidar da nossa voz para que o mundo todo possa nos ouvir.&#8221;<\/p>\n\n\n\n<p><strong>Servi\u00e7o<br><\/strong><em>Campanha da Voz 2024<br><\/em><strong>Data<\/strong>: de 13 a 19 de abril<br><strong>Informa\u00e7\u00f5es<\/strong>:\u00a0<a href=\"https:\/\/www.ablv.com.br\/\" target=\"_blank\" rel=\"noreferrer noopener\">www.ablv.com.br<\/a><br><strong>Acompanhe<\/strong>: Instagram\u00a0<a href=\"https:\/\/www.instagram.com\/otorrinoevoce\/\" target=\"_blank\" rel=\"noreferrer noopener\">@otorrinoevoce<\/a>\u00a0e\u00a0<a href=\"https:\/\/www.instagram.com\/cuidedasuavoz\/\" target=\"_blank\" rel=\"noreferrer noopener\">@cuidedasuavoz<\/a><\/p>\n","protected":false},"excerpt":{"rendered":"<p>No Dia Mundial da Voz, \u00e9 crucial estar atento aos sinais que a nossa voz nos d\u00e1. A rouquid\u00e3o \u00e9 um desses sinais, e quando persistente, pode indicar problemas s\u00e9rios de sa\u00fade, como alertado pela Academia Brasileira de Laringologia e Voz (ABLV) e a Associa\u00e7\u00e3o Brasileira de Otorrinolaringologia e Cirurgia C\u00e9rvico-Facial (ABORL-CCF). Embora seja comum [&hellip;]<\/p>\n","protected":false},"author":2,"featured_media":15802,"comment_status":"closed","ping_status":"closed","sticky":false,"template":"","format":"standard","meta":{"postBodyCss":"","postBodyMargin":[],"postBodyPadding":[],"postBodyBackground":{"backgroundType":"classic","gradient":""},"footnotes":""},"categories":[78],"tags":[898,71,897],"class_list":["post-15794","post","type-post","status-publish","format-standard","has-post-thumbnail","hentry","category-saude","tag-cuidados","tag-dicas","tag-voz"],"aioseo_notices":[],"_links":{"self":[{"href":"https:\/\/aconteceemmacaeeregiao.com.br\/index.php\/wp-json\/wp\/v2\/posts\/15794","targetHints":{"allow":["GET"]}}],"collection":[{"href":"https:\/\/aconteceemmacaeeregiao.com.br\/index.php\/wp-json\/wp\/v2\/posts"}],"about":[{"href":"https:\/\/aconteceemmacaeeregiao.com.br\/index.php\/wp-json\/wp\/v2\/types\/post"}],"author":[{"embeddable":true,"href":"https:\/\/aconteceemmacaeeregiao.com.br\/index.php\/wp-json\/wp\/v2\/users\/2"}],"replies":[{"embeddable":true,"href":"https:\/\/aconteceemmacaeeregiao.com.br\/index.php\/wp-json\/wp\/v2\/comments?post=15794"}],"version-history":[{"count":0,"href":"https:\/\/aconteceemmacaeeregiao.com.br\/index.php\/wp-json\/wp\/v2\/posts\/15794\/revisions"}],"wp:featuredmedia":[{"embeddable":true,"href":"https:\/\/aconteceemmacaeeregiao.com.br\/index.php\/wp-json\/wp\/v2\/media\/15802"}],"wp:attachment":[{"href":"https:\/\/aconteceemmacaeeregiao.com.br\/index.php\/wp-json\/wp\/v2\/media?parent=15794"}],"wp:term":[{"taxonomy":"category","embeddable":true,"href":"https:\/\/aconteceemmacaeeregiao.com.br\/index.php\/wp-json\/wp\/v2\/categories?post=15794"},{"taxonomy":"post_tag","embeddable":true,"href":"https:\/\/aconteceemmacaeeregiao.com.br\/index.php\/wp-json\/wp\/v2\/tags?post=15794"}],"curies":[{"name":"wp","href":"https:\/\/api.w.org\/{rel}","templated":true}]}}