{"id":15810,"date":"2024-04-16T21:37:23","date_gmt":"2024-04-17T00:37:23","guid":{"rendered":"https:\/\/aconteceemmacaeeregiao.com.br\/?p=15810"},"modified":"2024-04-16T21:37:24","modified_gmt":"2024-04-17T00:37:24","slug":"feira-de-artesanato-do-espaco-mulher-cidada-celebrando-a-arte-e-o-empreendedorismo-feminino","status":"publish","type":"post","link":"https:\/\/aconteceemmacaeeregiao.com.br\/index.php\/2024\/04\/16\/feira-de-artesanato-do-espaco-mulher-cidada-celebrando-a-arte-e-o-empreendedorismo-feminino\/","title":{"rendered":"Feira de artesanato do Espa\u00e7o Mulher Cidad\u00e3: Celebrando a arte e o empreendedorismo feminino"},"content":{"rendered":"\n<p>A partir desta ter\u00e7a-feira, dia 16 de abril, o Espa\u00e7o Mulher Cidad\u00e3 (EMC) abre suas portas para uma emocionante Feira de Artesanato, dando destaque ao talento e \u00e0 criatividade das alunas das oficinas oferecidas pelo EMC. O evento ocorrer\u00e1 todas as ter\u00e7as-feiras, das 13h \u00e0s 16h, e \u00e0s sextas-feiras, das 9h \u00e0s 16h, na sede da Secretaria de Pol\u00edticas para as <a href=\"https:\/\/aconteceemmacaeeregiao.com.br\/index.php\/2024\/04\/03\/oportunidade-para-mulheres-em-situacao-de-vulnerabilidade-social\/\" title=\"Oportunidade para mulheres em situa\u00e7\u00e3o de vulnerabilidade social\">Mulheres<\/a>, na Rua Dr. Luiz Bellegard, 139 \u2013 Imbetiba.<\/p>\n\n\n\n<p>A feira tem como prop\u00f3sito valorizar o trabalho artesanal das mulheres, que participam ativamente das oficinas do EMC, aprendendo t\u00e9cnicas como patch aplique, fio de malha e croch\u00ea. Todas as pe\u00e7as expostas estar\u00e3o dispon\u00edveis para compra, permitindo que voc\u00ea adquira produtos \u00fanicos e feitos com carinho.<\/p>\n\n\n\n<p>Raquel Duarte, coordenadora do Espa\u00e7o Mulher Cidad\u00e3, ressalta que a feira visa valorizar as mulheres artes\u00e3s e empreendedoras de Maca\u00e9, promovendo o desenvolvimento econ\u00f4mico e pessoal de cada uma.<\/p>\n\n\n\n<p>Essa iniciativa \u00e9 fundamental para incentivar a autonomia feminina, valorizar a cultura local e o <a href=\"https:\/\/aconteceemmacaeeregiao.com.br\/index.php\/2024\/03\/28\/cursos-online-gratuitos-caminho-para-aproximar-jovens-do-mercado-de-trabalho\/\" title=\"Cursos Online Gratuitos: Caminho para aproximar jovens do mercado de trabalho\u201d\">trabalho<\/a> das alunas, proporcionando a oportunidade de comprar produtos feitos \u00e0 m\u00e3o, diretamente de quem os produziu, e conhecer as hist\u00f3rias inspiradoras por tr\u00e1s de cada pe\u00e7a. Entre os itens dispon\u00edveis para venda, est\u00e3o bolsas personalizadas, camisas, panos de prato, pesos de porta, al\u00e9m de produtos feitos com fio de malha e decoupage, e chaveiros, entre outros.<\/p>\n\n\n\n<p>N\u00e3o perca essa <a href=\"https:\/\/aconteceemmacaeeregiao.com.br\/index.php\/2024\/04\/15\/mais-de-3-000-oportunidades-de-emprego-estagio-e-jovem-aprendiz-no-rio-de-janeiro\/\" title=\"Mais de 3.000 oportunidades de emprego, est\u00e1gio e jovem aprendiz no Rio de Janeiro\">oportunidade <\/a>de prestigiar e apoiar as mulheres artes\u00e3s de Maca\u00e9! A Feira do Espa\u00e7o Mulher Cidad\u00e3 \u00e9 muito mais que uma simples exposi\u00e7\u00e3o de artesanato, \u00e9 um evento que celebra a criatividade, a habilidade e a for\u00e7a das mulheres empreendedoras da nossa cidade.<\/p>\n\n\n\n<p><strong>Servi\u00e7o:<\/strong><\/p>\n\n\n\n<ul class=\"wp-block-list\">\n<li>Feira do Espa\u00e7o Mulher Cidad\u00e3<\/li>\n\n\n\n<li>Ter\u00e7as, das 13h \u00e0s 16h, e Sextas, das 9h \u00e0s 16h<\/li>\n\n\n\n<li>Secretaria de Pol\u00edticas para as Mulheres, Rua Dr. Luiz Bellegard, 139 \u2013 Imbetiba<\/li>\n<\/ul>\n\n\n\n<p><em><a href=\"https:\/\/macae.rj.gov.br\/noticias\/leitura\/noticia\/macae-e-destaque-em-campeonato-estadual-de-kickboxing\" title=\"\">Fonte Secom C\u00e2mara de Maca\u00e9<\/a><\/em><\/p>\n","protected":false},"excerpt":{"rendered":"<p>A partir desta ter\u00e7a-feira, dia 16 de abril, o Espa\u00e7o Mulher Cidad\u00e3 (EMC) abre suas portas para uma emocionante Feira de Artesanato, dando destaque ao talento e \u00e0 criatividade das alunas das oficinas oferecidas pelo EMC. O evento ocorrer\u00e1 todas as ter\u00e7as-feiras, das 13h \u00e0s 16h, e \u00e0s sextas-feiras, das 9h \u00e0s 16h, na sede [&hellip;]<\/p>\n","protected":false},"author":2,"featured_media":15815,"comment_status":"closed","ping_status":"closed","sticky":false,"template":"","format":"standard","meta":{"postBodyCss":"","postBodyMargin":[],"postBodyPadding":[],"postBodyBackground":{"backgroundType":"classic","gradient":""},"footnotes":""},"categories":[86,45,81,42],"tags":[92,655,120],"class_list":["post-15810","post","type-post","status-publish","format-standard","has-post-thumbnail","hentry","category-cultura","category-economia","category-empreendedorismo","category-macae","tag-artesanato","tag-feira","tag-mulher"],"aioseo_notices":[],"_links":{"self":[{"href":"https:\/\/aconteceemmacaeeregiao.com.br\/index.php\/wp-json\/wp\/v2\/posts\/15810","targetHints":{"allow":["GET"]}}],"collection":[{"href":"https:\/\/aconteceemmacaeeregiao.com.br\/index.php\/wp-json\/wp\/v2\/posts"}],"about":[{"href":"https:\/\/aconteceemmacaeeregiao.com.br\/index.php\/wp-json\/wp\/v2\/types\/post"}],"author":[{"embeddable":true,"href":"https:\/\/aconteceemmacaeeregiao.com.br\/index.php\/wp-json\/wp\/v2\/users\/2"}],"replies":[{"embeddable":true,"href":"https:\/\/aconteceemmacaeeregiao.com.br\/index.php\/wp-json\/wp\/v2\/comments?post=15810"}],"version-history":[{"count":0,"href":"https:\/\/aconteceemmacaeeregiao.com.br\/index.php\/wp-json\/wp\/v2\/posts\/15810\/revisions"}],"wp:featuredmedia":[{"embeddable":true,"href":"https:\/\/aconteceemmacaeeregiao.com.br\/index.php\/wp-json\/wp\/v2\/media\/15815"}],"wp:attachment":[{"href":"https:\/\/aconteceemmacaeeregiao.com.br\/index.php\/wp-json\/wp\/v2\/media?parent=15810"}],"wp:term":[{"taxonomy":"category","embeddable":true,"href":"https:\/\/aconteceemmacaeeregiao.com.br\/index.php\/wp-json\/wp\/v2\/categories?post=15810"},{"taxonomy":"post_tag","embeddable":true,"href":"https:\/\/aconteceemmacaeeregiao.com.br\/index.php\/wp-json\/wp\/v2\/tags?post=15810"}],"curies":[{"name":"wp","href":"https:\/\/api.w.org\/{rel}","templated":true}]}}