{"id":15834,"date":"2024-04-16T22:07:35","date_gmt":"2024-04-17T01:07:35","guid":{"rendered":"https:\/\/aconteceemmacaeeregiao.com.br\/?p=15834"},"modified":"2024-04-16T22:08:21","modified_gmt":"2024-04-17T01:08:21","slug":"seis-sinais-que-indicam-a-necessidade-de-um-cuidador-de-idosos","status":"publish","type":"post","link":"https:\/\/aconteceemmacaeeregiao.com.br\/index.php\/2024\/04\/16\/seis-sinais-que-indicam-a-necessidade-de-um-cuidador-de-idosos\/","title":{"rendered":"Seis sinais que indicam a necessidade de um cuidador de idosos"},"content":{"rendered":"\n<p>Com a rotina cada vez mais agitada, muitas fam\u00edlias enfrentam o desafio de conciliar trabalho e responsabilidades, o que torna a contrata\u00e7\u00e3o de um cuidador de idosos uma necessidade para garantir o bem-estar e a qualidade de vida dos mais velhos. Roberta Bellumat, diretora executiva da Padr\u00e3o Enfermagem, empresa especializada em agenciamento de profissionais na \u00e1rea da sa\u00fade, destaca que o cuidador desempenha uma s\u00e9rie de fun\u00e7\u00f5es, desde auxiliar na higiene pessoal at\u00e9 prestar apoio emocional e administrar medicamentos. &#8220;Esse profissional n\u00e3o se limita ao atendimento de idosos, ele tamb\u00e9m cuida de enfermos e pessoas com condi\u00e7\u00f5es que afetam tanto a sa\u00fade f\u00edsica como a mental. Ele \u00e9 o elo entre a <a href=\"https:\/\/aconteceemmacaeeregiao.com.br\/index.php\/2023\/09\/11\/prefeitura-fara-mutirao-para-cadastro-unico-bolsa-familia-nesta-semana\/\" title=\"Prefeitura far\u00e1 mutir\u00e3o para Cadastro \u00danico\/Bolsa Fam\u00edlia nesta semana\">fam\u00edlia<\/a> e desempenha um papel fundamental na independ\u00eancia e bem-estar dos pacientes&#8221;, comenta.<\/p>\n\n\n\n<p>A contrata\u00e7\u00e3o de um cuidador vai al\u00e9m da assist\u00eancia pr\u00e1tica; \u00e9 um investimento no bem-estar. Esse profissional pode acompanhar o paciente em passeios ao ar livre, ajudar em exerc\u00edcios f\u00edsicos leves, ir a consultas m\u00e9dicas e cuidar de acordo com as orienta\u00e7\u00f5es de especialistas, entre outras atividades. &#8220;O cuidador \u00e9 fundamental para garantir o conv\u00edvio familiar e a sa\u00fade mental do paciente&#8221;, afirma a gestora.<\/p>\n\n\n\n<p>Apesar dos in\u00fameros benef\u00edcios, muitas fam\u00edlias relutam em incluir uma terceira pessoa na rotina. &#8220;Reconhecer que precisamos de ajuda \u00e9 o primeiro passo para garantir o bem-estar de nossos entes queridos. Para muitos, contratar um <a href=\"https:\/\/aconteceemmacaeeregiao.com.br\/index.php\/2024\/04\/01\/sindrome-do-por-do-sol-em-idosos-entenda-e-saiba-como-lidar\/\" title=\"S\u00edndrome do p\u00f4r do sol em idosos: Entenda e Saiba Como Lidar\">cuidador<\/a> pode ser crucial para garantir o conforto e a seguran\u00e7a de um idoso&#8221;, explica.<\/p>\n\n\n\n<p>A diretora da Padr\u00e3o Enfermagem listou seis sinais de alerta que indicam a necessidade de um cuidador:<\/p>\n\n\n\n<ol class=\"wp-block-list\">\n<li><strong>Dificuldade em realizar atividades di\u00e1rias:<\/strong> Se realizar tarefas simples como tomar banho, se vestir ou preparar refei\u00e7\u00f5es \u00e9 desafiador, pode ser um sinal de que \u00e9 preciso ajuda adicional.<\/li>\n\n\n\n<li><strong>Problemas de sa\u00fade:<\/strong> Condi\u00e7\u00f5es m\u00e9dicas cr\u00f4nicas, les\u00f5es recentes ou deteriora\u00e7\u00e3o na sa\u00fade f\u00edsica ou mental podem exigir a presen\u00e7a de um cuidador.<\/li>\n\n\n\n<li><strong>Isolamento social:<\/strong> Sentir-se <a href=\"https:\/\/aconteceemmacaeeregiao.com.br\/index.php\/2024\/04\/16\/associacao-ame-mais-cuidando-e-incluindo-pessoas-com-tea\/\" title=\"Associa\u00e7\u00e3o Ame Mais: Cuidando e incluindo pessoas com TEA\">sozinho<\/a>, deprimido ou isolado pode indicar a necessidade de apoio emocional e companhia, que um cuidador pode oferecer.<\/li>\n\n\n\n<li><strong>Preocupa\u00e7\u00f5es com seguran\u00e7a:<\/strong> Medo de quedas, esquecimentos frequentes e outros problemas de seguran\u00e7a podem ser mitigados com a presen\u00e7a de um cuidador.<\/li>\n\n\n\n<li><strong>Necessidade de supervis\u00e3o cont\u00ednua:<\/strong> Se precisa de companhia 24 horas por dia, um cuidador pode oferecer suporte e assist\u00eancia constantes.<\/li>\n\n\n\n<li><strong>Exaust\u00e3o:<\/strong> Se um membro da fam\u00edlia est\u00e1 sobrecarregado com os cuidados, pode estar enfrentando exaust\u00e3o f\u00edsica e mental, o que indica a necessidade de ajuda.<\/li>\n<\/ol>\n\n\n\n<p>Reconhecer a import\u00e2ncia de contar com um cuidador profissional garantir\u00e1 que seus entes queridos recebam o cuidado adequado e o apoio necess\u00e1rio para uma vida com qualidade. &#8220;Contratar um cuidador n\u00e3o \u00e9 apenas uma medida pr\u00e1tica, \u00e9 uma decis\u00e3o que tem um impacto positivo e significativo na seguran\u00e7a, sa\u00fade e qualidade de vida&#8221;, conclui.<\/p>\n\n\n\n<p><strong><a href=\"https:\/\/padraoenfermagembrasil.com.br\/\" title=\"\">Sobre a Padr\u00e3o Enfermagem<\/a><br><\/strong>Fundada em 2006, \u00e9 uma rede de franquias com mais de 50 unidades no Brasil, especializada no agenciamento de profissionais da sa\u00fade para uma s\u00e9rie de servi\u00e7os primordiais aos pacientes, tais como: Acompanhamento hospitalar, Servi\u00e7os de enfermagem, Cuidador de idosos e Cuidador infantil. Todos os profissionais est\u00e3o preparados e habilitados para atender com seguran\u00e7a e qualidade a clientes em ambiente domiciliar, hospitalar e empresarial, com suporte 24h.<\/p>\n","protected":false},"excerpt":{"rendered":"<p>Com a rotina cada vez mais agitada, muitas fam\u00edlias enfrentam o desafio de conciliar trabalho e responsabilidades, o que torna a contrata\u00e7\u00e3o de um cuidador de idosos uma necessidade para garantir o bem-estar e a qualidade de vida dos mais velhos. Roberta Bellumat, diretora executiva da Padr\u00e3o Enfermagem, empresa especializada em agenciamento de profissionais na [&hellip;]<\/p>\n","protected":false},"author":2,"featured_media":15836,"comment_status":"closed","ping_status":"closed","sticky":false,"template":"","format":"standard","meta":{"postBodyCss":"","postBodyMargin":[],"postBodyPadding":[],"postBodyBackground":{"backgroundType":"classic","gradient":""},"footnotes":""},"categories":[78],"tags":[898,71,738,152],"class_list":["post-15834","post","type-post","status-publish","format-standard","has-post-thumbnail","hentry","category-saude","tag-cuidados","tag-dicas","tag-enfermagem","tag-idosos"],"aioseo_notices":[],"_links":{"self":[{"href":"https:\/\/aconteceemmacaeeregiao.com.br\/index.php\/wp-json\/wp\/v2\/posts\/15834","targetHints":{"allow":["GET"]}}],"collection":[{"href":"https:\/\/aconteceemmacaeeregiao.com.br\/index.php\/wp-json\/wp\/v2\/posts"}],"about":[{"href":"https:\/\/aconteceemmacaeeregiao.com.br\/index.php\/wp-json\/wp\/v2\/types\/post"}],"author":[{"embeddable":true,"href":"https:\/\/aconteceemmacaeeregiao.com.br\/index.php\/wp-json\/wp\/v2\/users\/2"}],"replies":[{"embeddable":true,"href":"https:\/\/aconteceemmacaeeregiao.com.br\/index.php\/wp-json\/wp\/v2\/comments?post=15834"}],"version-history":[{"count":0,"href":"https:\/\/aconteceemmacaeeregiao.com.br\/index.php\/wp-json\/wp\/v2\/posts\/15834\/revisions"}],"wp:featuredmedia":[{"embeddable":true,"href":"https:\/\/aconteceemmacaeeregiao.com.br\/index.php\/wp-json\/wp\/v2\/media\/15836"}],"wp:attachment":[{"href":"https:\/\/aconteceemmacaeeregiao.com.br\/index.php\/wp-json\/wp\/v2\/media?parent=15834"}],"wp:term":[{"taxonomy":"category","embeddable":true,"href":"https:\/\/aconteceemmacaeeregiao.com.br\/index.php\/wp-json\/wp\/v2\/categories?post=15834"},{"taxonomy":"post_tag","embeddable":true,"href":"https:\/\/aconteceemmacaeeregiao.com.br\/index.php\/wp-json\/wp\/v2\/tags?post=15834"}],"curies":[{"name":"wp","href":"https:\/\/api.w.org\/{rel}","templated":true}]}}