{"id":15857,"date":"2024-04-18T00:05:03","date_gmt":"2024-04-18T03:05:03","guid":{"rendered":"https:\/\/aconteceemmacaeeregiao.com.br\/?p=15857"},"modified":"2024-04-18T00:05:04","modified_gmt":"2024-04-18T03:05:04","slug":"propostas-de-protecao-a-gestante-nas-policias-civil-e-militar-avancam-na-alerj","status":"publish","type":"post","link":"https:\/\/aconteceemmacaeeregiao.com.br\/index.php\/2024\/04\/18\/propostas-de-protecao-a-gestante-nas-policias-civil-e-militar-avancam-na-alerj\/","title":{"rendered":"Propostas de prote\u00e7\u00e3o \u00e0 gestante nas pol\u00edcias civil e militar avan\u00e7am na Alerj"},"content":{"rendered":"\n<p>Na Assembleia Legislativa do Rio de Janeiro <a href=\"http:\/\/Juliana Oliveira  Assessoria de imprensa\" title=\"\">(Alerj)<\/a>, projetos de lei apresentados pelo deputado Filippe Poubel (PL) est\u00e3o em an\u00e1lise para instituir <a href=\"https:\/\/aconteceemmacaeeregiao.com.br\/index.php\/2024\/03\/30\/acessuas-abre-novas-inscricoes-para-qualificacao-profissional-e-acesso-ao-emprego\/\" title=\"Acessuas abre novas inscri\u00e7\u00f5es para qualifica\u00e7\u00e3o profissional e acesso ao emprego\">programas<\/a> de prote\u00e7\u00e3o para policiais militares e civis gestantes. O objetivo \u00e9 assegurar uma gesta\u00e7\u00e3o saud\u00e1vel e o retorno das policiais \u00e0 atividade ap\u00f3s a licen\u00e7a maternidade.<\/p>\n\n\n\n<p>As propostas incluem medidas como: proibir a redu\u00e7\u00e3o na remunera\u00e7\u00e3o da policial desde o in\u00edcio da gesta\u00e7\u00e3o at\u00e9 seis meses ap\u00f3s o t\u00e9rmino da licen\u00e7a maternidade; permitir \u00e0<a href=\"https:\/\/aconteceemmacaeeregiao.com.br\/index.php\/2023\/08\/11\/o-policial-militar-mais-forte-do-mundo-e-do-rio-de-janeiro\/\" title=\"O Policial Militar mais forte do mundo \u00e9 do Rio de Janeiro\"> policial <\/a>gr\u00e1vida decidir se ir\u00e1 prestar atendimento em locais de crime, realizar dilig\u00eancias externas e atuar diretamente com pessoas detidas, quando houver risco \u00e0 sa\u00fade dela e \u00e0 gesta\u00e7\u00e3o.<\/p>\n\n\n\n<p>Os projetos de lei tamb\u00e9m garantem que, ap\u00f3s a licen\u00e7a maternidade, a policial possa retornar para a mesma equipe, mesma jornada e hor\u00e1rio de trabalho que tinha antes, entre outras a\u00e7\u00f5es.<\/p>\n\n\n\n<p>O deputado Filippe Poubel enfatizou a import\u00e2ncia de proporcionar \u00e0s policiais gr\u00e1vidas maior tranquilidade durante a <a href=\"https:\/\/aconteceemmacaeeregiao.com.br\/index.php\/2023\/11\/09\/quatro-dicas-para-manter-uma-gestacao-saudavel-e-sem-intercorrencias\/\" title=\"Quatro dicas para manter uma gesta\u00e7\u00e3o saud\u00e1vel e sem intercorr\u00eancias\">gesta\u00e7\u00e3o<\/a> e no per\u00edodo de licen\u00e7a maternidade, considerando o estresse enfrentado por essas profissionais que se dedicam \u00e0 prote\u00e7\u00e3o da sociedade.<\/p>\n\n\n\n<p>Os projetos de lei ser\u00e3o analisados pelas comiss\u00f5es de Constitui\u00e7\u00e3o e Justi\u00e7a; Defesa dos Direitos da Mulher; Seguran\u00e7a P\u00fablica; Servidores P\u00fablicos e Or\u00e7amento.<\/p>\n\n\n\n<p><em>Fonte Juliana Oliveira\/\u00a0Assessoria de imprensa\u00a0<\/em><\/p>\n","protected":false},"excerpt":{"rendered":"<p>Na Assembleia Legislativa do Rio de Janeiro (Alerj), projetos de lei apresentados pelo deputado Filippe Poubel (PL) est\u00e3o em an\u00e1lise para instituir programas de prote\u00e7\u00e3o para policiais militares e civis gestantes. O objetivo \u00e9 assegurar uma gesta\u00e7\u00e3o saud\u00e1vel e o retorno das policiais \u00e0 atividade ap\u00f3s a licen\u00e7a maternidade. As propostas incluem medidas como: proibir [&hellip;]<\/p>\n","protected":false},"author":2,"featured_media":15860,"comment_status":"closed","ping_status":"closed","sticky":false,"template":"","format":"standard","meta":{"postBodyCss":"","postBodyMargin":[],"postBodyPadding":[],"postBodyBackground":{"backgroundType":"classic","gradient":""},"footnotes":""},"categories":[44],"tags":[270,901,496,306],"class_list":["post-15857","post","type-post","status-publish","format-standard","has-post-thumbnail","hentry","category-politica","tag-alerj","tag-gestante","tag-policia-civil","tag-policia-militar"],"aioseo_notices":[],"_links":{"self":[{"href":"https:\/\/aconteceemmacaeeregiao.com.br\/index.php\/wp-json\/wp\/v2\/posts\/15857","targetHints":{"allow":["GET"]}}],"collection":[{"href":"https:\/\/aconteceemmacaeeregiao.com.br\/index.php\/wp-json\/wp\/v2\/posts"}],"about":[{"href":"https:\/\/aconteceemmacaeeregiao.com.br\/index.php\/wp-json\/wp\/v2\/types\/post"}],"author":[{"embeddable":true,"href":"https:\/\/aconteceemmacaeeregiao.com.br\/index.php\/wp-json\/wp\/v2\/users\/2"}],"replies":[{"embeddable":true,"href":"https:\/\/aconteceemmacaeeregiao.com.br\/index.php\/wp-json\/wp\/v2\/comments?post=15857"}],"version-history":[{"count":0,"href":"https:\/\/aconteceemmacaeeregiao.com.br\/index.php\/wp-json\/wp\/v2\/posts\/15857\/revisions"}],"wp:featuredmedia":[{"embeddable":true,"href":"https:\/\/aconteceemmacaeeregiao.com.br\/index.php\/wp-json\/wp\/v2\/media\/15860"}],"wp:attachment":[{"href":"https:\/\/aconteceemmacaeeregiao.com.br\/index.php\/wp-json\/wp\/v2\/media?parent=15857"}],"wp:term":[{"taxonomy":"category","embeddable":true,"href":"https:\/\/aconteceemmacaeeregiao.com.br\/index.php\/wp-json\/wp\/v2\/categories?post=15857"},{"taxonomy":"post_tag","embeddable":true,"href":"https:\/\/aconteceemmacaeeregiao.com.br\/index.php\/wp-json\/wp\/v2\/tags?post=15857"}],"curies":[{"name":"wp","href":"https:\/\/api.w.org\/{rel}","templated":true}]}}