{"id":16067,"date":"2024-04-28T00:27:33","date_gmt":"2024-04-28T03:27:33","guid":{"rendered":"https:\/\/aconteceemmacaeeregiao.com.br\/?p=16067"},"modified":"2024-04-28T00:27:34","modified_gmt":"2024-04-28T03:27:34","slug":"ajuda-de-baixo-recebe-o-prefeitura-presente-programa-completa-dois-anos-de-sucesso","status":"publish","type":"post","link":"https:\/\/aconteceemmacaeeregiao.com.br\/index.php\/2024\/04\/28\/ajuda-de-baixo-recebe-o-prefeitura-presente-programa-completa-dois-anos-de-sucesso\/","title":{"rendered":"Ajuda de Baixo recebe o &#8216;Prefeitura Presente&#8217;: Programa completa dois anos de sucesso"},"content":{"rendered":"\n<p>O bairro Ajuda de Baixo foi agraciado neste \u00faltimo s\u00e1bado com a 16\u00aa edi\u00e7\u00e3o do programa \u201cPrefeitura Presente\u201d, uma parceria entre a Secretaria Municipal Adjunta de Rela\u00e7\u00f5es Institucionais e diversos \u00f3rg\u00e3os municipais. Em sua ess\u00eancia, o programa busca levar servi\u00e7os essenciais diretamente aos cidad\u00e3os, facilitando o acesso da <a href=\"https:\/\/aconteceemmacaeeregiao.com.br\/index.php\/2024\/04\/18\/projeto-da-adra-fortalece-comunidade-indigena-iny-karaja\/\" title=\"Projeto da ADRA fortalece comunidade ind\u00edgena Iny\/Karaj\u00e1\">comunidade<\/a> a informa\u00e7\u00f5es e solu\u00e7\u00f5es para suas demandas cotidianas. Ao longo de quase dois anos de exist\u00eancia, o &#8220;Prefeitura Presente&#8221; tem se consolidado como um instrumento vital na promo\u00e7\u00e3o do bem-estar local.<\/p>\n\n\n\n<p>Tito Sim\u00f5es, secret\u00e1rio adjunto de Rela\u00e7\u00f5es Institucionais, ressalta a import\u00e2ncia do programa em aproximar os servi\u00e7os p\u00fablicos da popula\u00e7\u00e3o, especialmente aqueles que encontram dificuldades para resolver quest\u00f5es durante a semana. A iniciativa se destaca por sua abordagem integrada, visando atender \u00e0s necessidades da comunidade de forma eficaz e acess\u00edvel, sem que os cidad\u00e3os tenham que se deslocar para outras regi\u00f5es em busca de assist\u00eancia.<\/p>\n\n\n\n<p>\u00c0 medida que o<a href=\"https:\/\/aconteceemmacaeeregiao.com.br\/index.php\/2024\/04\/27\/programa-coloca-125-jovens-em-uma-jornada-de-crescimento-profissional\/\" title=\"Programa coloca 125 Jovens em uma jornada de crescimento profissional\"> programa<\/a> completa dois anos de atividade, est\u00e1 sendo planejada uma edi\u00e7\u00e3o especial, com a colabora\u00e7\u00e3o de todos os \u00f3rg\u00e3os envolvidos, a fim de oferecer servi\u00e7os que atendam \u00e0s demandas espec\u00edficas da comunidade. Esta abordagem personalizada reflete o compromisso cont\u00ednuo em ouvir e atender \u00e0s necessidades locais.<\/p>\n\n\n<div class=\"wp-block-image\">\n<figure class=\"aligncenter size-large\"><img fetchpriority=\"high\" decoding=\"async\" width=\"1024\" height=\"683\" src=\"https:\/\/aconteceemmacaeeregiao.com.br\/wp-content\/uploads\/2024\/04\/1714314339-1024x683.jpg\" alt=\"\" class=\"wp-image-16069\" srcset=\"https:\/\/aconteceemmacaeeregiao.com.br\/wp-content\/uploads\/2024\/04\/1714314339-1024x683.jpg 1024w, https:\/\/aconteceemmacaeeregiao.com.br\/wp-content\/uploads\/2024\/04\/1714314339-300x200.jpg 300w, https:\/\/aconteceemmacaeeregiao.com.br\/wp-content\/uploads\/2024\/04\/1714314339-768x512.jpg 768w, https:\/\/aconteceemmacaeeregiao.com.br\/wp-content\/uploads\/2024\/04\/1714314339-1200x800.jpg 1200w, https:\/\/aconteceemmacaeeregiao.com.br\/wp-content\/uploads\/2024\/04\/1714314339.jpg 1417w\" sizes=\"(max-width: 1024px) 100vw, 1024px\" \/><figcaption class=\"wp-element-caption\">Prefeitura Presente no bairro da Ajuda. Maca\u00e9\/RJ.<\/figcaption><\/figure>\n<\/div>\n\n\n<p>Durante o evento na Escola Municipal de Educa\u00e7\u00e3o Infantil Amparo e Coopera\u00e7\u00e3o \u00e0 Raz\u00e3o Infantil (EMEI Amcorin), os moradores tiveram acesso a uma variedade de servi\u00e7os administrativos, desde orienta\u00e7\u00f5es sobre Regulariza\u00e7\u00e3o Fundi\u00e1ria do Complexo da Ajuda at\u00e9 agendamento para carteira de identidade e informa\u00e7\u00f5es sobre <a href=\"https:\/\/aconteceemmacaeeregiao.com.br\/index.php\/2024\/04\/16\/feira-de-artesanato-do-espaco-mulher-cidada-celebrando-a-arte-e-o-empreendedorismo-feminino\/\" title=\"Feira de artesanato do Espa\u00e7o Mulher Cidad\u00e3: Celebrando a arte e o empreendedorismo feminino\">empreendedorismo<\/a>. Al\u00e9m disso, a comunidade recebeu instru\u00e7\u00f5es vitais sobre sa\u00fade, incluindo a preven\u00e7\u00e3o contra doen\u00e7as transmitidas por mosquitos, como dengue, e educa\u00e7\u00e3o odontol\u00f3gica para crian\u00e7as, destacando o compromisso integral do programa em promover o bem-estar e o desenvolvimento local.<\/p>\n\n\n\n<p><em><a href=\"https:\/\/macae.rj.gov.br\/noticias\/leitura\/noticia\/ajuda-de-baixo-recebe-o-prefeitura-presente\" title=\"\">Fonte Secom Pref Maca\u00e9<\/a><\/em><\/p>\n","protected":false},"excerpt":{"rendered":"<p>O bairro Ajuda de Baixo foi agraciado neste \u00faltimo s\u00e1bado com a 16\u00aa edi\u00e7\u00e3o do programa \u201cPrefeitura Presente\u201d, uma parceria entre a Secretaria Municipal Adjunta de Rela\u00e7\u00f5es Institucionais e diversos \u00f3rg\u00e3os municipais. Em sua ess\u00eancia, o programa busca levar servi\u00e7os essenciais diretamente aos cidad\u00e3os, facilitando o acesso da comunidade a informa\u00e7\u00f5es e solu\u00e7\u00f5es para suas [&hellip;]<\/p>\n","protected":false},"author":2,"featured_media":16070,"comment_status":"closed","ping_status":"closed","sticky":false,"template":"","format":"standard","meta":{"postBodyCss":"","postBodyMargin":[],"postBodyPadding":[],"postBodyBackground":{"backgroundType":"classic","gradient":""},"footnotes":""},"categories":[200,42],"tags":[904,89,118],"class_list":["post-16067","post","type-post","status-publish","format-standard","has-post-thumbnail","hentry","category-evento","category-macae","tag-ajuda-de-baixo","tag-prefeitura","tag-social"],"aioseo_notices":[],"_links":{"self":[{"href":"https:\/\/aconteceemmacaeeregiao.com.br\/index.php\/wp-json\/wp\/v2\/posts\/16067","targetHints":{"allow":["GET"]}}],"collection":[{"href":"https:\/\/aconteceemmacaeeregiao.com.br\/index.php\/wp-json\/wp\/v2\/posts"}],"about":[{"href":"https:\/\/aconteceemmacaeeregiao.com.br\/index.php\/wp-json\/wp\/v2\/types\/post"}],"author":[{"embeddable":true,"href":"https:\/\/aconteceemmacaeeregiao.com.br\/index.php\/wp-json\/wp\/v2\/users\/2"}],"replies":[{"embeddable":true,"href":"https:\/\/aconteceemmacaeeregiao.com.br\/index.php\/wp-json\/wp\/v2\/comments?post=16067"}],"version-history":[{"count":0,"href":"https:\/\/aconteceemmacaeeregiao.com.br\/index.php\/wp-json\/wp\/v2\/posts\/16067\/revisions"}],"wp:featuredmedia":[{"embeddable":true,"href":"https:\/\/aconteceemmacaeeregiao.com.br\/index.php\/wp-json\/wp\/v2\/media\/16070"}],"wp:attachment":[{"href":"https:\/\/aconteceemmacaeeregiao.com.br\/index.php\/wp-json\/wp\/v2\/media?parent=16067"}],"wp:term":[{"taxonomy":"category","embeddable":true,"href":"https:\/\/aconteceemmacaeeregiao.com.br\/index.php\/wp-json\/wp\/v2\/categories?post=16067"},{"taxonomy":"post_tag","embeddable":true,"href":"https:\/\/aconteceemmacaeeregiao.com.br\/index.php\/wp-json\/wp\/v2\/tags?post=16067"}],"curies":[{"name":"wp","href":"https:\/\/api.w.org\/{rel}","templated":true}]}}