{"id":16072,"date":"2024-04-28T00:41:59","date_gmt":"2024-04-28T03:41:59","guid":{"rendered":"https:\/\/aconteceemmacaeeregiao.com.br\/?p=16072"},"modified":"2024-04-28T00:43:22","modified_gmt":"2024-04-28T03:43:22","slug":"tecnicos-administrativos-da-ufrj-em-greve-promovem-dialogo-e-apresentam-projetos","status":"publish","type":"post","link":"https:\/\/aconteceemmacaeeregiao.com.br\/index.php\/2024\/04\/28\/tecnicos-administrativos-da-ufrj-em-greve-promovem-dialogo-e-apresentam-projetos\/","title":{"rendered":"T\u00e9cnicos-administrativos da UFRJ em greve promovem di\u00e1logo e apresentam projetos"},"content":{"rendered":"\n<p>A greve dos t\u00e9cnicos-administrativos em educa\u00e7\u00e3o do Centro Multidisciplinar UFRJ-Maca\u00e9 teve um impacto significativo na Pra\u00e7a Ver\u00edssimo de Melo, no Centro da cidade. Com uma feira para doa\u00e7\u00e3o de livros, a categoria buscou dialogar com a popula\u00e7\u00e3o e informar sobre os motivos do movimento, al\u00e9m de apresentar projetos de extens\u00e3o da universidade voltados para diversos segmentos da sociedade local.<\/p>\n\n\n\n<p>O Comando Local de Greve (CLG) organizou uma exposi\u00e7\u00e3o com os livros recolhidos pela comunidade <a href=\"https:\/\/aconteceemmacaeeregiao.com.br\/index.php\/2023\/10\/24\/legislativo-propoe-parceria-com-ufrj-para-despoluir-a-lagoa\/\" title=\"Legislativo prop\u00f5e parceria com UFRJ para despoluir a Lagoa\">universit\u00e1ria<\/a>, contando com a participa\u00e7\u00e3o ativa dos estudantes, que t\u00eam apoiado a greve desde o in\u00edcio. O Sintufrj tamb\u00e9m contribuiu, enviando um carro de som e membros dos campi da UFRJ no Rio de Janeiro se deslocaram at\u00e9 Maca\u00e9 em carros da entidade sindical para fortalecer a manifesta\u00e7\u00e3o.<\/p>\n\n\n\n<p>Ant\u00f4nia Karina, t\u00e9cnica-administrativa, ressaltou a import\u00e2ncia do evento: &#8220;Foi um ato muito produtivo. Explicamos \u00e0 popula\u00e7\u00e3o porque estamos em greve e mostramos um pouco dos projetos de <a href=\"https:\/\/aconteceemmacaeeregiao.com.br\/index.php\/2023\/11\/24\/segundo-pesquisa-recente-54-das-brasileiras-se-queixam-de-estrias\/\" title=\"Segundo pesquisa recente, 54% das brasileiras se queixam de estrias\">pesquisa<\/a> e de extens\u00e3o universit\u00e1ria. A UFRJ n\u00e3o \u00e9 s\u00f3 ensino&#8221;. Ela mencionou o projeto Germinando Amor como exemplo e destacou a receptividade da popula\u00e7\u00e3o.<\/p>\n\n\n\n<p>Outros t\u00e9cnicos-administrativos tamb\u00e9m enfatizaram o papel da UFRJ em Maca\u00e9, destacando suas pesquisas e projetos em parceria com a Prefeitura local, al\u00e9m das \u00e1reas de gradua\u00e7\u00e3o oferecidas. O movimento busca n\u00e3o apenas a valoriza\u00e7\u00e3o dos<a href=\"https:\/\/aconteceemmacaeeregiao.com.br\/index.php\/2023\/09\/19\/curso-gratis-tem-250-vagas-para-profissionais-de-tecnologia-e-programacao-basica\/\" title=\"Curso gr\u00e1tis tem 250 vagas para profissionais de tecnologia e programa\u00e7\u00e3o b\u00e1sica\"> profissionais<\/a>, mas tamb\u00e9m a recomposi\u00e7\u00e3o or\u00e7ament\u00e1ria das universidades, evidenciando a import\u00e2ncia do apoio da sociedade \u00e0s reivindica\u00e7\u00f5es da categoria.<\/p>\n\n\n<div class=\"wp-block-image\">\n<figure class=\"aligncenter size-large\"><img fetchpriority=\"high\" decoding=\"async\" width=\"1024\" height=\"768\" src=\"https:\/\/aconteceemmacaeeregiao.com.br\/wp-content\/uploads\/2024\/04\/MACAE-HOJE-1024x768.jpg\" alt=\"\" class=\"wp-image-16074\" srcset=\"https:\/\/aconteceemmacaeeregiao.com.br\/wp-content\/uploads\/2024\/04\/MACAE-HOJE-1024x768.jpg 1024w, https:\/\/aconteceemmacaeeregiao.com.br\/wp-content\/uploads\/2024\/04\/MACAE-HOJE-300x225.jpg 300w, https:\/\/aconteceemmacaeeregiao.com.br\/wp-content\/uploads\/2024\/04\/MACAE-HOJE-768x576.jpg 768w, https:\/\/aconteceemmacaeeregiao.com.br\/wp-content\/uploads\/2024\/04\/MACAE-HOJE-1536x1152.jpg 1536w, https:\/\/aconteceemmacaeeregiao.com.br\/wp-content\/uploads\/2024\/04\/MACAE-HOJE.jpg 1600w\" sizes=\"(max-width: 1024px) 100vw, 1024px\" \/><\/figure>\n<\/div>\n\n\n<p><em><a href=\"https:\/\/sintufrj.org.br\/2024\/04\/greve-vai-a-praca-em-macae-para-dialogar-com-a-populacao\/\" title=\"\">Fonte Site SintUFRJ<\/a><\/em><\/p>\n","protected":false},"excerpt":{"rendered":"<p>A greve dos t\u00e9cnicos-administrativos em educa\u00e7\u00e3o do Centro Multidisciplinar UFRJ-Maca\u00e9 teve um impacto significativo na Pra\u00e7a Ver\u00edssimo de Melo, no Centro da cidade. Com uma feira para doa\u00e7\u00e3o de livros, a categoria buscou dialogar com a popula\u00e7\u00e3o e informar sobre os motivos do movimento, al\u00e9m de apresentar projetos de extens\u00e3o da universidade voltados para diversos [&hellip;]<\/p>\n","protected":false},"author":2,"featured_media":16075,"comment_status":"closed","ping_status":"closed","sticky":false,"template":"","format":"standard","meta":{"postBodyCss":"","postBodyMargin":[],"postBodyPadding":[],"postBodyBackground":{"backgroundType":"classic","gradient":""},"footnotes":""},"categories":[61,42],"tags":[911,611,912,338],"class_list":["post-16072","post","type-post","status-publish","format-standard","has-post-thumbnail","hentry","category-educacao","category-macae","tag-greve","tag-praca","tag-sindicato","tag-ufrj"],"aioseo_notices":[],"_links":{"self":[{"href":"https:\/\/aconteceemmacaeeregiao.com.br\/index.php\/wp-json\/wp\/v2\/posts\/16072","targetHints":{"allow":["GET"]}}],"collection":[{"href":"https:\/\/aconteceemmacaeeregiao.com.br\/index.php\/wp-json\/wp\/v2\/posts"}],"about":[{"href":"https:\/\/aconteceemmacaeeregiao.com.br\/index.php\/wp-json\/wp\/v2\/types\/post"}],"author":[{"embeddable":true,"href":"https:\/\/aconteceemmacaeeregiao.com.br\/index.php\/wp-json\/wp\/v2\/users\/2"}],"replies":[{"embeddable":true,"href":"https:\/\/aconteceemmacaeeregiao.com.br\/index.php\/wp-json\/wp\/v2\/comments?post=16072"}],"version-history":[{"count":0,"href":"https:\/\/aconteceemmacaeeregiao.com.br\/index.php\/wp-json\/wp\/v2\/posts\/16072\/revisions"}],"wp:featuredmedia":[{"embeddable":true,"href":"https:\/\/aconteceemmacaeeregiao.com.br\/index.php\/wp-json\/wp\/v2\/media\/16075"}],"wp:attachment":[{"href":"https:\/\/aconteceemmacaeeregiao.com.br\/index.php\/wp-json\/wp\/v2\/media?parent=16072"}],"wp:term":[{"taxonomy":"category","embeddable":true,"href":"https:\/\/aconteceemmacaeeregiao.com.br\/index.php\/wp-json\/wp\/v2\/categories?post=16072"},{"taxonomy":"post_tag","embeddable":true,"href":"https:\/\/aconteceemmacaeeregiao.com.br\/index.php\/wp-json\/wp\/v2\/tags?post=16072"}],"curies":[{"name":"wp","href":"https:\/\/api.w.org\/{rel}","templated":true}]}}