{"id":16080,"date":"2024-04-29T16:52:22","date_gmt":"2024-04-29T19:52:22","guid":{"rendered":"https:\/\/aconteceemmacaeeregiao.com.br\/?p=16080"},"modified":"2024-04-29T22:53:59","modified_gmt":"2024-04-30T01:53:59","slug":"escola-municipal-de-danca-celebra-o-dia-especial","status":"publish","type":"post","link":"https:\/\/aconteceemmacaeeregiao.com.br\/index.php\/2024\/04\/29\/escola-municipal-de-danca-celebra-o-dia-especial\/","title":{"rendered":"Escola Municipal de Dan\u00e7a celebra o dia especial"},"content":{"rendered":"\n<p>Hoje, no Dia Internacional da Dan\u00e7a, a Escola Municipal de Dan\u00e7a est\u00e1 em festa, n\u00e3o apenas comemorando essa expressiva data, mas tamb\u00e9m oferecendo uma programa\u00e7\u00e3o diversificada que promove a arte da dan\u00e7a n\u00e3o apenas para os alunos, mas para toda a comunidade.<\/p>\n\n\n\n<p>O secret\u00e1rio de <a href=\"https:\/\/aconteceemmacaeeregiao.com.br\/index.php\/2023\/11\/29\/projeto-vinde-a-mim-a-arte-e-a-cultura-como-instrumentos-de-educacao\/\" title=\"Projeto Vinde a Mim: a arte e a cultura como instrumentos de educa\u00e7\u00e3o\">Cultura de Maca\u00e9<\/a>, Leandro Mussi, destaca a singularidade da dan\u00e7a como uma forma de comunica\u00e7\u00e3o que transcende palavras, transmitindo emo\u00e7\u00f5es e hist\u00f3rias atrav\u00e9s do movimento. Ele reconhece o papel vital da Escola Municipal de <a href=\"https:\/\/aconteceemmacaeeregiao.com.br\/index.php\/2024\/01\/15\/escola-municipal-de-danca-esta-com-inscricoes-abertas\/\" title=\"Escola Municipal de Dan\u00e7a est\u00e1 com inscri\u00e7\u00f5es abertas\">Dan\u00e7a<\/a> na forma\u00e7\u00e3o de talentos e na promo\u00e7\u00e3o da cultura da dan\u00e7a na cidade.<\/p>\n\n\n\n<p>A diretora Cl\u00e1udia Ten\u00f3rio enfatiza a import\u00e2ncia desta data e destaca a variedade da programa\u00e7\u00e3o oferecida pela escola. Desde aulas especiais focadas na anatomia do corpo humano at\u00e9 atividades envolvendo as m\u00e3es dos alunos, a programa\u00e7\u00e3o celebra a arte da dan\u00e7a em todas as suas formas.<\/p>\n\n\n\n<p>As atividades propostas n\u00e3o s\u00f3 proporcionam uma expans\u00e3o de horizontes para os estudantes, mas tamb\u00e9m ressaltam valores essenciais como criatividade, disciplina e <a href=\"https:\/\/aconteceemmacaeeregiao.com.br\/index.php\/2024\/03\/28\/cursos-online-gratuitos-caminho-para-aproximar-jovens-do-mercado-de-trabalho\/\" title=\"Cursos Online Gratuitos: Caminho para aproximar jovens do mercado de trabalho\u201d\">trabalho<\/a> em equipe, fundamentais para o desenvolvimento pessoal e profissional dos bailarinos.<\/p>\n\n\n<div class=\"wp-block-image\">\n<figure class=\"aligncenter size-full\"><img fetchpriority=\"high\" decoding=\"async\" width=\"828\" height=\"600\" src=\"https:\/\/aconteceemmacaeeregiao.com.br\/wp-content\/uploads\/2024\/04\/1714452905.jpg\" alt=\"\" class=\"wp-image-16082\" srcset=\"https:\/\/aconteceemmacaeeregiao.com.br\/wp-content\/uploads\/2024\/04\/1714452905.jpg 828w, https:\/\/aconteceemmacaeeregiao.com.br\/wp-content\/uploads\/2024\/04\/1714452905-300x217.jpg 300w, https:\/\/aconteceemmacaeeregiao.com.br\/wp-content\/uploads\/2024\/04\/1714452905-768x557.jpg 768w\" sizes=\"(max-width: 828px) 100vw, 828px\" \/><figcaption class=\"wp-element-caption\">Foto: Arquivo da Escola Municipal de Dan\u00e7a<\/figcaption><\/figure>\n<\/div>\n\n\n<p>Al\u00e9m das aulas e atividades planejadas, destaca-se a Oficina Improvisar, ministrada pela professora Luize Helena Pessanha, que oferece uma oportunidade \u00fanica para jovens bailarinos e atores desenvolverem suas habilidades art\u00edsticas. A oficina, baseada na Teoria dos Esfor\u00e7os de Rudolf Laban, visa cultivar a capacidade de dan\u00e7ar sem movimentos predefinidos, conectando-se com o impulso interno de cada indiv\u00edduo.<\/p>\n\n\n\n<p>Neste Dia Internacional da Dan\u00e7a, \u00e9 importante n\u00e3o apenas celebrar a arte do movimento, mas tamb\u00e9m reconhecer o poder transformador que a dan\u00e7a possui em unir pessoas e expressar a ess\u00eancia da alma. <\/p>\n\n\n\n<p>Para participar da Oficina de Improvisa\u00e7\u00e3o, as inscri\u00e7\u00f5es est\u00e3o abertas, \u00a0podem ser feitas atrav\u00e9s do link\u00a0<a href=\"https:\/\/forms.gle\/wGvGADx4okCKTKp68\">https:\/\/forms.gle\/wGvGADx4okCKTKp68<\/a>\u00a0disponibilizado pela escola ou pelo WhatsApp (22)99720 6407.<\/p>\n\n\n\n<p>Vamos juntos celebrar essa bela manifesta\u00e7\u00e3o de arte e express\u00e3o que \u00e9 a dan\u00e7a, unindo-nos em uma celebra\u00e7\u00e3o de movimento, criatividade e conex\u00e3o.<\/p>\n\n\n\n<p><em><a href=\"https:\/\/macae.rj.gov.br\/noticias\/leitura\/noticia\/escola-de-danca-celebra-o-dia-internacional-da-danca-com-programacao-para-alunos-e-comunidade\" title=\"\">Fonte Secom Pref de Maca\u00e9<\/a><\/em><\/p>\n\n\n\n<p><\/p>\n","protected":false},"excerpt":{"rendered":"<p>Hoje, no Dia Internacional da Dan\u00e7a, a Escola Municipal de Dan\u00e7a est\u00e1 em festa, n\u00e3o apenas comemorando essa expressiva data, mas tamb\u00e9m oferecendo uma programa\u00e7\u00e3o diversificada que promove a arte da dan\u00e7a n\u00e3o apenas para os alunos, mas para toda a comunidade. O secret\u00e1rio de Cultura de Maca\u00e9, Leandro Mussi, destaca a singularidade da dan\u00e7a [&hellip;]<\/p>\n","protected":false},"author":2,"featured_media":16083,"comment_status":"closed","ping_status":"closed","sticky":false,"template":"","format":"standard","meta":{"postBodyCss":"","postBodyMargin":[],"postBodyPadding":[],"postBodyBackground":{"backgroundType":"classic","gradient":""},"footnotes":""},"categories":[86,61,42],"tags":[215,89,118],"class_list":["post-16080","post","type-post","status-publish","format-standard","has-post-thumbnail","hentry","category-cultura","category-educacao","category-macae","tag-danca","tag-prefeitura","tag-social"],"aioseo_notices":[],"_links":{"self":[{"href":"https:\/\/aconteceemmacaeeregiao.com.br\/index.php\/wp-json\/wp\/v2\/posts\/16080","targetHints":{"allow":["GET"]}}],"collection":[{"href":"https:\/\/aconteceemmacaeeregiao.com.br\/index.php\/wp-json\/wp\/v2\/posts"}],"about":[{"href":"https:\/\/aconteceemmacaeeregiao.com.br\/index.php\/wp-json\/wp\/v2\/types\/post"}],"author":[{"embeddable":true,"href":"https:\/\/aconteceemmacaeeregiao.com.br\/index.php\/wp-json\/wp\/v2\/users\/2"}],"replies":[{"embeddable":true,"href":"https:\/\/aconteceemmacaeeregiao.com.br\/index.php\/wp-json\/wp\/v2\/comments?post=16080"}],"version-history":[{"count":0,"href":"https:\/\/aconteceemmacaeeregiao.com.br\/index.php\/wp-json\/wp\/v2\/posts\/16080\/revisions"}],"wp:featuredmedia":[{"embeddable":true,"href":"https:\/\/aconteceemmacaeeregiao.com.br\/index.php\/wp-json\/wp\/v2\/media\/16083"}],"wp:attachment":[{"href":"https:\/\/aconteceemmacaeeregiao.com.br\/index.php\/wp-json\/wp\/v2\/media?parent=16080"}],"wp:term":[{"taxonomy":"category","embeddable":true,"href":"https:\/\/aconteceemmacaeeregiao.com.br\/index.php\/wp-json\/wp\/v2\/categories?post=16080"},{"taxonomy":"post_tag","embeddable":true,"href":"https:\/\/aconteceemmacaeeregiao.com.br\/index.php\/wp-json\/wp\/v2\/tags?post=16080"}],"curies":[{"name":"wp","href":"https:\/\/api.w.org\/{rel}","templated":true}]}}