{"id":16085,"date":"2024-04-29T23:08:16","date_gmt":"2024-04-30T02:08:16","guid":{"rendered":"https:\/\/aconteceemmacaeeregiao.com.br\/?p=16085"},"modified":"2024-04-29T23:08:17","modified_gmt":"2024-04-30T02:08:17","slug":"macae-recebe-grande-investimentos-da-rede-dor-para-novo-hospital","status":"publish","type":"post","link":"https:\/\/aconteceemmacaeeregiao.com.br\/index.php\/2024\/04\/29\/macae-recebe-grande-investimentos-da-rede-dor-para-novo-hospital\/","title":{"rendered":"Maca\u00e9 recebe grande investimentos da Rede D&#8217;Or para novo hospital"},"content":{"rendered":"\n<p>Maca\u00e9 est\u00e1 consolidando sua posi\u00e7\u00e3o como um ambiente favor\u00e1vel para neg\u00f3cios, especialmente no setor de \u00f3leo, g\u00e1s e energia, com a viabiliza\u00e7\u00e3o de investimentos de mais de R$ 500 milh\u00f5es para a instala\u00e7\u00e3o do novo hospital da Rede D&#8217;Or. Previsto para iniciar opera\u00e7\u00f5es em outubro deste ano, o novo complexo de assist\u00eancia em<a href=\"https:\/\/aconteceemmacaeeregiao.com.br\/index.php\/2024\/02\/19\/crianca-traqueostomizada-cuidados-especiais-para-saude-e-bem-estar\/\" title=\"Crian\u00e7a traqueostomizada: Cuidados especiais para sa\u00fade e bem-estar\"> sa\u00fade <\/a>privada foi visitado pelo prefeito Welberth Rezende, juntamente com os diretores m\u00e9dico, Eduardo Zukeran, e geral, Edson Zukeran.<\/p>\n\n\n\n<p>Esse investimento significativo tem potencial para gerar cerca de dois mil empregos, desde a fase de constru\u00e7\u00e3o at\u00e9 a opera\u00e7\u00e3o. O <a href=\"https:\/\/aconteceemmacaeeregiao.com.br\/index.php\/2024\/01\/06\/prefeito-de-macae-sanciona-lei-do-projeto-nutriafro\/\" title=\"Prefeito de Maca\u00e9 sanciona Lei do projeto Nutriafro\">prefeito <\/a>destacou que os investimentos da Rede D&#8217;Or em Maca\u00e9 est\u00e3o elevando o padr\u00e3o da rede de sa\u00fade da cidade, tornando-a um dos principais polos de assist\u00eancia especializada, capaz de atender \u00e0 crescente demanda econ\u00f4mica e populacional do munic\u00edpio.<\/p>\n\n\n\n<p>Com aproximadamente R$ 250 milh\u00f5es destinados \u00e0 infraestrutura, o novo hospital tamb\u00e9m receber\u00e1 cerca de R$ 250 milh\u00f5es em equipamentos de \u00faltima gera\u00e7\u00e3o, permitindo a oferta de servi\u00e7os de alta complexidade, como tratamentos para pacientes com c\u00e2ncer e queimaduras.<\/p>\n\n\n<div class=\"wp-block-image\">\n<figure class=\"aligncenter size-large\"><img fetchpriority=\"high\" decoding=\"async\" width=\"1024\" height=\"683\" src=\"https:\/\/aconteceemmacaeeregiao.com.br\/wp-content\/uploads\/2024\/04\/1714498224-1024x683.jpg\" alt=\"\" class=\"wp-image-16088\" srcset=\"https:\/\/aconteceemmacaeeregiao.com.br\/wp-content\/uploads\/2024\/04\/1714498224-1024x683.jpg 1024w, https:\/\/aconteceemmacaeeregiao.com.br\/wp-content\/uploads\/2024\/04\/1714498224-300x200.jpg 300w, https:\/\/aconteceemmacaeeregiao.com.br\/wp-content\/uploads\/2024\/04\/1714498224-768x512.jpg 768w, https:\/\/aconteceemmacaeeregiao.com.br\/wp-content\/uploads\/2024\/04\/1714498224-1200x800.jpg 1200w, https:\/\/aconteceemmacaeeregiao.com.br\/wp-content\/uploads\/2024\/04\/1714498224.jpg 1417w\" sizes=\"(max-width: 1024px) 100vw, 1024px\" \/><figcaption class=\"wp-element-caption\">Obras do novo complexo de assist\u00eancia em Sa\u00fade privada foram visitadas pelo prefeito Welberth Rezende &#8211; Foto: Rui Porto Filho<\/figcaption><\/figure>\n<\/div>\n\n\n<p>O novo Hospital da Rede D&#8217;Or contar\u00e1 inicialmente com 150 leitos, com previs\u00e3o de instalar mais 84 leitos ao longo de sua opera\u00e7\u00e3o. Esses <a href=\"https:\/\/aconteceemmacaeeregiao.com.br\/index.php\/2024\/04\/26\/visita-a-p-56-reforca-investimentos-na-revitalizacao-da-bacia-de-campos\/\" title=\"Visita \u00e0 P-56 refor\u00e7a investimentos na revitaliza\u00e7\u00e3o da Bacia de Campos\">investimentos<\/a> representam um marco importante para a sa\u00fade e economia de Maca\u00e9, refor\u00e7ando seu papel como um centro de refer\u00eancia em assist\u00eancia m\u00e9dica de qualidade.<\/p>\n\n\n\n<p><em><a href=\"https:\/\/macae.rj.gov.br\/noticias\/leitura\/noticia\/macae-consolida-r-500-milhoes-em-investimentos-da-rede-dor\" title=\"\">Por Secom pref de Maca\u00e9<\/a><\/em><\/p>\n","protected":false},"excerpt":{"rendered":"<p>Maca\u00e9 est\u00e1 consolidando sua posi\u00e7\u00e3o como um ambiente favor\u00e1vel para neg\u00f3cios, especialmente no setor de \u00f3leo, g\u00e1s e energia, com a viabiliza\u00e7\u00e3o de investimentos de mais de R$ 500 milh\u00f5es para a instala\u00e7\u00e3o do novo hospital da Rede D&#8217;Or. Previsto para iniciar opera\u00e7\u00f5es em outubro deste ano, o novo complexo de assist\u00eancia em sa\u00fade privada [&hellip;]<\/p>\n","protected":false},"author":2,"featured_media":16087,"comment_status":"closed","ping_status":"closed","sticky":false,"template":"","format":"standard","meta":{"postBodyCss":"","postBodyMargin":[],"postBodyPadding":[],"postBodyBackground":{"backgroundType":"classic","gradient":""},"footnotes":""},"categories":[45,42],"tags":[681,174,426,720],"class_list":["post-16085","post","type-post","status-publish","format-standard","has-post-thumbnail","hentry","category-economia","category-macae","tag-hospital","tag-investimentos","tag-prefeito","tag-welberth-rezende"],"aioseo_notices":[],"_links":{"self":[{"href":"https:\/\/aconteceemmacaeeregiao.com.br\/index.php\/wp-json\/wp\/v2\/posts\/16085","targetHints":{"allow":["GET"]}}],"collection":[{"href":"https:\/\/aconteceemmacaeeregiao.com.br\/index.php\/wp-json\/wp\/v2\/posts"}],"about":[{"href":"https:\/\/aconteceemmacaeeregiao.com.br\/index.php\/wp-json\/wp\/v2\/types\/post"}],"author":[{"embeddable":true,"href":"https:\/\/aconteceemmacaeeregiao.com.br\/index.php\/wp-json\/wp\/v2\/users\/2"}],"replies":[{"embeddable":true,"href":"https:\/\/aconteceemmacaeeregiao.com.br\/index.php\/wp-json\/wp\/v2\/comments?post=16085"}],"version-history":[{"count":0,"href":"https:\/\/aconteceemmacaeeregiao.com.br\/index.php\/wp-json\/wp\/v2\/posts\/16085\/revisions"}],"wp:featuredmedia":[{"embeddable":true,"href":"https:\/\/aconteceemmacaeeregiao.com.br\/index.php\/wp-json\/wp\/v2\/media\/16087"}],"wp:attachment":[{"href":"https:\/\/aconteceemmacaeeregiao.com.br\/index.php\/wp-json\/wp\/v2\/media?parent=16085"}],"wp:term":[{"taxonomy":"category","embeddable":true,"href":"https:\/\/aconteceemmacaeeregiao.com.br\/index.php\/wp-json\/wp\/v2\/categories?post=16085"},{"taxonomy":"post_tag","embeddable":true,"href":"https:\/\/aconteceemmacaeeregiao.com.br\/index.php\/wp-json\/wp\/v2\/tags?post=16085"}],"curies":[{"name":"wp","href":"https:\/\/api.w.org\/{rel}","templated":true}]}}