{"id":16090,"date":"2024-04-29T23:28:13","date_gmt":"2024-04-30T02:28:13","guid":{"rendered":"https:\/\/aconteceemmacaeeregiao.com.br\/?p=16090"},"modified":"2024-04-29T23:28:14","modified_gmt":"2024-04-30T02:28:14","slug":"central-do-trabalhador-de-macae-oferece-349-oportunidades-de-emprego","status":"publish","type":"post","link":"https:\/\/aconteceemmacaeeregiao.com.br\/index.php\/2024\/04\/29\/central-do-trabalhador-de-macae-oferece-349-oportunidades-de-emprego\/","title":{"rendered":"Central do Trabalhador de Maca\u00e9 Oferece 349 Oportunidades de Emprego"},"content":{"rendered":"\n<p>A Central do Trabalhador da Prefeitura de Maca\u00e9 anuncia, nesta semana, a disponibilidade de 349 vagas de emprego. Entre as <a href=\"https:\/\/aconteceemmacaeeregiao.com.br\/index.php\/2024\/04\/15\/mais-de-3-000-oportunidades-de-emprego-estagio-e-jovem-aprendiz-no-rio-de-janeiro\/\" title=\"Mais de 3.000 oportunidades de emprego, est\u00e1gio e jovem aprendiz no Rio de Janeiro\">oportunidades<\/a> destacam-se: 24 vagas para operador de loja, 24 para ajudante, 14 para caldeireiro, 12 para motorista de carreta, 10 para padeiro offshore, 5 para recepcionista offshore, 1 para nutricionista offshore, e outras op\u00e7\u00f5es.<\/p>\n\n\n\n<p>As vagas abrangem diversos n\u00edveis de <a href=\"https:\/\/aconteceemmacaeeregiao.com.br\/index.php\/2024\/03\/15\/novas-oportunidades-na-escola-de-artes-de-macae-inscricoes-abertas\/\" title=\"Novas Oportunidades na Escola de Artes de Maca\u00e9: Inscri\u00e7\u00f5es Abertas\">escolaridade<\/a>, incluindo fundamental, m\u00e9dio, t\u00e9cnico e superior. Os interessados podem dirigir-se \u00e0 sede da Central do Trabalhador, localizada no Edif\u00edcio Comercial Lotus, na Avenida Nossa Senhora da Gl\u00f3ria, 1181, Praia Campista, das 8h \u00e0s 17h.<\/p>\n\n\n\n<p>Para aqueles que n\u00e3o encontrarem uma oportunidade que corresponda ao seu perfil, h\u00e1 a possibilidade de realizar um cadastro<a href=\"https:\/\/aconteceemmacaeeregiao.com.br\/index.php\/2024\/04\/19\/inscricoes-prorrogadas-para-curso-online-do-proa-para-jovens\/\" title=\"Inscri\u00e7\u00f5es prorrogadas para curso online do PROA para jovens\"> online<\/a>. A lista completa de vagas est\u00e1 dispon\u00edvel no portal da prefeitura, e a Secretaria tamb\u00e9m oferece um link espec\u00edfico para preenchimento do cadastro pela internet.<\/p>\n\n\n\n<p><a href=\"https:\/\/sistemas.macae.rj.gov.br:84\/trabalhoerenda\/index\/mural\" title=\"\">Confira a lista completa de vagas dispon\u00edveis<\/a> e aproveite para cadastrar-se para aquelas que se encaixam em seu perfil.<\/p>\n\n\n\n<p><a href=\"https:\/\/sistemas.macae.rj.gov.br:84\/trabalhoerenda\/\" title=\"\">Acesso para o empres\u00e1rio cadastrar vagas de emprego<\/a>.<\/p>\n\n\n\n<p><a href=\"https:\/\/sistemas.macae.rj.gov.br:84\/trabalhoerenda\/\" title=\"\">Acesso para o trabalhador efetuar o cadastro para vagas de emprego<\/a>.<\/p>\n\n\n\n<p><em><a href=\"https:\/\/macae.rj.gov.br\/noticias\/leitura\/noticia\/central-do-trabalhador-divulga-349-vagas-nesta-semana\" title=\"\">Fonte Secom Pref de Maca\u00e9<\/a><\/em><\/p>\n","protected":false},"excerpt":{"rendered":"<p>A Central do Trabalhador da Prefeitura de Maca\u00e9 anuncia, nesta semana, a disponibilidade de 349 vagas de emprego. Entre as oportunidades destacam-se: 24 vagas para operador de loja, 24 para ajudante, 14 para caldeireiro, 12 para motorista de carreta, 10 para padeiro offshore, 5 para recepcionista offshore, 1 para nutricionista offshore, e outras op\u00e7\u00f5es. As [&hellip;]<\/p>\n","protected":false},"author":2,"featured_media":16092,"comment_status":"closed","ping_status":"closed","sticky":false,"template":"","format":"standard","meta":{"postBodyCss":"","postBodyMargin":[],"postBodyPadding":[],"postBodyBackground":{"backgroundType":"classic","gradient":""},"footnotes":""},"categories":[73,42],"tags":[82,89,87],"class_list":["post-16090","post","type-post","status-publish","format-standard","has-post-thumbnail","hentry","category-emprego","category-macae","tag-oportunidade","tag-prefeitura","tag-vagas"],"aioseo_notices":[],"_links":{"self":[{"href":"https:\/\/aconteceemmacaeeregiao.com.br\/index.php\/wp-json\/wp\/v2\/posts\/16090","targetHints":{"allow":["GET"]}}],"collection":[{"href":"https:\/\/aconteceemmacaeeregiao.com.br\/index.php\/wp-json\/wp\/v2\/posts"}],"about":[{"href":"https:\/\/aconteceemmacaeeregiao.com.br\/index.php\/wp-json\/wp\/v2\/types\/post"}],"author":[{"embeddable":true,"href":"https:\/\/aconteceemmacaeeregiao.com.br\/index.php\/wp-json\/wp\/v2\/users\/2"}],"replies":[{"embeddable":true,"href":"https:\/\/aconteceemmacaeeregiao.com.br\/index.php\/wp-json\/wp\/v2\/comments?post=16090"}],"version-history":[{"count":0,"href":"https:\/\/aconteceemmacaeeregiao.com.br\/index.php\/wp-json\/wp\/v2\/posts\/16090\/revisions"}],"wp:featuredmedia":[{"embeddable":true,"href":"https:\/\/aconteceemmacaeeregiao.com.br\/index.php\/wp-json\/wp\/v2\/media\/16092"}],"wp:attachment":[{"href":"https:\/\/aconteceemmacaeeregiao.com.br\/index.php\/wp-json\/wp\/v2\/media?parent=16090"}],"wp:term":[{"taxonomy":"category","embeddable":true,"href":"https:\/\/aconteceemmacaeeregiao.com.br\/index.php\/wp-json\/wp\/v2\/categories?post=16090"},{"taxonomy":"post_tag","embeddable":true,"href":"https:\/\/aconteceemmacaeeregiao.com.br\/index.php\/wp-json\/wp\/v2\/tags?post=16090"}],"curies":[{"name":"wp","href":"https:\/\/api.w.org\/{rel}","templated":true}]}}