{"id":16098,"date":"2024-04-29T23:56:12","date_gmt":"2024-04-30T02:56:12","guid":{"rendered":"https:\/\/aconteceemmacaeeregiao.com.br\/?p=16098"},"modified":"2024-04-29T23:56:12","modified_gmt":"2024-04-30T02:56:12","slug":"historico-mulher-assume-comando-do-25o-batalhao-de-policia-militar-na-regiao-dos-lagos","status":"publish","type":"post","link":"https:\/\/aconteceemmacaeeregiao.com.br\/index.php\/2024\/04\/29\/historico-mulher-assume-comando-do-25o-batalhao-de-policia-militar-na-regiao-dos-lagos\/","title":{"rendered":"Hist\u00f3rico: Mulher assume comando do 25\u00ba Batalh\u00e3o de Pol\u00edcia Militar na Regi\u00e3o dos Lagos"},"content":{"rendered":"\n<p>Pela primeira vez na hist\u00f3ria, o 25\u00ba Batalh\u00e3o de Pol\u00edcia Militar (BPM), que abrange as sete cidades da Regi\u00e3o dos Lagos, ter\u00e1 uma mulher no comando. A coronel Andreia Ferreira da Silva Campos assumir\u00e1 o comando, sucedendo o coronel Leonardo Oliveira, que dirigir\u00e1 o 12\u00ba BPM de Niter\u00f3i. A passagem de comando est\u00e1 marcada para esta ter\u00e7a-feira (30).<\/p>\n\n\n\n<p>A coronel Andreia, que estava \u00e0 frente da Unidade Prisional da Pol\u00edcia Militar (UPEMERJ) em Niter\u00f3i, possui mais de 30 anos de experi\u00eancia na <a href=\"https:\/\/aconteceemmacaeeregiao.com.br\/index.php\/2024\/04\/18\/propostas-de-protecao-a-gestante-nas-policias-civil-e-militar-avancam-na-alerj\/\" title=\"Propostas de prote\u00e7\u00e3o \u00e0 gestante nas pol\u00edcias civil e militar avan\u00e7am na Alerj\">Pol\u00edcia Militar<\/a>, com passagens pelas unidades de Mag\u00e9 e Volta Redonda. Sua nomea\u00e7\u00e3o \u00e9 celebrada por muitas mulheres, que consideram esse fato hist\u00f3rico e um avan\u00e7o na representatividade feminina.<\/p>\n\n\n\n<p>A mudan\u00e7a de comando ocorre em um momento em que dados do Instituto de Seguran\u00e7a P\u00fablica apontam um aumento nos crimes de g\u00eanero na <a href=\"https:\/\/aconteceemmacaeeregiao.com.br\/index.php\/2024\/04\/16\/policia-civil-age-rapidamente-e-prende-criminosos-na-regiao-dos-lagos\/\" title=\"Pol\u00edcia Civil age rapidamente e prende criminosos na Regi\u00e3o dos Lagos\">Regi\u00e3o dos Lagos<\/a>. O coronel Oliveira, durante seu comando no 25\u00ba BPM, implementou a\u00e7\u00f5es de combate \u00e0 viol\u00eancia contra a mulher, como a Base de Pol\u00edcia de Proximidade no bairro Jardim Esperan\u00e7a, que inclui uma Casa Lil\u00e1s para atendimento a mulheres em situa\u00e7\u00e3o de viol\u00eancia. Espera-se que a coronel Andreia d\u00ea continuidade a essas a\u00e7\u00f5es.<\/p>\n\n\n\n<p>A coronel Andreia, quando estava \u00e0 frente do batalh\u00e3o de Volta Redonda, destacou a import\u00e2ncia de a\u00e7\u00f5es integradas e do contato din\u00e2mico entre a pol\u00edcia e a popula\u00e7\u00e3o para combater a criminalidade. Sua nomea\u00e7\u00e3o \u00e9 um passo significativo para a inclus\u00e3o e a <a href=\"https:\/\/aconteceemmacaeeregiao.com.br\/index.php\/2024\/04\/24\/diversidade-e-arte-nos-palcos-do-firjan-sesi\/\" title=\"Diversidade e arte nos palcos do Firjan SESI\">diversidade<\/a> dentro da institui\u00e7\u00e3o policial.<\/p>\n\n\n\n<p><em><a href=\"https:\/\/odia.ig.com.br\/cabo-frio\/2024\/04\/6836531-batalhao-de-policia-militar-da-regiao-dos-lagos-tera-mulher-no-comando-pela-primeira-vez-na-historia.html\" title=\"\">Fonte portal O Dia<\/a><\/em><\/p>\n","protected":false},"excerpt":{"rendered":"<p>Pela primeira vez na hist\u00f3ria, o 25\u00ba Batalh\u00e3o de Pol\u00edcia Militar (BPM), que abrange as sete cidades da Regi\u00e3o dos Lagos, ter\u00e1 uma mulher no comando. A coronel Andreia Ferreira da Silva Campos assumir\u00e1 o comando, sucedendo o coronel Leonardo Oliveira, que dirigir\u00e1 o 12\u00ba BPM de Niter\u00f3i. A passagem de comando est\u00e1 marcada para [&hellip;]<\/p>\n","protected":false},"author":2,"featured_media":16100,"comment_status":"closed","ping_status":"closed","sticky":false,"template":"","format":"standard","meta":{"postBodyCss":"","postBodyMargin":[],"postBodyPadding":[],"postBodyBackground":{"backgroundType":"classic","gradient":""},"footnotes":""},"categories":[155,47,43],"tags":[913,120,306],"class_list":["post-16098","post","type-post","status-publish","format-standard","has-post-thumbnail","hentry","category-cabo-frio","category-ocorrencias","category-regiao","tag-comandante","tag-mulher","tag-policia-militar"],"aioseo_notices":[],"_links":{"self":[{"href":"https:\/\/aconteceemmacaeeregiao.com.br\/index.php\/wp-json\/wp\/v2\/posts\/16098","targetHints":{"allow":["GET"]}}],"collection":[{"href":"https:\/\/aconteceemmacaeeregiao.com.br\/index.php\/wp-json\/wp\/v2\/posts"}],"about":[{"href":"https:\/\/aconteceemmacaeeregiao.com.br\/index.php\/wp-json\/wp\/v2\/types\/post"}],"author":[{"embeddable":true,"href":"https:\/\/aconteceemmacaeeregiao.com.br\/index.php\/wp-json\/wp\/v2\/users\/2"}],"replies":[{"embeddable":true,"href":"https:\/\/aconteceemmacaeeregiao.com.br\/index.php\/wp-json\/wp\/v2\/comments?post=16098"}],"version-history":[{"count":0,"href":"https:\/\/aconteceemmacaeeregiao.com.br\/index.php\/wp-json\/wp\/v2\/posts\/16098\/revisions"}],"wp:featuredmedia":[{"embeddable":true,"href":"https:\/\/aconteceemmacaeeregiao.com.br\/index.php\/wp-json\/wp\/v2\/media\/16100"}],"wp:attachment":[{"href":"https:\/\/aconteceemmacaeeregiao.com.br\/index.php\/wp-json\/wp\/v2\/media?parent=16098"}],"wp:term":[{"taxonomy":"category","embeddable":true,"href":"https:\/\/aconteceemmacaeeregiao.com.br\/index.php\/wp-json\/wp\/v2\/categories?post=16098"},{"taxonomy":"post_tag","embeddable":true,"href":"https:\/\/aconteceemmacaeeregiao.com.br\/index.php\/wp-json\/wp\/v2\/tags?post=16098"}],"curies":[{"name":"wp","href":"https:\/\/api.w.org\/{rel}","templated":true}]}}