{"id":16108,"date":"2024-04-30T22:03:12","date_gmt":"2024-05-01T01:03:12","guid":{"rendered":"https:\/\/aconteceemmacaeeregiao.com.br\/?p=16108"},"modified":"2024-04-30T22:03:13","modified_gmt":"2024-05-01T01:03:13","slug":"festa-no-dia-do-trabalhador-no-parque-de-exposicoes","status":"publish","type":"post","link":"https:\/\/aconteceemmacaeeregiao.com.br\/index.php\/2024\/04\/30\/festa-no-dia-do-trabalhador-no-parque-de-exposicoes\/","title":{"rendered":"Festa no Dia do Trabalhador no Parque de Exposi\u00e7\u00f5es"},"content":{"rendered":"\n<p>Neste feriado de 1\u00ba de maio, a Prefeitura de Quissam\u00e3 realizar\u00e1 uma festa para celebrar o Dia do Trabalhador e da Trabalhadora. O <a href=\"https:\/\/aconteceemmacaeeregiao.com.br\/index.php\/2024\/04\/15\/proximos-eventos-do-polo-gastronomico-de-macae\/\" title=\"Pr\u00f3ximos eventos do Polo Gastron\u00f4mico de Maca\u00e9\">evento<\/a>, que acontecer\u00e1 no Parque de Exposi\u00e7\u00f5es da cidade, promete reunir divers\u00e3o, m\u00fasica e entretenimento para todas as idades e com entrada gratuita.<\/p>\n\n\n\n<p>A programa\u00e7\u00e3o ter\u00e1 in\u00edcio \u00e0s 8h\u00a0 com torneio de futebol, que promete agitar os amantes do esporte. \u00c0s 13h, o som sobe com o Grupo Samba Cartola com uma apresenta\u00e7\u00e3o cheia de <a href=\"https:\/\/aconteceemmacaeeregiao.com.br\/index.php\/2024\/02\/26\/enel-identifica-109-furtos-de-energia-em-macae\/\" title=\"Enel Identifica 109 Furtos de Energia em Maca\u00e9\">energia<\/a> e ritmo, e pagode de qualidade. O Samba Cartola \u00e9 reconhecido na regi\u00e3o n\u00e3o s\u00f3 pela sua musicalidade contagiante, mas tamb\u00e9m pela sua presen\u00e7a marcante nos eventos locais.\u00a0<\/p>\n\n\n\n<p>\u00c0s 16h, ser\u00e1 a vez da Banda Os Piratas subir ao palco e embalar o p\u00fablico com os maiores hits da atualidade do forr\u00f3 e do piseiro. Com sua energia contagiante e repert\u00f3rio diversificado, a banda promete fazer todos dan\u00e7arem e se divertirem at\u00e9 o fim da festa.<\/p>\n\n\n<div class=\"wp-block-image\">\n<figure class=\"aligncenter size-full\"><img fetchpriority=\"high\" decoding=\"async\" width=\"865\" height=\"584\" src=\"https:\/\/aconteceemmacaeeregiao.com.br\/wp-content\/uploads\/2024\/04\/Samba-Cartola-div.jpg\" alt=\"\" class=\"wp-image-16111\" srcset=\"https:\/\/aconteceemmacaeeregiao.com.br\/wp-content\/uploads\/2024\/04\/Samba-Cartola-div.jpg 865w, https:\/\/aconteceemmacaeeregiao.com.br\/wp-content\/uploads\/2024\/04\/Samba-Cartola-div-300x203.jpg 300w, https:\/\/aconteceemmacaeeregiao.com.br\/wp-content\/uploads\/2024\/04\/Samba-Cartola-div-768x519.jpg 768w\" sizes=\"(max-width: 865px) 100vw, 865px\" \/><figcaption class=\"wp-element-caption\">Samba Cartola &#8211; Foto: Divulga\u00e7\u00e3o<\/figcaption><\/figure>\n<\/div>\n\n\n<p>O secret\u00e1rio de Cultura, Patrim\u00f4nio Hist\u00f3rico e Lazer, Ailton Corr\u00eaa convida a todos para o evento.&nbsp;<\/p>\n\n\n\n<p>&#8220;Ser\u00e1 uma grande festa, uma grande <a href=\"https:\/\/aconteceemmacaeeregiao.com.br\/index.php\/2024\/04\/29\/central-do-trabalhador-de-macae-oferece-349-oportunidades-de-emprego\/\" title=\"Central do Trabalhador de Maca\u00e9 Oferece 349 Oportunidades de Emprego\">oportunidade<\/a> para os trabalhadores e trabalhadoras da nossa Quissam\u00e3 e munic\u00edpios vizinhos se reunirem para celebrar suas conquistas e desfrutar de momentos de lazer e divers\u00e3o. Ser\u00e1 uma tarde com muita alegria e anima\u00e7\u00e3o&#8221;, disse o secret\u00e1rio.<\/p>\n\n\n\n<p><em><a href=\"https:\/\/quissama.rj.gov.br\/quissama-promove-festa-do-dia-do-trabalhador-e-da-trabalhadora-no-parque-de-exposicoes\/\" title=\"\">Fonte Secom Pref de Quissam\u00e3<\/a><\/em><\/p>\n","protected":false},"excerpt":{"rendered":"<p>Neste feriado de 1\u00ba de maio, a Prefeitura de Quissam\u00e3 realizar\u00e1 uma festa para celebrar o Dia do Trabalhador e da Trabalhadora. O evento, que acontecer\u00e1 no Parque de Exposi\u00e7\u00f5es da cidade, promete reunir divers\u00e3o, m\u00fasica e entretenimento para todas as idades e com entrada gratuita. A programa\u00e7\u00e3o ter\u00e1 in\u00edcio \u00e0s 8h\u00a0 com torneio de [&hellip;]<\/p>\n","protected":false},"author":2,"featured_media":16110,"comment_status":"closed","ping_status":"closed","sticky":false,"template":"","format":"standard","meta":{"postBodyCss":"","postBodyMargin":[],"postBodyPadding":[],"postBodyBackground":{"backgroundType":"classic","gradient":""},"footnotes":""},"categories":[86,46,50,43],"tags":[517,630,474,90],"class_list":["post-16108","post","type-post","status-publish","format-standard","has-post-thumbnail","hentry","category-cultura","category-diversao","category-quissama","category-regiao","tag-dia-do-trabalhador","tag-festa","tag-parque-de-exposicao","tag-shows"],"aioseo_notices":[],"_links":{"self":[{"href":"https:\/\/aconteceemmacaeeregiao.com.br\/index.php\/wp-json\/wp\/v2\/posts\/16108","targetHints":{"allow":["GET"]}}],"collection":[{"href":"https:\/\/aconteceemmacaeeregiao.com.br\/index.php\/wp-json\/wp\/v2\/posts"}],"about":[{"href":"https:\/\/aconteceemmacaeeregiao.com.br\/index.php\/wp-json\/wp\/v2\/types\/post"}],"author":[{"embeddable":true,"href":"https:\/\/aconteceemmacaeeregiao.com.br\/index.php\/wp-json\/wp\/v2\/users\/2"}],"replies":[{"embeddable":true,"href":"https:\/\/aconteceemmacaeeregiao.com.br\/index.php\/wp-json\/wp\/v2\/comments?post=16108"}],"version-history":[{"count":0,"href":"https:\/\/aconteceemmacaeeregiao.com.br\/index.php\/wp-json\/wp\/v2\/posts\/16108\/revisions"}],"wp:featuredmedia":[{"embeddable":true,"href":"https:\/\/aconteceemmacaeeregiao.com.br\/index.php\/wp-json\/wp\/v2\/media\/16110"}],"wp:attachment":[{"href":"https:\/\/aconteceemmacaeeregiao.com.br\/index.php\/wp-json\/wp\/v2\/media?parent=16108"}],"wp:term":[{"taxonomy":"category","embeddable":true,"href":"https:\/\/aconteceemmacaeeregiao.com.br\/index.php\/wp-json\/wp\/v2\/categories?post=16108"},{"taxonomy":"post_tag","embeddable":true,"href":"https:\/\/aconteceemmacaeeregiao.com.br\/index.php\/wp-json\/wp\/v2\/tags?post=16108"}],"curies":[{"name":"wp","href":"https:\/\/api.w.org\/{rel}","templated":true}]}}