{"id":16113,"date":"2024-05-01T00:06:43","date_gmt":"2024-05-01T03:06:43","guid":{"rendered":"https:\/\/aconteceemmacaeeregiao.com.br\/?p=16113"},"modified":"2024-05-01T00:06:44","modified_gmt":"2024-05-01T03:06:44","slug":"escola-de-danca-celebra-o-dia-internacional-da-danca-com-oficina-de-improvisacao","status":"publish","type":"post","link":"https:\/\/aconteceemmacaeeregiao.com.br\/index.php\/2024\/05\/01\/escola-de-danca-celebra-o-dia-internacional-da-danca-com-oficina-de-improvisacao\/","title":{"rendered":"Escola de dan\u00e7a celebra o Dia Internacional da Dan\u00e7a com oficina de improvisa\u00e7\u00e3o"},"content":{"rendered":"\n<p>A Escola Municipal de Dan\u00e7a est\u00e1 preparando uma oportunidade especial para os apaixonados pela arte da dan\u00e7a em comemora\u00e7\u00e3o ao Dia Internacional da Dan\u00e7a, celebrado em<a href=\"https:\/\/aconteceemmacaeeregiao.com.br\/index.php\/2024\/04\/29\/escola-municipal-de-danca-celebra-o-dia-especial\/\" title=\"Escola Municipal de Dan\u00e7a celebra o dia especial\"> 29 de abril.<\/a> No pr\u00f3ximo dia 3 de maio, a professora Luize Helena Pessanha, renomada core\u00f3grafa e bailarina, ministrar\u00e1 a Oficina Improvisar na Escola, destinada a bailarinos e atores a partir dos 14 anos que buscam aprimoramento art\u00edstico.<\/p>\n\n\n\n<p>Com vagas limitadas, a oficina ser\u00e1 uma experi\u00eancia \u00fanica de dan\u00e7a sem movimentos pr\u00e9-determinados, explorando a conex\u00e3o com o impulso interno e baseada na Teoria dos Esfor\u00e7os de Rudolf Laban. Sob a dire\u00e7\u00e3o da <a href=\"https:\/\/aconteceemmacaeeregiao.com.br\/index.php\/2024\/04\/26\/escolas-polos-em-macae-garantem-inclusao-e-desenvolvimento\/\" title=\"Escolas Polos em Maca\u00e9 garantem inclus\u00e3o e desenvolvimento\">Escola <\/a>de Dan\u00e7a, Cl\u00e1udia Ten\u00f3rio, a oficina acontecer\u00e1 das 15h45 \u00e0s 17h30, estimulando a express\u00e3o e a criatividade dos participantes.<\/p>\n\n\n\n<p>As inscri\u00e7\u00f5es j\u00e1 est\u00e3o abertas e podem ser feitas <a href=\"https:\/\/forms.gle\/wGvGADx4okCKTKp68\" title=\"\">atrav\u00e9s do link disponibilizado pela escola<\/a> ou pelo WhatsApp (22) 99720 6407. N\u00e3o perca essa chance de aprimorar suas habilidades art\u00edsticas e explorar a <a href=\"https:\/\/aconteceemmacaeeregiao.com.br\/index.php\/2024\/02\/16\/ser-dona-do-proprio-brilho-a-importancia-da-autoestima-e-da-liberdade-do-julgamento-alheio\/\" title=\"Ser Dona do Pr\u00f3prio Brilho: A Import\u00e2ncia da autoestima e da liberdade do julgamento alheio\">liberdade<\/a> de express\u00e3o atrav\u00e9s do movimento!<\/p>\n\n\n\n<p><a href=\"https:\/\/macae.rj.gov.br\/noticias\/leitura\/noticia\/escola-de-danca-vai-promover-oficina-improvisar\" title=\"\"><em>Por Secom Pref de Maca\u00e9<\/em><\/a><\/p>\n","protected":false},"excerpt":{"rendered":"<p>A Escola Municipal de Dan\u00e7a est\u00e1 preparando uma oportunidade especial para os apaixonados pela arte da dan\u00e7a em comemora\u00e7\u00e3o ao Dia Internacional da Dan\u00e7a, celebrado em 29 de abril. No pr\u00f3ximo dia 3 de maio, a professora Luize Helena Pessanha, renomada core\u00f3grafa e bailarina, ministrar\u00e1 a Oficina Improvisar na Escola, destinada a bailarinos e atores [&hellip;]<\/p>\n","protected":false},"author":2,"featured_media":16115,"comment_status":"closed","ping_status":"closed","sticky":false,"template":"","format":"standard","meta":{"postBodyCss":"","postBodyMargin":[],"postBodyPadding":[],"postBodyBackground":{"backgroundType":"classic","gradient":""},"footnotes":""},"categories":[86,61,42],"tags":[215,455],"class_list":["post-16113","post","type-post","status-publish","format-standard","has-post-thumbnail","hentry","category-cultura","category-educacao","category-macae","tag-danca","tag-escola-publica"],"aioseo_notices":[],"_links":{"self":[{"href":"https:\/\/aconteceemmacaeeregiao.com.br\/index.php\/wp-json\/wp\/v2\/posts\/16113","targetHints":{"allow":["GET"]}}],"collection":[{"href":"https:\/\/aconteceemmacaeeregiao.com.br\/index.php\/wp-json\/wp\/v2\/posts"}],"about":[{"href":"https:\/\/aconteceemmacaeeregiao.com.br\/index.php\/wp-json\/wp\/v2\/types\/post"}],"author":[{"embeddable":true,"href":"https:\/\/aconteceemmacaeeregiao.com.br\/index.php\/wp-json\/wp\/v2\/users\/2"}],"replies":[{"embeddable":true,"href":"https:\/\/aconteceemmacaeeregiao.com.br\/index.php\/wp-json\/wp\/v2\/comments?post=16113"}],"version-history":[{"count":0,"href":"https:\/\/aconteceemmacaeeregiao.com.br\/index.php\/wp-json\/wp\/v2\/posts\/16113\/revisions"}],"wp:featuredmedia":[{"embeddable":true,"href":"https:\/\/aconteceemmacaeeregiao.com.br\/index.php\/wp-json\/wp\/v2\/media\/16115"}],"wp:attachment":[{"href":"https:\/\/aconteceemmacaeeregiao.com.br\/index.php\/wp-json\/wp\/v2\/media?parent=16113"}],"wp:term":[{"taxonomy":"category","embeddable":true,"href":"https:\/\/aconteceemmacaeeregiao.com.br\/index.php\/wp-json\/wp\/v2\/categories?post=16113"},{"taxonomy":"post_tag","embeddable":true,"href":"https:\/\/aconteceemmacaeeregiao.com.br\/index.php\/wp-json\/wp\/v2\/tags?post=16113"}],"curies":[{"name":"wp","href":"https:\/\/api.w.org\/{rel}","templated":true}]}}