{"id":16224,"date":"2024-05-04T23:09:12","date_gmt":"2024-05-05T02:09:12","guid":{"rendered":"https:\/\/aconteceemmacaeeregiao.com.br\/?p=16224"},"modified":"2024-05-04T23:09:13","modified_gmt":"2024-05-05T02:09:13","slug":"padrasto-e-preso-por-estuprar-a-enteada-de-9-anos","status":"publish","type":"post","link":"https:\/\/aconteceemmacaeeregiao.com.br\/index.php\/2024\/05\/04\/padrasto-e-preso-por-estuprar-a-enteada-de-9-anos\/","title":{"rendered":"Padrasto \u00e9 preso por estuprar a enteada de 9 anos"},"content":{"rendered":"\n<p>O caso chocante de abuso sexual envolvendo uma crian\u00e7a de apenas nove anos em Casimiro de Abreu (RJ) resultou na pris\u00e3o do padrasto, de 32 anos, nesta sexta-feira (3). A a\u00e7\u00e3o conjunta da <a href=\"https:\/\/aconteceemmacaeeregiao.com.br\/index.php\/2024\/04\/16\/policia-civil-age-rapidamente-e-prende-criminosos-na-regiao-dos-lagos\/\" title=\"Pol\u00edcia Civil age rapidamente e prende criminosos na Regi\u00e3o dos Lagos\">Pol\u00edcia Civil<\/a> e Militar foi desencadeada ap\u00f3s a divulga\u00e7\u00e3o de um v\u00eddeo perturbador, no qual o suspeito comete o crime, circulando amplamente na cidade por meio de um aplicativo de mensagens.<\/p>\n\n\n\n<p>A r\u00e1pida resposta das autoridades, motivada pela den\u00fancia dos moradores, resultou na pris\u00e3o em flagrante do homem, que j\u00e1 possu\u00eda antecedentes por tr\u00e1fico de drogas e estava sob monitoramento por tornozeleira eletr\u00f4nica. Al\u00e9m da v\u00edtima de nove anos, foi descoberto que o suspeito convivia com outra crian\u00e7a, de seis anos, aumentando a gravidade do caso.<\/p>\n\n\n\n<p>A delegada Carla Tavares, da <a href=\"https:\/\/aconteceemmacaeeregiao.com.br\/index.php\/2024\/03\/07\/homem-e-preso-por-crimes-de-violencia-domestica\/\" title=\"Homem \u00e9 preso por crimes de viol\u00eancia dom\u00e9stica\">121\u00aa DP<\/a>, destacou que a pris\u00e3o foi efetuada assim que a Pol\u00edcia Civil foi alertada, impedindo a poss\u00edvel fuga do acusado. A an\u00e1lise das imagens evidenciou que a crian\u00e7a vinha sendo v\u00edtima de abuso por um per\u00edodo prolongado, acrescentando ainda mais gravidade ao caso.<\/p>\n\n\n\n<p><em><a href=\"https:\/\/g1.globo.com\/rj\/regiao-dos-lagos\/noticia\/2024\/05\/04\/padrasto-e-preso-suspeito-de-estuprar-enteada-de-9-anos-em-casimiro-de-abreu.ghtml\" title=\"\">Fonte portal G1<\/a><\/em><\/p>\n","protected":false},"excerpt":{"rendered":"<p>O caso chocante de abuso sexual envolvendo uma crian\u00e7a de apenas nove anos em Casimiro de Abreu (RJ) resultou na pris\u00e3o do padrasto, de 32 anos, nesta sexta-feira (3). A a\u00e7\u00e3o conjunta da Pol\u00edcia Civil e Militar foi desencadeada ap\u00f3s a divulga\u00e7\u00e3o de um v\u00eddeo perturbador, no qual o suspeito comete o crime, circulando amplamente [&hellip;]<\/p>\n","protected":false},"author":2,"featured_media":16226,"comment_status":"closed","ping_status":"closed","sticky":false,"template":"","format":"standard","meta":{"postBodyCss":"","postBodyMargin":[],"postBodyPadding":[],"postBodyBackground":{"backgroundType":"classic","gradient":""},"footnotes":""},"categories":[122,47],"tags":[758,333,99,575],"class_list":["post-16224","post","type-post","status-publish","format-standard","has-post-thumbnail","hentry","category-casimiro-de-abreu","category-ocorrencias","tag-121-dp","tag-abuso-sexual","tag-crime","tag-preso"],"aioseo_notices":[],"_links":{"self":[{"href":"https:\/\/aconteceemmacaeeregiao.com.br\/index.php\/wp-json\/wp\/v2\/posts\/16224","targetHints":{"allow":["GET"]}}],"collection":[{"href":"https:\/\/aconteceemmacaeeregiao.com.br\/index.php\/wp-json\/wp\/v2\/posts"}],"about":[{"href":"https:\/\/aconteceemmacaeeregiao.com.br\/index.php\/wp-json\/wp\/v2\/types\/post"}],"author":[{"embeddable":true,"href":"https:\/\/aconteceemmacaeeregiao.com.br\/index.php\/wp-json\/wp\/v2\/users\/2"}],"replies":[{"embeddable":true,"href":"https:\/\/aconteceemmacaeeregiao.com.br\/index.php\/wp-json\/wp\/v2\/comments?post=16224"}],"version-history":[{"count":0,"href":"https:\/\/aconteceemmacaeeregiao.com.br\/index.php\/wp-json\/wp\/v2\/posts\/16224\/revisions"}],"wp:featuredmedia":[{"embeddable":true,"href":"https:\/\/aconteceemmacaeeregiao.com.br\/index.php\/wp-json\/wp\/v2\/media\/16226"}],"wp:attachment":[{"href":"https:\/\/aconteceemmacaeeregiao.com.br\/index.php\/wp-json\/wp\/v2\/media?parent=16224"}],"wp:term":[{"taxonomy":"category","embeddable":true,"href":"https:\/\/aconteceemmacaeeregiao.com.br\/index.php\/wp-json\/wp\/v2\/categories?post=16224"},{"taxonomy":"post_tag","embeddable":true,"href":"https:\/\/aconteceemmacaeeregiao.com.br\/index.php\/wp-json\/wp\/v2\/tags?post=16224"}],"curies":[{"name":"wp","href":"https:\/\/api.w.org\/{rel}","templated":true}]}}