{"id":16228,"date":"2024-05-04T23:29:35","date_gmt":"2024-05-05T02:29:35","guid":{"rendered":"https:\/\/aconteceemmacaeeregiao.com.br\/?p=16228"},"modified":"2024-05-04T23:29:36","modified_gmt":"2024-05-05T02:29:36","slug":"feijoada-da-liberdade-de-machadinha-10-anos-de-resistencia-cultura-e-luta-quilombola","status":"publish","type":"post","link":"https:\/\/aconteceemmacaeeregiao.com.br\/index.php\/2024\/05\/04\/feijoada-da-liberdade-de-machadinha-10-anos-de-resistencia-cultura-e-luta-quilombola\/","title":{"rendered":"Feijoada da Liberdade de Machadinha: 10 anos de resist\u00eancia, cultura e luta quilombola"},"content":{"rendered":"\n<p>A 10\u00aa edi\u00e7\u00e3o da Feijoada da Liberdade que acontecer\u00e1 no dia 11 de maio em Machadinha promete ser um evento marcante, n\u00e3o apenas pela celebra\u00e7\u00e3o <a href=\"https:\/\/aconteceemmacaeeregiao.com.br\/index.php\/2024\/04\/28\/rio-das-ostras-celebre-o-dia-do-nhoque-29-com-festival-gastronomico\/\" title=\"Rio das Ostras celebre o Dia do Nhoque (29) com festival gastron\u00f4mico\">gastron\u00f4mica<\/a>, mas tamb\u00e9m pela reflex\u00e3o e engajamento em quest\u00f5es importantes para a comunidade quilombola. Com o tema &#8220;Titularidade das Terras Quilombolas e Luta Contra o Racismo&#8221;, o evento refor\u00e7a a import\u00e2ncia hist\u00f3rica e cultural da comunidade, al\u00e9m de ressaltar a necessidade de garantir legalmente a posse dessas terras, que representam n\u00e3o apenas um espa\u00e7o f\u00edsico, mas tamb\u00e9m a conex\u00e3o ancestral e identit\u00e1ria do povo quilombola.<\/p>\n\n\n\n<p>A coordenadora do Grupo de Jongo Tambores de Machadinha, Jovana Azevedo, destaca a import\u00e2ncia deste marco: &#8220;Comemorar uma d\u00e9cada de Feijoada da Liberdade \u00e9 celebrar muito mais do que apenas um evento culin\u00e1rio. \u00c9 celebrar a for\u00e7a, a resist\u00eancia e a cultura de uma comunidade quilombola que se mant\u00e9m firme em suas tradi\u00e7\u00f5es h\u00e1 s\u00e9culos.&#8221;<\/p>\n\n\n\n<p>A programa\u00e7\u00e3o diversificada do evento, que inclui apresenta\u00e7\u00f5es culturais, roda de conversa e oficinas, reflete o compromisso em promover n\u00e3o apenas a cultura local, mas tamb\u00e9m a educa\u00e7\u00e3o e a <a href=\"https:\/\/aconteceemmacaeeregiao.com.br\/index.php\/2024\/04\/03\/abril-azul-educacao-inclusiva-e-conscientizacao-sobre-o-autismo\/\" title=\"Abril Azul: Educa\u00e7\u00e3o inclusiva e conscientiza\u00e7\u00e3o sobre o autismo\">conscientiza\u00e7\u00e3o<\/a> sobre quest\u00f5es relevantes para a comunidade. A Feijoada da Liberdade de Machadinha se destaca como um s\u00edmbolo de resist\u00eancia e renova\u00e7\u00e3o do compromisso de lutar por igualdade e justi\u00e7a, reafirmando a import\u00e2ncia da comunidade quilombola na constru\u00e7\u00e3o da identidade nacional.<\/p>\n\n\n\n<p>Confira a programa\u00e7\u00e3o completa abaixo:<\/p>\n\n\n\n<p>8h: Abertura<br>8h20: Apresenta\u00e7\u00e3o da Escola Municipal Felizarda Maria Concei\u00e7\u00e3o Azevedo<br>9h30: Apresenta\u00e7\u00e3o da Banda de Lata Maria Josefa Souza Pessanha<br>10h: Missa Afro<br>11h30: Roda de conversa \u201cE a titula\u00e7\u00e3o das terras, como anda?\u201d<br>12h30: Feijoada<br>14h: Show de Samba<br>16h: Conta\u00e7\u00e3o de Hist\u00f3rias Quilombolas<br>16h30: Oficina de Jongo<br>18h: Prepara\u00e7\u00e3o do Grupo de Jongo Tambores de Machadinha<br>18h30: Fogueira e Roda de Jongo Tambores de Machadinha<br>20h: Show de Forr\u00f3<br>22h: Encerramento<\/p>\n\n\n\n<p><em><a href=\"https:\/\/quissama.rj.gov.br\/tradicional-feijoada-da-liberdade-chega-a-10a-edicao-e-sera-no-dia-11-de-maio\/\" title=\"\">Fonte Secom Pref de Quissam\u00e3<\/a><\/em><\/p>\n","protected":false},"excerpt":{"rendered":"<p>A 10\u00aa edi\u00e7\u00e3o da Feijoada da Liberdade que acontecer\u00e1 no dia 11 de maio em Machadinha promete ser um evento marcante, n\u00e3o apenas pela celebra\u00e7\u00e3o gastron\u00f4mica, mas tamb\u00e9m pela reflex\u00e3o e engajamento em quest\u00f5es importantes para a comunidade quilombola. Com o tema &#8220;Titularidade das Terras Quilombolas e Luta Contra o Racismo&#8221;, o evento refor\u00e7a a [&hellip;]<\/p>\n","protected":false},"author":2,"featured_media":16230,"comment_status":"closed","ping_status":"closed","sticky":false,"template":"","format":"standard","meta":{"postBodyCss":"","postBodyMargin":[],"postBodyPadding":[],"postBodyBackground":{"backgroundType":"classic","gradient":""},"footnotes":""},"categories":[86,200,50,43],"tags":[106,184,768],"class_list":["post-16228","post","type-post","status-publish","format-standard","has-post-thumbnail","hentry","category-cultura","category-evento","category-quissama","category-regiao","tag-cultural","tag-gastronomia","tag-quilombola"],"aioseo_notices":[],"_links":{"self":[{"href":"https:\/\/aconteceemmacaeeregiao.com.br\/index.php\/wp-json\/wp\/v2\/posts\/16228","targetHints":{"allow":["GET"]}}],"collection":[{"href":"https:\/\/aconteceemmacaeeregiao.com.br\/index.php\/wp-json\/wp\/v2\/posts"}],"about":[{"href":"https:\/\/aconteceemmacaeeregiao.com.br\/index.php\/wp-json\/wp\/v2\/types\/post"}],"author":[{"embeddable":true,"href":"https:\/\/aconteceemmacaeeregiao.com.br\/index.php\/wp-json\/wp\/v2\/users\/2"}],"replies":[{"embeddable":true,"href":"https:\/\/aconteceemmacaeeregiao.com.br\/index.php\/wp-json\/wp\/v2\/comments?post=16228"}],"version-history":[{"count":0,"href":"https:\/\/aconteceemmacaeeregiao.com.br\/index.php\/wp-json\/wp\/v2\/posts\/16228\/revisions"}],"wp:featuredmedia":[{"embeddable":true,"href":"https:\/\/aconteceemmacaeeregiao.com.br\/index.php\/wp-json\/wp\/v2\/media\/16230"}],"wp:attachment":[{"href":"https:\/\/aconteceemmacaeeregiao.com.br\/index.php\/wp-json\/wp\/v2\/media?parent=16228"}],"wp:term":[{"taxonomy":"category","embeddable":true,"href":"https:\/\/aconteceemmacaeeregiao.com.br\/index.php\/wp-json\/wp\/v2\/categories?post=16228"},{"taxonomy":"post_tag","embeddable":true,"href":"https:\/\/aconteceemmacaeeregiao.com.br\/index.php\/wp-json\/wp\/v2\/tags?post=16228"}],"curies":[{"name":"wp","href":"https:\/\/api.w.org\/{rel}","templated":true}]}}