{"id":16280,"date":"2024-05-08T00:52:14","date_gmt":"2024-05-08T03:52:14","guid":{"rendered":"https:\/\/aconteceemmacaeeregiao.com.br\/?p=16280"},"modified":"2024-05-08T00:52:14","modified_gmt":"2024-05-08T03:52:14","slug":"quissama-recebe-encontros-com-o-theatro-municipal-do-rio-de-janeiro","status":"publish","type":"post","link":"https:\/\/aconteceemmacaeeregiao.com.br\/index.php\/2024\/05\/08\/quissama-recebe-encontros-com-o-theatro-municipal-do-rio-de-janeiro\/","title":{"rendered":"Quissam\u00e3 recebe &#8216;Encontros com o Theatro Municipal do Rio de Janeiro&#8217;"},"content":{"rendered":"\n<p>Na pr\u00f3xima quinta-feira, dia 9, Quissam\u00e3 ser\u00e1 palco do evento &#8220;Encontros com o Theatro Municipal do Rio de Janeiro&#8221;, que acontecer\u00e1 no Audit\u00f3rio da Prefeitura com entrada gratuita, a partir das 14h. O evento \u00e9 realizado pela Secretaria de Cultura e Economia Criativa do Estado do Rio de Janeiro, com o apoio da Prefeitura de Quissam\u00e3.<\/p>\n\n\n\n<p>Com o tema &#8220;Um di\u00e1logo com as institui\u00e7\u00f5es e seus projetos&#8221;, o encontro visa atender melhor os munic\u00edpios do Norte Fluminense e promover a ades\u00e3o aos projetos culturais do Governo do Estado. Al\u00e9m de <a href=\"https:\/\/aconteceemmacaeeregiao.com.br\/index.php\/2024\/04\/29\/importante-iniciativa-em-quissama-para-doacoes-de-sangue\/\" title=\"Importante iniciativa em Quissam\u00e3 para doa\u00e7\u00f5es de sangue\">Quissam\u00e3<\/a>, representantes dos munic\u00edpios de Concei\u00e7\u00e3o de Macabu e Carapebus tamb\u00e9m estar\u00e3o presentes.<\/p>\n\n\n\n<p>O secret\u00e1rio de Cultura, Patrim\u00f4nio Hist\u00f3rico e Lazer de Quissam\u00e3, Ailton Correia, destacou a import\u00e2ncia do evento para estreitar a rela\u00e7\u00e3o com o Theatro Municipal do Rio de Janeiro e a Secretaria Estadual de Cultura e Economia Criativa, fortalecendo <a href=\"https:\/\/aconteceemmacaeeregiao.com.br\/index.php\/2024\/05\/02\/parcerias-oferecem-60-mil-bolsas-para-curso-de-tecnologia\/\" title=\"Parcerias oferecem 60 mil bolsas para curso de tecnologia\">parcerias <\/a>e apresentando demandas importantes.<\/p>\n\n\n\n<p>Todos os envolvidos na cultura de Quissam\u00e3 e das cidades vizinhas est\u00e3o convidados a participar deste momento de di\u00e1logo. A presidente do Theatro Municipal do Rio de Janeiro, Clara Paulino, ressaltou que o evento \u00e9 um espa\u00e7o de troca com os fazedores e gestores de cultura, com o objetivo de apresentar projetos e esclarecer d\u00favidas, visando o aproveitamento do Theatro Municipal como equipamento p\u00fablico do Estado do Rio de Janeiro.<\/p>\n\n\n\n<p><em><a href=\"https:\/\/quissama.rj.gov.br\/\" title=\"\">Fonte Secom Pref de Quissam\u00e3<\/a><\/em><\/p>\n","protected":false},"excerpt":{"rendered":"<p>Na pr\u00f3xima quinta-feira, dia 9, Quissam\u00e3 ser\u00e1 palco do evento &#8220;Encontros com o Theatro Municipal do Rio de Janeiro&#8221;, que acontecer\u00e1 no Audit\u00f3rio da Prefeitura com entrada gratuita, a partir das 14h. O evento \u00e9 realizado pela Secretaria de Cultura e Economia Criativa do Estado do Rio de Janeiro, com o apoio da Prefeitura de [&hellip;]<\/p>\n","protected":false},"author":2,"featured_media":16282,"comment_status":"closed","ping_status":"closed","sticky":false,"template":"","format":"standard","meta":{"postBodyCss":"","postBodyMargin":[],"postBodyPadding":[],"postBodyBackground":{"backgroundType":"classic","gradient":""},"footnotes":""},"categories":[86,200,50,43],"tags":[921,74,83],"class_list":["post-16280","post","type-post","status-publish","format-standard","has-post-thumbnail","hentry","category-cultura","category-evento","category-quissama","category-regiao","tag-encontro","tag-rio-de-janeiro","tag-teatro"],"aioseo_notices":[],"_links":{"self":[{"href":"https:\/\/aconteceemmacaeeregiao.com.br\/index.php\/wp-json\/wp\/v2\/posts\/16280","targetHints":{"allow":["GET"]}}],"collection":[{"href":"https:\/\/aconteceemmacaeeregiao.com.br\/index.php\/wp-json\/wp\/v2\/posts"}],"about":[{"href":"https:\/\/aconteceemmacaeeregiao.com.br\/index.php\/wp-json\/wp\/v2\/types\/post"}],"author":[{"embeddable":true,"href":"https:\/\/aconteceemmacaeeregiao.com.br\/index.php\/wp-json\/wp\/v2\/users\/2"}],"replies":[{"embeddable":true,"href":"https:\/\/aconteceemmacaeeregiao.com.br\/index.php\/wp-json\/wp\/v2\/comments?post=16280"}],"version-history":[{"count":0,"href":"https:\/\/aconteceemmacaeeregiao.com.br\/index.php\/wp-json\/wp\/v2\/posts\/16280\/revisions"}],"wp:featuredmedia":[{"embeddable":true,"href":"https:\/\/aconteceemmacaeeregiao.com.br\/index.php\/wp-json\/wp\/v2\/media\/16282"}],"wp:attachment":[{"href":"https:\/\/aconteceemmacaeeregiao.com.br\/index.php\/wp-json\/wp\/v2\/media?parent=16280"}],"wp:term":[{"taxonomy":"category","embeddable":true,"href":"https:\/\/aconteceemmacaeeregiao.com.br\/index.php\/wp-json\/wp\/v2\/categories?post=16280"},{"taxonomy":"post_tag","embeddable":true,"href":"https:\/\/aconteceemmacaeeregiao.com.br\/index.php\/wp-json\/wp\/v2\/tags?post=16280"}],"curies":[{"name":"wp","href":"https:\/\/api.w.org\/{rel}","templated":true}]}}