{"id":16309,"date":"2024-05-08T21:16:52","date_gmt":"2024-05-09T00:16:52","guid":{"rendered":"https:\/\/aconteceemmacaeeregiao.com.br\/?p=16309"},"modified":"2024-05-08T21:16:52","modified_gmt":"2024-05-09T00:16:52","slug":"balcao-do-consumidor-na-cidade-universitaria-apoio-e-assistencia-aos-cidadaos","status":"publish","type":"post","link":"https:\/\/aconteceemmacaeeregiao.com.br\/index.php\/2024\/05\/08\/balcao-do-consumidor-na-cidade-universitaria-apoio-e-assistencia-aos-cidadaos\/","title":{"rendered":"Balc\u00e3o do Consumidor na Cidade Universit\u00e1ria: Apoio e assist\u00eancia aos cidad\u00e3os"},"content":{"rendered":"\n<p>Uma nova facilidade est\u00e1 \u00e0 disposi\u00e7\u00e3o dos consumidores na Cidade Universit\u00e1ria, proporcionando atendimento pr\u00f3ximo e acess\u00edvel. Localizado no Bloco A, t\u00e9rreo, no Escrit\u00f3rio de Pesquisa e Extens\u00e3o do campus Maca\u00e9 da Universidade Federal Fluminense (UFF), o Balc\u00e3o do Consumidor opera para atender \u00e0s necessidades das segundas-feiras, das 9h \u00e0s 12h30; e \u00e0s ter\u00e7as e quartas-feiras, das 13h30 \u00e0s 17h.<\/p>\n\n\n\n<p>Fruto de um conv\u00eanio entre a Prefeitura de Maca\u00e9, por meio da Secretaria Municipal Adjunta de Prote\u00e7\u00e3o e Defesa do Consumidor (<a href=\"https:\/\/aconteceemmacaeeregiao.com.br\/index.php\/2024\/03\/04\/procon-macae-promove-programacao-especial-para-o-mes-do-consumidor\/\" title=\"Procon Maca\u00e9 promove programa\u00e7\u00e3o especial para o \u2018M\u00eas do Consumidor\u2019\">Procon Maca\u00e9<\/a>), e a UFF Maca\u00e9, esse espa\u00e7o \u00e9 supervisionado pelo Procon Maca\u00e9 e conta com a participa\u00e7\u00e3o de quatro extensionistas do curso de Direito da UFF Maca\u00e9, incluindo um int\u00e9rprete de L\u00edngua Brasileira de Sinais (Libras) para pessoas com defici\u00eancia auditiva.<\/p>\n\n\n\n<p>O objetivo principal \u00e9 oferecer um atendimento inclusivo e eficiente, ajudando na resolu\u00e7\u00e3o de conflitos de forma extrajudicial. Os interessados em receber atendimento devem apresentar comprovante de resid\u00eancia, carteira de identidade, CPF e documenta\u00e7\u00e3o comprobat\u00f3ria da reclama\u00e7\u00e3o, como nota fiscal. O Balc\u00e3o n\u00e3o s\u00f3 oferece atendimento ao <a href=\"https:\/\/aconteceemmacaeeregiao.com.br\/index.php\/2024\/03\/04\/procon-macae-promove-programacao-especial-para-o-mes-do-consumidor\/\" title=\"Procon Maca\u00e9 promove programa\u00e7\u00e3o especial para o \u2018M\u00eas do Consumidor\u2019\">consumidor<\/a>, mas tamb\u00e9m encaminha e agenda audi\u00eancias, que s\u00e3o realizadas na sede do Procon Maca\u00e9.<\/p>\n\n\n\n<p>Esse projeto, al\u00e9m de ser uma oportunidade de<a href=\"https:\/\/aconteceemmacaeeregiao.com.br\/index.php\/2024\/05\/06\/estado-com-3-084-vagas-emprego-formal-estagio-e-jovem-aprendiz\/\" title=\"Estado com 3.084 vagas: Emprego formal, est\u00e1gio e jovem aprendiz\"> est\u00e1gio<\/a> para os alunos de Direito da UFF, representa um grande benef\u00edcio para a comunidade local. Agradeceu L\u00facia d\u00b4Aquino, professora da UFF, destacando a import\u00e2ncia do projeto para a sociedade.<\/p>\n\n\n\n<p>A Cidade Universit\u00e1ria est\u00e1 localizada na Avenida Alu\u00edzio da Silva Gomes, 50, Granja dos Cavaleiros. J\u00e1 o Procon Maca\u00e9 est\u00e1 situado na Avenida Presidente Feliciano Sodr\u00e9, 466, no t\u00e9rreo do Centro Administrativo Luiz Os\u00f3rio (Cealo), no Centro da cidade.<\/p>\n\n\n\n<p>O atendimento presencial ao p\u00fablico \u00e9 realizado de segunda a sexta-feira, das 9h \u00e0s 17h (com fornecimento de senhas at\u00e9 as 16h); e o atendimento virtual pode ser feito pelo e-mail <a>atendimento.procon@macae.rj.gov.br<\/a>. Para mais informa\u00e7\u00f5es, os interessados tamb\u00e9m podem contatar o Procon pelo telefone (22) 2759-0801.<\/p>\n\n\n\n<p><em><a href=\"https:\/\/macae.rj.gov.br\/noticias\/leitura\/noticia\/balcao-do-consumidor-na-cidade-universitaria-disponivel-aos-cidadaos\" title=\"\">Fonte Secom pref de Maca\u00e9<\/a><\/em><\/p>\n","protected":false},"excerpt":{"rendered":"<p>Uma nova facilidade est\u00e1 \u00e0 disposi\u00e7\u00e3o dos consumidores na Cidade Universit\u00e1ria, proporcionando atendimento pr\u00f3ximo e acess\u00edvel. Localizado no Bloco A, t\u00e9rreo, no Escrit\u00f3rio de Pesquisa e Extens\u00e3o do campus Maca\u00e9 da Universidade Federal Fluminense (UFF), o Balc\u00e3o do Consumidor opera para atender \u00e0s necessidades das segundas-feiras, das 9h \u00e0s 12h30; e \u00e0s ter\u00e7as e quartas-feiras, [&hellip;]<\/p>\n","protected":false},"author":2,"featured_media":16311,"comment_status":"closed","ping_status":"closed","sticky":false,"template":"","format":"standard","meta":{"postBodyCss":"","postBodyMargin":[],"postBodyPadding":[],"postBodyBackground":{"backgroundType":"classic","gradient":""},"footnotes":""},"categories":[45,42],"tags":[337,276,256],"class_list":["post-16309","post","type-post","status-publish","format-standard","has-post-thumbnail","hentry","category-economia","category-macae","tag-cidade-universitaria","tag-consumidor","tag-procon"],"aioseo_notices":[],"_links":{"self":[{"href":"https:\/\/aconteceemmacaeeregiao.com.br\/index.php\/wp-json\/wp\/v2\/posts\/16309","targetHints":{"allow":["GET"]}}],"collection":[{"href":"https:\/\/aconteceemmacaeeregiao.com.br\/index.php\/wp-json\/wp\/v2\/posts"}],"about":[{"href":"https:\/\/aconteceemmacaeeregiao.com.br\/index.php\/wp-json\/wp\/v2\/types\/post"}],"author":[{"embeddable":true,"href":"https:\/\/aconteceemmacaeeregiao.com.br\/index.php\/wp-json\/wp\/v2\/users\/2"}],"replies":[{"embeddable":true,"href":"https:\/\/aconteceemmacaeeregiao.com.br\/index.php\/wp-json\/wp\/v2\/comments?post=16309"}],"version-history":[{"count":0,"href":"https:\/\/aconteceemmacaeeregiao.com.br\/index.php\/wp-json\/wp\/v2\/posts\/16309\/revisions"}],"wp:featuredmedia":[{"embeddable":true,"href":"https:\/\/aconteceemmacaeeregiao.com.br\/index.php\/wp-json\/wp\/v2\/media\/16311"}],"wp:attachment":[{"href":"https:\/\/aconteceemmacaeeregiao.com.br\/index.php\/wp-json\/wp\/v2\/media?parent=16309"}],"wp:term":[{"taxonomy":"category","embeddable":true,"href":"https:\/\/aconteceemmacaeeregiao.com.br\/index.php\/wp-json\/wp\/v2\/categories?post=16309"},{"taxonomy":"post_tag","embeddable":true,"href":"https:\/\/aconteceemmacaeeregiao.com.br\/index.php\/wp-json\/wp\/v2\/tags?post=16309"}],"curies":[{"name":"wp","href":"https:\/\/api.w.org\/{rel}","templated":true}]}}