{"id":16329,"date":"2024-05-09T21:48:05","date_gmt":"2024-05-10T00:48:05","guid":{"rendered":"https:\/\/aconteceemmacaeeregiao.com.br\/?p=16329"},"modified":"2024-05-09T21:54:23","modified_gmt":"2024-05-10T00:54:23","slug":"alerta-de-seguranca-procon-fiscaliza-lotes-do-detergente-ype-em-macae","status":"publish","type":"post","link":"https:\/\/aconteceemmacaeeregiao.com.br\/index.php\/2024\/05\/09\/alerta-de-seguranca-procon-fiscaliza-lotes-do-detergente-ype-em-macae\/","title":{"rendered":"Alerta de seguran\u00e7a: Procon fiscaliza lotes do detergente Yp\u00ea em Maca\u00e9"},"content":{"rendered":"\n<p>A Secretaria Adjunta de Prote\u00e7\u00e3o e Defesa do Consumidor (<a href=\"https:\/\/aconteceemmacaeeregiao.com.br\/index.php\/2024\/03\/04\/procon-macae-promove-programacao-especial-para-o-mes-do-consumidor\/\" title=\"Procon Maca\u00e9 promove programa\u00e7\u00e3o especial para o \u2018M\u00eas do Consumidor\u2019\">Procon Maca\u00e9<\/a>) iniciou uma fiscaliza\u00e7\u00e3o nos estabelecimentos comerciais do munic\u00edpio para recolher o detergente lava lou\u00e7as Yp\u00ea devido a desvios identificados em par\u00e2metros de produ\u00e7\u00e3o pela <a href=\"https:\/\/aconteceemmacaeeregiao.com.br\/index.php\/2023\/02\/10\/procon-macae-notifica-sobre-venda-de-pomadas-proibidas-pela-anvisa\/\" title=\"Procon Maca\u00e9 notifica sobre venda de pomadas proibidas pela Anvisa\">Anvisa<\/a>. A an\u00e1lise apontou potencial risco de contamina\u00e7\u00e3o microbiol\u00f3gica nos lotes fabricados em julho, agosto, setembro, novembro e dezembro de 2022, com final de lote identificado por &#8216;1&#8217; ou &#8216;3.<\/p>\n\n\n\n<p>A Pol\u00edtica Nacional das Rela\u00e7\u00f5es de Consumo preconiza a informa\u00e7\u00e3o e educa\u00e7\u00e3o de fornecedores e consumidores sobre direitos e deveres, visando a melhoria do mercado de consumo. A secret\u00e1ria de Prote\u00e7\u00e3o e Defesa do <a href=\"https:\/\/aconteceemmacaeeregiao.com.br\/index.php\/2024\/05\/08\/balcao-do-consumidor-na-cidade-universitaria-apoio-e-assistencia-aos-cidadaos\/\" title=\"Balc\u00e3o do Consumidor na Cidade Universit\u00e1ria: Apoio e assist\u00eancia aos cidad\u00e3os\">Consumido<\/a>r, J\u00falia Holst, orienta que os estabelecimentos e consumidores verifiquem os lotes comercializados e alertem o Procon caso encontrem produtos dos lotes mencionados.<\/p>\n\n\n\n<p>Para mais informa\u00e7\u00f5es, entre em contato pelos telefones (22) 2759-0801 \/ (22) 2765-8700 ou pelo e-mail <a>procon@macae.rj.gov.br<\/a>.<\/p>\n\n\n\n<p><em>Fonte Secom pref de Maca\u00e9<\/em><\/p>\n","protected":false},"excerpt":{"rendered":"<p>A Secretaria Adjunta de Prote\u00e7\u00e3o e Defesa do Consumidor (Procon Maca\u00e9) iniciou uma fiscaliza\u00e7\u00e3o nos estabelecimentos comerciais do munic\u00edpio para recolher o detergente lava lou\u00e7as Yp\u00ea devido a desvios identificados em par\u00e2metros de produ\u00e7\u00e3o pela Anvisa. A an\u00e1lise apontou potencial risco de contamina\u00e7\u00e3o microbiol\u00f3gica nos lotes fabricados em julho, agosto, setembro, novembro e dezembro de [&hellip;]<\/p>\n","protected":false},"author":2,"featured_media":16331,"comment_status":"closed","ping_status":"closed","sticky":false,"template":"","format":"standard","meta":{"postBodyCss":"","postBodyMargin":[],"postBodyPadding":[],"postBodyBackground":{"backgroundType":"classic","gradient":""},"footnotes":""},"categories":[45,42],"tags":[274,276],"class_list":["post-16329","post","type-post","status-publish","format-standard","has-post-thumbnail","hentry","category-economia","category-macae","tag-anvisa","tag-consumidor"],"aioseo_notices":[],"_links":{"self":[{"href":"https:\/\/aconteceemmacaeeregiao.com.br\/index.php\/wp-json\/wp\/v2\/posts\/16329","targetHints":{"allow":["GET"]}}],"collection":[{"href":"https:\/\/aconteceemmacaeeregiao.com.br\/index.php\/wp-json\/wp\/v2\/posts"}],"about":[{"href":"https:\/\/aconteceemmacaeeregiao.com.br\/index.php\/wp-json\/wp\/v2\/types\/post"}],"author":[{"embeddable":true,"href":"https:\/\/aconteceemmacaeeregiao.com.br\/index.php\/wp-json\/wp\/v2\/users\/2"}],"replies":[{"embeddable":true,"href":"https:\/\/aconteceemmacaeeregiao.com.br\/index.php\/wp-json\/wp\/v2\/comments?post=16329"}],"version-history":[{"count":0,"href":"https:\/\/aconteceemmacaeeregiao.com.br\/index.php\/wp-json\/wp\/v2\/posts\/16329\/revisions"}],"wp:featuredmedia":[{"embeddable":true,"href":"https:\/\/aconteceemmacaeeregiao.com.br\/index.php\/wp-json\/wp\/v2\/media\/16331"}],"wp:attachment":[{"href":"https:\/\/aconteceemmacaeeregiao.com.br\/index.php\/wp-json\/wp\/v2\/media?parent=16329"}],"wp:term":[{"taxonomy":"category","embeddable":true,"href":"https:\/\/aconteceemmacaeeregiao.com.br\/index.php\/wp-json\/wp\/v2\/categories?post=16329"},{"taxonomy":"post_tag","embeddable":true,"href":"https:\/\/aconteceemmacaeeregiao.com.br\/index.php\/wp-json\/wp\/v2\/tags?post=16329"}],"curies":[{"name":"wp","href":"https:\/\/api.w.org\/{rel}","templated":true}]}}