{"id":16419,"date":"2024-05-13T23:22:22","date_gmt":"2024-05-14T02:22:22","guid":{"rendered":"https:\/\/aconteceemmacaeeregiao.com.br\/?p=16419"},"modified":"2024-05-13T23:27:50","modified_gmt":"2024-05-14T02:27:50","slug":"macae-inicia-oferta-de-prep-mais-protecao-contra-o-hiv","status":"publish","type":"post","link":"https:\/\/aconteceemmacaeeregiao.com.br\/index.php\/2024\/05\/13\/macae-inicia-oferta-de-prep-mais-protecao-contra-o-hiv\/","title":{"rendered":"Maca\u00e9 inicia oferta de PrEP: Mais prote\u00e7\u00e3o contra o HIV"},"content":{"rendered":"\n<p>Em uma importante iniciativa para fortalecer a preven\u00e7\u00e3o do HIV, a Secretaria de Sa\u00fade de Maca\u00e9, por meio do Programa IST\/Aids, anuncia o in\u00edcio do acesso \u00e0 Profilaxia Pr\u00e9-Exposi\u00e7\u00e3o (PrEP) a partir de 20 de maio. Essa medida reflete o compromisso em expandir os servi\u00e7os de<a href=\"https:\/\/aconteceemmacaeeregiao.com.br\/?s=saude\" title=\" sa\u00fade\"> sa\u00fade<\/a> preventiva na regi\u00e3o. A coordenadora do programa, Sandra Barcelos, destaca o esfor\u00e7o da equipe t\u00e9cnica do Servi\u00e7o de Atendimento Especializado (SAE), que se capacitou para implementar a PrEP, sinalizando um avan\u00e7o significativo no combate \u00e0 infec\u00e7\u00e3o pelo v\u00edrus.<\/p>\n\n\n\n<p><strong>PrEP: Reduzindo Riscos com Conhecimento e Acesso<\/strong><\/p>\n\n\n\n<p>A PrEP \u00e9 uma estrat\u00e9gia preventiva comprovadamente eficaz quando utilizada corretamente, reduzindo consideravelmente o risco de transmiss\u00e3o do HIV. Sandra ressalta o compromisso em ampliar o acesso a essa ferramenta vital de preven\u00e7\u00e3o, garantindo que mais pessoas se beneficiem dessa prote\u00e7\u00e3o. O m\u00e9dico<a href=\"https:\/\/aconteceemmacaeeregiao.com.br\/index.php\/2024\/02\/27\/dengue-ou-gripe-infectologista-indica-como-diferenciar-sintomas\/\" title=\"Dengue ou gripe: Infectologista indica como diferenciar sintomas\"> infectologista<\/a> e diretor t\u00e9cnico do programa, Guilherme Ramos, enfatiza a import\u00e2ncia dessa abordagem para a popula\u00e7\u00e3o em risco, destacando que a PrEP \u00e9 direcionada a uma variedade de grupos, incluindo profissionais do sexo, homens que fazem sexo com homens, popula\u00e7\u00e3o trans e casais sorodiscordantes.<\/p>\n\n\n<div class=\"wp-block-image\">\n<figure class=\"aligncenter size-large\"><img fetchpriority=\"high\" decoding=\"async\" width=\"1024\" height=\"768\" src=\"https:\/\/aconteceemmacaeeregiao.com.br\/wp-content\/uploads\/2024\/05\/1715618780-1024x768.jpg\" alt=\"\" class=\"wp-image-16421\" srcset=\"https:\/\/aconteceemmacaeeregiao.com.br\/wp-content\/uploads\/2024\/05\/1715618780-1024x768.jpg 1024w, https:\/\/aconteceemmacaeeregiao.com.br\/wp-content\/uploads\/2024\/05\/1715618780-300x225.jpg 300w, https:\/\/aconteceemmacaeeregiao.com.br\/wp-content\/uploads\/2024\/05\/1715618780-768x576.jpg 768w, https:\/\/aconteceemmacaeeregiao.com.br\/wp-content\/uploads\/2024\/05\/1715618780-1536x1152.jpg 1536w, https:\/\/aconteceemmacaeeregiao.com.br\/wp-content\/uploads\/2024\/05\/1715618780.jpg 1600w\" sizes=\"(max-width: 1024px) 100vw, 1024px\" \/><figcaption class=\"wp-element-caption\">Equipe t\u00e9cnica passou por curso de capacita\u00e7\u00e3o para implementar a atividade &#8211; Foto: Divulga\u00e7\u00e3o<\/figcaption><\/figure>\n<\/div>\n\n\n<p><strong>Agendamento Facilitado para Acesso \u00e0 PrEP<\/strong><\/p>\n\n\n\n<p>Para garantir um acesso f\u00e1cil e organizado, o Servi\u00e7o de Profilaxia Pr\u00e9-Exposi\u00e7\u00e3o (PrEP) ao HIV ser\u00e1 disponibilizado mediante agendamento, a partir da pr\u00f3xima segunda-feira. Os <a href=\"https:\/\/aconteceemmacaeeregiao.com.br\/index.php\/2023\/08\/04\/saneamento-esteve-em-pauta-nos-primeiros-meses-de-2023-com-projetos-realizados-pela-brk\/\" title=\"Saneamento esteve em pauta nos primeiros meses de 2023 com projetos realizados pela BRK\">agendamentos<\/a> ser\u00e3o realizados presencialmente, facilitando o processo para os interessados. \u00c9 necess\u00e1rio apresentar um documento com foto e o cart\u00e3o do SUS do munic\u00edpio de Maca\u00e9. O programa IST\/Aids est\u00e1 localizado na Rua Alfredo Backer, 177, Centro, e mais informa\u00e7\u00f5es podem ser obtidas pelo telefone (22) 2796-1704 ou pelo e-mail <a>dstaids@macae.rj.gov.br<\/a>.<\/p>\n\n\n\n<p>Essa iniciativa representa um passo significativo na prote\u00e7\u00e3o da sa\u00fade p\u00fablica e no combate ao HIV em Maca\u00e9, demonstrando o compromisso da cidade em promover o bem-estar e a seguran\u00e7a de seus cidad\u00e3os.<\/p>\n\n\n\n<p><em><a href=\"https:\/\/www.macae.rj.gov.br\/noticias\/leitura\/noticia\/programa-istaids-vai-oferecer-profilaxia-pre-exposicao-prep-ao-hiv\" title=\"\">Fonte Secom Pref de Maca\u00e9<\/a><\/em><\/p>\n","protected":false},"excerpt":{"rendered":"<p>Em uma importante iniciativa para fortalecer a preven\u00e7\u00e3o do HIV, a Secretaria de Sa\u00fade de Maca\u00e9, por meio do Programa IST\/Aids, anuncia o in\u00edcio do acesso \u00e0 Profilaxia Pr\u00e9-Exposi\u00e7\u00e3o (PrEP) a partir de 20 de maio. Essa medida reflete o compromisso em expandir os servi\u00e7os de sa\u00fade preventiva na regi\u00e3o. A coordenadora do programa, Sandra [&hellip;]<\/p>\n","protected":false},"author":2,"featured_media":16422,"comment_status":"closed","ping_status":"closed","sticky":false,"template":"","format":"standard","meta":{"postBodyCss":"","postBodyMargin":[],"postBodyPadding":[],"postBodyBackground":{"backgroundType":"classic","gradient":""},"footnotes":""},"categories":[42],"tags":[928,89,118,296],"class_list":["post-16419","post","type-post","status-publish","format-standard","has-post-thumbnail","hentry","category-macae","tag-hiv","tag-prefeitura","tag-social","tag-virus"],"aioseo_notices":[],"_links":{"self":[{"href":"https:\/\/aconteceemmacaeeregiao.com.br\/index.php\/wp-json\/wp\/v2\/posts\/16419","targetHints":{"allow":["GET"]}}],"collection":[{"href":"https:\/\/aconteceemmacaeeregiao.com.br\/index.php\/wp-json\/wp\/v2\/posts"}],"about":[{"href":"https:\/\/aconteceemmacaeeregiao.com.br\/index.php\/wp-json\/wp\/v2\/types\/post"}],"author":[{"embeddable":true,"href":"https:\/\/aconteceemmacaeeregiao.com.br\/index.php\/wp-json\/wp\/v2\/users\/2"}],"replies":[{"embeddable":true,"href":"https:\/\/aconteceemmacaeeregiao.com.br\/index.php\/wp-json\/wp\/v2\/comments?post=16419"}],"version-history":[{"count":0,"href":"https:\/\/aconteceemmacaeeregiao.com.br\/index.php\/wp-json\/wp\/v2\/posts\/16419\/revisions"}],"wp:featuredmedia":[{"embeddable":true,"href":"https:\/\/aconteceemmacaeeregiao.com.br\/index.php\/wp-json\/wp\/v2\/media\/16422"}],"wp:attachment":[{"href":"https:\/\/aconteceemmacaeeregiao.com.br\/index.php\/wp-json\/wp\/v2\/media?parent=16419"}],"wp:term":[{"taxonomy":"category","embeddable":true,"href":"https:\/\/aconteceemmacaeeregiao.com.br\/index.php\/wp-json\/wp\/v2\/categories?post=16419"},{"taxonomy":"post_tag","embeddable":true,"href":"https:\/\/aconteceemmacaeeregiao.com.br\/index.php\/wp-json\/wp\/v2\/tags?post=16419"}],"curies":[{"name":"wp","href":"https:\/\/api.w.org\/{rel}","templated":true}]}}