{"id":16424,"date":"2024-05-13T23:38:21","date_gmt":"2024-05-14T02:38:21","guid":{"rendered":"https:\/\/aconteceemmacaeeregiao.com.br\/?p=16424"},"modified":"2024-05-13T23:42:22","modified_gmt":"2024-05-14T02:42:22","slug":"exposicao-a-casa-e-o-tempo-revela-a-historia-da-antiga-camara-de-macae","status":"publish","type":"post","link":"https:\/\/aconteceemmacaeeregiao.com.br\/index.php\/2024\/05\/13\/exposicao-a-casa-e-o-tempo-revela-a-historia-da-antiga-camara-de-macae\/","title":{"rendered":"Exposi\u00e7\u00e3o &#8220;A Casa e o Tempo&#8221; revela a hist\u00f3ria da Antiga C\u00e2mara de Maca\u00e9"},"content":{"rendered":"\n<p>A partir de 15 de maio, o Legislativo de Maca\u00e9 inaugura a<a href=\"https:\/\/aconteceemmacaeeregiao.com.br\/index.php\/2023\/09\/27\/solar-dos-mellos-recebe-exposicao-sobre-isis-maria\/\" title=\"Solar dos Mellos recebe exposi\u00e7\u00e3o sobre \u00cdsis Maria\"> exposi\u00e7\u00e3o<\/a> &#8220;A Casa e o Tempo&#8221;, que narra a hist\u00f3ria do pr\u00e9dio localizado na Pra\u00e7a G\u00ea Sardemberg, no Centro da cidade. Constru\u00edda em 1835, a sede da antiga C\u00e2mara testemunhou momentos marcantes, como a visita de Dom Pedro II em 1847, al\u00e9m de ter abrigado o Tribunal do J\u00fari e a prefeitura, e hoje, o Centro Cultural e o <a href=\"https:\/\/aconteceemmacaeeregiao.com.br\/index.php\/2023\/07\/10\/festival-destaca-a-luta-e-resistencia-das-mulheres-negras\/\" title=\"Festival destaca a luta e resist\u00eancia das mulheres negras\">Museu do Legislativo<\/a>.<\/p>\n\n\n\n<p>O projeto, idealizado e curado pelo servidor Meynardo Carvalho, abrange o per\u00edodo de 1835 a 2024, destacando eventos significativos, como a eleva\u00e7\u00e3o de Maca\u00e9 \u00e0 condi\u00e7\u00e3o de cidade em 1846 e seu papel como sede da administra\u00e7\u00e3o municipal de 1913 a 1992. A exposi\u00e7\u00e3o tamb\u00e9m destaca reformas importantes, como a amplia\u00e7\u00e3o do pr\u00e9dio em dire\u00e7\u00e3o \u00e0 Rua Direita em 1926\/1927, conferindo-lhe o formato neocl\u00e1ssico que conhecemos hoje.<\/p>\n\n\n\n<p>Segundo Meynardo, a exposi\u00e7\u00e3o foi uma solicita\u00e7\u00e3o do presidente do Legislativo, Cesinha (Cidadania), com o objetivo de tornar o espa\u00e7o p\u00fablico mais acess\u00edvel \u00e0 popula\u00e7\u00e3o, permitindo que conhe\u00e7am esse patrim\u00f4nio hist\u00f3rico de grande valor. Cesinha ressalta a import\u00e2ncia de resgatar a hist\u00f3ria de Maca\u00e9, especialmente para os mais jovens, destacando a evolu\u00e7\u00e3o da cidade desde sua origem como vila de pescadores at\u00e9 se tornar um polo de desenvolvimento com a chegada da ind\u00fastria petrol\u00edfera.<\/p>\n\n\n\n<p>A exposi\u00e7\u00e3o estar\u00e1 aberta ao p\u00fablico at\u00e9 novembro, de segunda a sexta-feira, das 9h \u00e0s 12h e das 13h \u00e0s 17h. As pe\u00e7as expostas incluem retratos do s\u00e9culo 19, como os do patricarca Francisco Domingues de Ara\u00fajo e de dona Isabel Joaquina Moura de Ara\u00fajo, al\u00e9m de uma r\u00e9plica do quadro de Pedro II, de Jules Le Chevret, de 1862, e uma ilustra\u00e7\u00e3o do prato comemorativo da visita imperial, de 1847.<\/p>\n\n\n\n<p>Com acessibilidade para <a href=\"https:\/\/aconteceemmacaeeregiao.com.br\/index.php\/2024\/04\/17\/camara-de-macae-aprova-projetos-importantes\/\" title=\"C\u00e2mara de Maca\u00e9 aprova projetos importantes\">deficientes<\/a> visuais e QR codes que fornecem informa\u00e7\u00f5es adicionais, a exposi\u00e7\u00e3o \u00e9 uma oportunidade \u00fanica para vivenciar a hist\u00f3ria de Maca\u00e9 atrav\u00e9s dos olhos desse pr\u00e9dio hist\u00f3rico. A mostra continuar\u00e1 at\u00e9 30 de novembro, na Pra\u00e7a G\u00ea Sardemberg, Avenida Rui Barbosa, 197, Centro.<\/p>\n\n\n\n<p><em><a href=\"https:\/\/cmmacae.rj.gov.br\/exposicao-conta-historia-do-predio-da-camara-antiga\/\" title=\"\">Fonte Ascom C\u00e2mara de Vereadores de Maca\u00e9<\/a><\/em><\/p>\n\n\n\n<p><\/p>\n","protected":false},"excerpt":{"rendered":"<p>A partir de 15 de maio, o Legislativo de Maca\u00e9 inaugura a exposi\u00e7\u00e3o &#8220;A Casa e o Tempo&#8221;, que narra a hist\u00f3ria do pr\u00e9dio localizado na Pra\u00e7a G\u00ea Sardemberg, no Centro da cidade. Constru\u00edda em 1835, a sede da antiga C\u00e2mara testemunhou momentos marcantes, como a visita de Dom Pedro II em 1847, al\u00e9m de [&hellip;]<\/p>\n","protected":false},"author":2,"featured_media":16427,"comment_status":"closed","ping_status":"closed","sticky":false,"template":"","format":"standard","meta":{"postBodyCss":"","postBodyMargin":[],"postBodyPadding":[],"postBodyBackground":{"backgroundType":"classic","gradient":""},"footnotes":""},"categories":[86,200,42],"tags":[94,185],"class_list":["post-16424","post","type-post","status-publish","format-standard","has-post-thumbnail","hentry","category-cultura","category-evento","category-macae","tag-camara-municipal-de-macae","tag-exposicao"],"aioseo_notices":[],"_links":{"self":[{"href":"https:\/\/aconteceemmacaeeregiao.com.br\/index.php\/wp-json\/wp\/v2\/posts\/16424","targetHints":{"allow":["GET"]}}],"collection":[{"href":"https:\/\/aconteceemmacaeeregiao.com.br\/index.php\/wp-json\/wp\/v2\/posts"}],"about":[{"href":"https:\/\/aconteceemmacaeeregiao.com.br\/index.php\/wp-json\/wp\/v2\/types\/post"}],"author":[{"embeddable":true,"href":"https:\/\/aconteceemmacaeeregiao.com.br\/index.php\/wp-json\/wp\/v2\/users\/2"}],"replies":[{"embeddable":true,"href":"https:\/\/aconteceemmacaeeregiao.com.br\/index.php\/wp-json\/wp\/v2\/comments?post=16424"}],"version-history":[{"count":0,"href":"https:\/\/aconteceemmacaeeregiao.com.br\/index.php\/wp-json\/wp\/v2\/posts\/16424\/revisions"}],"wp:featuredmedia":[{"embeddable":true,"href":"https:\/\/aconteceemmacaeeregiao.com.br\/index.php\/wp-json\/wp\/v2\/media\/16427"}],"wp:attachment":[{"href":"https:\/\/aconteceemmacaeeregiao.com.br\/index.php\/wp-json\/wp\/v2\/media?parent=16424"}],"wp:term":[{"taxonomy":"category","embeddable":true,"href":"https:\/\/aconteceemmacaeeregiao.com.br\/index.php\/wp-json\/wp\/v2\/categories?post=16424"},{"taxonomy":"post_tag","embeddable":true,"href":"https:\/\/aconteceemmacaeeregiao.com.br\/index.php\/wp-json\/wp\/v2\/tags?post=16424"}],"curies":[{"name":"wp","href":"https:\/\/api.w.org\/{rel}","templated":true}]}}