{"id":16433,"date":"2024-05-13T23:57:50","date_gmt":"2024-05-14T02:57:50","guid":{"rendered":"https:\/\/aconteceemmacaeeregiao.com.br\/?p=16433"},"modified":"2024-05-13T23:57:50","modified_gmt":"2024-05-14T02:57:50","slug":"rio-anuncia-3-521-vagas-de-emprego-estagio-e-jovem-aprendiz","status":"publish","type":"post","link":"https:\/\/aconteceemmacaeeregiao.com.br\/index.php\/2024\/05\/13\/rio-anuncia-3-521-vagas-de-emprego-estagio-e-jovem-aprendiz\/","title":{"rendered":"Rio anuncia 3.521 vagas de emprego, est\u00e1gio e jovem aprendiz"},"content":{"rendered":"\n<p>O governo do estado do Rio de Janeiro est\u00e1 divulgando esta semana um total de 3.521 oportunidades de emprego, est\u00e1gio e jovem aprendiz para os cidad\u00e3os fluminenses. S\u00e3o 1.526 vagas de emprego e 1.995 chances para quem est\u00e1 em busca de<a href=\"https:\/\/aconteceemmacaeeregiao.com.br\/index.php\/2024\/02\/06\/programa-de-estagio-da-firjan-inscricoes-abertas-para-estudantes-tecnicos-e-universitarios\/\" title=\"Programa de Est\u00e1gio da Firjan: Inscri\u00e7\u00f5es Abertas para estudantes t\u00e9cnicos e universit\u00e1rios\"> est\u00e1gio<\/a> ou programa de aprendizagem. A Secretaria de Estado de Trabalho e Renda est\u00e1 oferecendo essas oportunidades em parceria com o Sistema Nacional de Emprego (Sine), Funda\u00e7\u00e3o Mudes e Centro de Integra\u00e7\u00e3o Empresa Escola (CIEE).<\/p>\n\n\n\n<p><strong>Vagas de Emprego nas Regi\u00f5es Metropolitana, M\u00e9dio Para\u00edba e Serrana<\/strong><\/p>\n\n\n\n<p>As vagas de emprego est\u00e3o distribu\u00eddas principalmente nos setores de Servi\u00e7os e Com\u00e9rcio, com sal\u00e1rios que podem chegar a R$ 7.050. Na regi\u00e3o Metropolitana, h\u00e1 1.290 posi\u00e7\u00f5es, incluindo 342 exclusivas para pessoas com defici\u00eancia. Destacam-se <a href=\"https:\/\/aconteceemmacaeeregiao.com.br\/index.php\/2024\/04\/29\/central-do-trabalhador-de-macae-oferece-349-oportunidades-de-emprego\/\" title=\"Central do Trabalhador de Maca\u00e9 Oferece 349 Oportunidades de Emprego\">oportunidades<\/a> como fiscal de loja, t\u00e9cnico qu\u00edmico e motorista entregador. J\u00e1 no M\u00e9dio Para\u00edba, s\u00e3o 23 vagas com remunera\u00e7\u00f5es de um a dois sal\u00e1rios m\u00ednimos, como mec\u00e2nico de ve\u00edculos automotores e auxiliar de dentista. Na regi\u00e3o Serrana, a maioria das 213 vagas \u00e9 para Teres\u00f3polis, com sal\u00e1rios de um a dois sal\u00e1rios m\u00ednimos, incluindo vagas para ajudante de cozinha, carpinteiro e porteiro.<\/p>\n\n\n\n<p><strong>Est\u00e1gio e Jovem Aprendiz com Bolsas Aux\u00edlio de at\u00e9 R$ 2.000<\/strong><\/p>\n\n\n\n<p>A Funda\u00e7\u00e3o Mudes oferece 804 vagas de est\u00e1gio nos n\u00edveis Superior, M\u00e9dio e T\u00e9cnico, com bolsas-aux\u00edlio que podem chegar a R$ 2.000. J\u00e1 o CIEE disponibiliza 1.191 oportunidades de est\u00e1gio, sendo 727 para Ensino Superior e 464 para Ensino M\u00e9dio, t\u00e9cnico e jovem aprendiz.<\/p>\n\n\n\n<p><strong>Como se Candidatar<\/strong><\/p>\n\n\n\n<p>Para concorrer \u00e0s vagas de emprego, \u00e9 necess\u00e1rio manter cadastro e curr\u00edculos atualizados no Sistema Nacional de Emprego, dispon\u00edvel nos postos do Sine. J\u00e1 para est\u00e1gio e jovem aprendiz, os interessados podem se inscrever nos sites da Funda\u00e7\u00e3o <a href=\"https:\/\/www.mudes.org.br\/\" title=\"\">Mudes<\/a> e do <a href=\"http:\/\/www.ciee.org.br\/\" title=\"\">CIEE<\/a>. Todas as informa\u00e7\u00f5es detalhadas e endere\u00e7os das unidades podem ser consultadas no Painel Interativo de Vagas da Secretaria de Trabalho e Renda do estado, acess\u00edvel em <a href=\"http:\/\/www.trabalho.rj.gov.br\/\">http:\/\/www.trabalho.rj.gov.br\/<\/a>.<\/p>\n","protected":false},"excerpt":{"rendered":"<p>O governo do estado do Rio de Janeiro est\u00e1 divulgando esta semana um total de 3.521 oportunidades de emprego, est\u00e1gio e jovem aprendiz para os cidad\u00e3os fluminenses. S\u00e3o 1.526 vagas de emprego e 1.995 chances para quem est\u00e1 em busca de est\u00e1gio ou programa de aprendizagem. A Secretaria de Estado de Trabalho e Renda est\u00e1 [&hellip;]<\/p>\n","protected":false},"author":2,"featured_media":16435,"comment_status":"closed","ping_status":"closed","sticky":false,"template":"","format":"standard","meta":{"postBodyCss":"","postBodyMargin":[],"postBodyPadding":[],"postBodyBackground":{"backgroundType":"classic","gradient":""},"footnotes":""},"categories":[73],"tags":[121,82,74,87],"class_list":["post-16433","post","type-post","status-publish","format-standard","has-post-thumbnail","hentry","category-emprego","tag-governo-estadual","tag-oportunidade","tag-rio-de-janeiro","tag-vagas"],"aioseo_notices":[],"_links":{"self":[{"href":"https:\/\/aconteceemmacaeeregiao.com.br\/index.php\/wp-json\/wp\/v2\/posts\/16433","targetHints":{"allow":["GET"]}}],"collection":[{"href":"https:\/\/aconteceemmacaeeregiao.com.br\/index.php\/wp-json\/wp\/v2\/posts"}],"about":[{"href":"https:\/\/aconteceemmacaeeregiao.com.br\/index.php\/wp-json\/wp\/v2\/types\/post"}],"author":[{"embeddable":true,"href":"https:\/\/aconteceemmacaeeregiao.com.br\/index.php\/wp-json\/wp\/v2\/users\/2"}],"replies":[{"embeddable":true,"href":"https:\/\/aconteceemmacaeeregiao.com.br\/index.php\/wp-json\/wp\/v2\/comments?post=16433"}],"version-history":[{"count":0,"href":"https:\/\/aconteceemmacaeeregiao.com.br\/index.php\/wp-json\/wp\/v2\/posts\/16433\/revisions"}],"wp:featuredmedia":[{"embeddable":true,"href":"https:\/\/aconteceemmacaeeregiao.com.br\/index.php\/wp-json\/wp\/v2\/media\/16435"}],"wp:attachment":[{"href":"https:\/\/aconteceemmacaeeregiao.com.br\/index.php\/wp-json\/wp\/v2\/media?parent=16433"}],"wp:term":[{"taxonomy":"category","embeddable":true,"href":"https:\/\/aconteceemmacaeeregiao.com.br\/index.php\/wp-json\/wp\/v2\/categories?post=16433"},{"taxonomy":"post_tag","embeddable":true,"href":"https:\/\/aconteceemmacaeeregiao.com.br\/index.php\/wp-json\/wp\/v2\/tags?post=16433"}],"curies":[{"name":"wp","href":"https:\/\/api.w.org\/{rel}","templated":true}]}}