{"id":16584,"date":"2024-05-21T21:22:58","date_gmt":"2024-05-22T00:22:58","guid":{"rendered":"https:\/\/aconteceemmacaeeregiao.com.br\/?p=16584"},"modified":"2024-05-21T21:22:58","modified_gmt":"2024-05-22T00:22:58","slug":"defesa-civil-atualiza-boletim-de-atendimento-na-fronteira","status":"publish","type":"post","link":"https:\/\/aconteceemmacaeeregiao.com.br\/index.php\/2024\/05\/21\/defesa-civil-atualiza-boletim-de-atendimento-na-fronteira\/","title":{"rendered":"Defesa Civil atualiza boletim de atendimento na Fronteira"},"content":{"rendered":"\n<p><strong><em>O bairro foi atingido por forte ressaca do mar que causou eros\u00e3o costeira no \u00faltimo fim de semana<\/em><\/strong><\/p>\n\n\n\n<p>A Defesa Civil de Maca\u00e9 divulgou um boletim atualizado sobre o atendimento realizado no bairro Fronteira ap\u00f3s a forte ressaca do mar que causou eros\u00e3o costeira no \u00faltimo fim de semana. Entre as 9h de domingo (19) e \u00e0s 10h desta ter\u00e7a-feira (21), foram registradas 78 <a href=\"https:\/\/aconteceemmacaeeregiao.com.br\/index.php\/category\/ocorrencias\/\" title=\"ocorr\u00eancias\">ocorr\u00eancias<\/a>. As equipes continuam monitorando a \u00e1rea e refor\u00e7am a import\u00e2ncia de manter dist\u00e2ncia das \u00e1reas interditadas.<\/p>\n\n\n\n<p><strong>Detalhes das Ocorr\u00eancias:<\/strong><\/p>\n\n\n\n<ul class=\"wp-block-list\">\n<li><strong>Im\u00f3veis Interditados:<\/strong> 72, incluindo sete desabamentos parciais ou totais.<\/li>\n\n\n\n<li><strong>Desabrigados:<\/strong> Sete pessoas, reduzido para quatro com a implementa\u00e7\u00e3o de aluguel emergencial.<\/li>\n\n\n\n<li><strong>Desalojados:<\/strong> Inicialmente 195, atualmente em processo de realoca\u00e7\u00e3o.<\/li>\n\n\n\n<li><strong>Infraestrutura Danificada:<\/strong> Eros\u00e3o da pista resultou na queda de cinco postes.<\/li>\n<\/ul>\n\n\n\n<p>Os desalojados est\u00e3o recebendo atendimento no ponto de apoio no Centro de Conviv\u00eancia da Pra\u00e7a da Fronteira. A <a href=\"https:\/\/aconteceemmacaeeregiao.com.br\/index.php\/2024\/05\/08\/rio-grande-do-sul-defesa-civil-e-cruz-vermelha-recebem-doacoes\/\" title=\"Rio Grande do Sul: Defesa Civil e Cruz Vermelha recebem doa\u00e7\u00f5es\">Defesa Civil<\/a> est\u00e1 facilitando a abertura do aluguel emergencial, com valor m\u00e1ximo de R$ 990,00, para garantir moradia segura para todos. O processo inclui a assinatura do Termo de Autoriza\u00e7\u00e3o de Demoli\u00e7\u00e3o (TAD) dos im\u00f3veis, que j\u00e1 estavam interditados com registros no Minist\u00e9rio P\u00fablico devido \u00e0 resist\u00eancia dos moradores em se transferirem.<\/p>\n\n\n\n<p><strong>Medidas Preventivas e Estudos T\u00e9cnicos:<\/strong> A <a href=\"https:\/\/aconteceemmacaeeregiao.com.br\/?s=macae\" title=\"Maca\u00e9\">Prefeitura de Maca\u00e9<\/a> est\u00e1 elaborando um estudo t\u00e9cnico e ambiental para apresentar uma solu\u00e7\u00e3o definitiva para a eros\u00e3o costeira. A solicita\u00e7\u00e3o foi feita \u00e0 Universidade Federal do Rio de Janeiro (UFRJ) e envolve o Instituto Polit\u00e9cnico e o Instituto de Biodiversidade e Sustentabilidade (NUPEM). A reuni\u00e3o contou com a participa\u00e7\u00e3o do Minist\u00e9rio P\u00fablico Estadual (MPRJ) e ser\u00e1 coordenada pelo decano do Centro Multidisciplinar da UFRJ em Maca\u00e9.<\/p>\n\n\n\n<p><strong>Recomenda\u00e7\u00f5es e Contatos:<\/strong> A Defesa Civil enfatiza que a popula\u00e7\u00e3o deve evitar as \u00e1reas interditadas e a beira-mar. Para emerg\u00eancias, os contatos s\u00e3o:<\/p>\n\n\n\n<ul class=\"wp-block-list\">\n<li><strong>Defesa Civil:<\/strong> 199 ou (22) 2762-0600, WhatsApp: (22) 99103-4275<\/li>\n\n\n\n<li><strong>Corpo de Bombeiros:<\/strong> 193 ou 2796-0047<\/li>\n<\/ul>\n\n\n\n<p>A coopera\u00e7\u00e3o da comunidade \u00e9 essencial para garantir a seguran\u00e7a e a efici\u00eancia das opera\u00e7\u00f5es de atendimento e preven\u00e7\u00e3o.<\/p>\n\n\n\n<p><em><a href=\"https:\/\/www.macae.rj.gov.br\/noticias\/leitura\/noticia\/defesa-civil-atualiza-boletim-sobre-atendimento-na-fronteira-21052024\" title=\"\">Fonte Secom Pref de Maca\u00e9<\/a><\/em><\/p>\n","protected":false},"excerpt":{"rendered":"<p>O bairro foi atingido por forte ressaca do mar que causou eros\u00e3o costeira no \u00faltimo fim de semana A Defesa Civil de Maca\u00e9 divulgou um boletim atualizado sobre o atendimento realizado no bairro Fronteira ap\u00f3s a forte ressaca do mar que causou eros\u00e3o costeira no \u00faltimo fim de semana. Entre as 9h de domingo (19) [&hellip;]<\/p>\n","protected":false},"author":2,"featured_media":16586,"comment_status":"closed","ping_status":"closed","sticky":false,"template":"","format":"standard","meta":{"postBodyCss":"","postBodyMargin":[],"postBodyPadding":[],"postBodyBackground":{"backgroundType":"classic","gradient":""},"footnotes":""},"categories":[42],"tags":[172,934],"class_list":["post-16584","post","type-post","status-publish","format-standard","has-post-thumbnail","hentry","category-macae","tag-defesa-civil","tag-fronteira"],"aioseo_notices":[],"_links":{"self":[{"href":"https:\/\/aconteceemmacaeeregiao.com.br\/index.php\/wp-json\/wp\/v2\/posts\/16584","targetHints":{"allow":["GET"]}}],"collection":[{"href":"https:\/\/aconteceemmacaeeregiao.com.br\/index.php\/wp-json\/wp\/v2\/posts"}],"about":[{"href":"https:\/\/aconteceemmacaeeregiao.com.br\/index.php\/wp-json\/wp\/v2\/types\/post"}],"author":[{"embeddable":true,"href":"https:\/\/aconteceemmacaeeregiao.com.br\/index.php\/wp-json\/wp\/v2\/users\/2"}],"replies":[{"embeddable":true,"href":"https:\/\/aconteceemmacaeeregiao.com.br\/index.php\/wp-json\/wp\/v2\/comments?post=16584"}],"version-history":[{"count":0,"href":"https:\/\/aconteceemmacaeeregiao.com.br\/index.php\/wp-json\/wp\/v2\/posts\/16584\/revisions"}],"wp:featuredmedia":[{"embeddable":true,"href":"https:\/\/aconteceemmacaeeregiao.com.br\/index.php\/wp-json\/wp\/v2\/media\/16586"}],"wp:attachment":[{"href":"https:\/\/aconteceemmacaeeregiao.com.br\/index.php\/wp-json\/wp\/v2\/media?parent=16584"}],"wp:term":[{"taxonomy":"category","embeddable":true,"href":"https:\/\/aconteceemmacaeeregiao.com.br\/index.php\/wp-json\/wp\/v2\/categories?post=16584"},{"taxonomy":"post_tag","embeddable":true,"href":"https:\/\/aconteceemmacaeeregiao.com.br\/index.php\/wp-json\/wp\/v2\/tags?post=16584"}],"curies":[{"name":"wp","href":"https:\/\/api.w.org\/{rel}","templated":true}]}}