{"id":16588,"date":"2024-05-21T21:41:31","date_gmt":"2024-05-22T00:41:31","guid":{"rendered":"https:\/\/aconteceemmacaeeregiao.com.br\/?p=16588"},"modified":"2024-05-21T21:41:32","modified_gmt":"2024-05-22T00:41:32","slug":"expo-mulher-mulheres-solo-sobre-vivencias-e-lancada-na-cidade-universitaria","status":"publish","type":"post","link":"https:\/\/aconteceemmacaeeregiao.com.br\/index.php\/2024\/05\/21\/expo-mulher-mulheres-solo-sobre-vivencias-e-lancada-na-cidade-universitaria\/","title":{"rendered":"Expo Mulher: \u201cMulheres-solo Sobre-viv\u00eancias\u201d \u00e9 lan\u00e7ada na Cidade Universit\u00e1ria"},"content":{"rendered":"\n<p>Nesta quarta-feira, 22 de maio, \u00e0s 19h, ser\u00e1 inaugurada a Expo Mulher \u201cMulheres-solo Sobre-viv\u00eancias\u201d no hall da Cidade Universit\u00e1ria. Com o apoio da Secretaria de Educa\u00e7\u00e3o, a exposi\u00e7\u00e3o fotogr\u00e1fica retrata a vida de mulheres solo, residentes em Maca\u00e9, que s\u00e3o as principais provedoras de suas fam\u00edlias. O projeto documenta os desafios, dificuldades, resist\u00eancia, conquistas e lutas dessas mulheres atrav\u00e9s de fotografias e um document\u00e1rio. A mostra ficar\u00e1 na <a href=\"https:\/\/aconteceemmacaeeregiao.com.br\/index.php\/2024\/05\/08\/balcao-do-consumidor-na-cidade-universitaria-apoio-e-assistencia-aos-cidadaos\/\" title=\"Balc\u00e3o do Consumidor na Cidade Universit\u00e1ria: Apoio e assist\u00eancia aos cidad\u00e3os\">Cidade Universit\u00e1ria<\/a> por uma semana e depois seguir\u00e1 de forma itinerante, com agenda a ser divulgada.<\/p>\n\n\n\n<p><strong>Organiza\u00e7\u00e3o e objetivos da Expo Mulher<\/strong><\/p>\n\n\n\n<p>A <a href=\"https:\/\/aconteceemmacaeeregiao.com.br\/index.php\/2024\/05\/17\/show-na-praia-e-exposicao-artistica-em-cabo-frio\/\" title=\"Show na praia e exposi\u00e7\u00e3o art\u00edstica em Cabo Frio\">exposi\u00e7\u00e3o<\/a> \u00e9 promovida pela Uni\u00e3o Macaense Solid\u00e1ria no Combate ao C\u00e2ncer de Mama (Unamama), uma institui\u00e7\u00e3o que apoia pacientes em tratamento contra o c\u00e2ncer de mama, oferecendo atendimento humanizado e a\u00e7\u00f5es focadas em sa\u00fade mental e empreendedorismo. Idealizada pela presidente da Unamama, Marilena Garcia, a exposi\u00e7\u00e3o contou com a colabora\u00e7\u00e3o volunt\u00e1ria de um grupo de trabalho diversificado, incluindo fot\u00f3grafos, assistente social, gestora de projetos, historiadora, editor de v\u00eddeos, designer e consultor.<\/p>\n\n\n\n<p><strong>Import\u00e2ncia e conscientiza\u00e7\u00e3o<\/strong><\/p>\n\n\n\n<p>A Expo Mulher visa conscientizar o p\u00fablico sobre a realidade das mulheres solo, um segmento social significativo. A exposi\u00e7\u00e3o busca sensibilizar gestores p\u00fablicos, empres\u00e1rios e a sociedade civil organizada para atuar de maneira efetiva com recursos e a\u00e7\u00f5es que possam melhorar a situa\u00e7\u00e3o dessas mulheres. As participantes da exposi\u00e7\u00e3o foram indicadas por diretoras das escolas municipais de Maca\u00e9, ap\u00f3s uma sele\u00e7\u00e3o cuidadosa para garantir representatividade entre os bairros.<\/p>\n\n\n\n<p><strong>Convite \u00e0 popula\u00e7\u00e3o e parcerias<\/strong><\/p>\n\n\n\n<p>Marilena Garcia destaca a import\u00e2ncia da visita\u00e7\u00e3o p\u00fablica \u00e0 exposi\u00e7\u00e3o: \u201cConvidamos toda a popula\u00e7\u00e3o para visitar a Expo Mulher\u201d. A exposi\u00e7\u00e3o tamb\u00e9m busca parcerias com institui\u00e7\u00f5es e empresas baseadas na Responsabilidade Socioambiental (RSA), conforme a Lei Ordin\u00e1ria 4897\/2022, que estabelece o selo de responsabilidade social \u201cpr\u00f3-mulher\u201d. Al\u00e9m disso, o projeto visa incentivar a educa\u00e7\u00e3o, capacita\u00e7\u00e3o e desenvolvimento profissional das <a href=\"https:\/\/aconteceemmacaeeregiao.com.br\/index.php\/2024\/05\/10\/o-que-a-biblia-diz-sobre-a-seguranca-das-mulheres\/\" title=\"O que a B\u00edblia diz sobre a seguran\u00e7a das mulheres?\">mulheres<\/a>, al\u00e9m de levar a exposi\u00e7\u00e3o \u00e0s escolas municipais para contribuir com atividades extracurriculares.<\/p>\n\n\n\n<p>A Expo Mulher \u201cMulheres-solo Sobre-viv\u00eancias\u201d \u00e9 uma oportunidade para conhecer e apoiar as hist\u00f3rias de resili\u00eancia e for\u00e7a dessas mulheres, promovendo um di\u00e1logo necess\u00e1rio sobre a import\u00e2ncia de pol\u00edticas e a\u00e7\u00f5es inclusivas.<\/p>\n\n\n\n<p><a href=\"https:\/\/www.macae.rj.gov.br\/noticias\/leitura\/noticia\/expo-mulher-sera-lancada-nesta-quarta-na-cidade-universitaria\" title=\"\"><em>Fonte Secom Pref de Maca\u00e9<\/em><\/a><\/p>\n","protected":false},"excerpt":{"rendered":"<p>Nesta quarta-feira, 22 de maio, \u00e0s 19h, ser\u00e1 inaugurada a Expo Mulher \u201cMulheres-solo Sobre-viv\u00eancias\u201d no hall da Cidade Universit\u00e1ria. Com o apoio da Secretaria de Educa\u00e7\u00e3o, a exposi\u00e7\u00e3o fotogr\u00e1fica retrata a vida de mulheres solo, residentes em Maca\u00e9, que s\u00e3o as principais provedoras de suas fam\u00edlias. O projeto documenta os desafios, dificuldades, resist\u00eancia, conquistas e [&hellip;]<\/p>\n","protected":false},"author":2,"featured_media":11130,"comment_status":"closed","ping_status":"closed","sticky":false,"template":"","format":"standard","meta":{"postBodyCss":"","postBodyMargin":[],"postBodyPadding":[],"postBodyBackground":{"backgroundType":"classic","gradient":""},"footnotes":""},"categories":[61,42],"tags":[337,185,120],"class_list":["post-16588","post","type-post","status-publish","format-standard","has-post-thumbnail","hentry","category-educacao","category-macae","tag-cidade-universitaria","tag-exposicao","tag-mulher"],"aioseo_notices":[],"_links":{"self":[{"href":"https:\/\/aconteceemmacaeeregiao.com.br\/index.php\/wp-json\/wp\/v2\/posts\/16588","targetHints":{"allow":["GET"]}}],"collection":[{"href":"https:\/\/aconteceemmacaeeregiao.com.br\/index.php\/wp-json\/wp\/v2\/posts"}],"about":[{"href":"https:\/\/aconteceemmacaeeregiao.com.br\/index.php\/wp-json\/wp\/v2\/types\/post"}],"author":[{"embeddable":true,"href":"https:\/\/aconteceemmacaeeregiao.com.br\/index.php\/wp-json\/wp\/v2\/users\/2"}],"replies":[{"embeddable":true,"href":"https:\/\/aconteceemmacaeeregiao.com.br\/index.php\/wp-json\/wp\/v2\/comments?post=16588"}],"version-history":[{"count":0,"href":"https:\/\/aconteceemmacaeeregiao.com.br\/index.php\/wp-json\/wp\/v2\/posts\/16588\/revisions"}],"wp:featuredmedia":[{"embeddable":true,"href":"https:\/\/aconteceemmacaeeregiao.com.br\/index.php\/wp-json\/wp\/v2\/media\/11130"}],"wp:attachment":[{"href":"https:\/\/aconteceemmacaeeregiao.com.br\/index.php\/wp-json\/wp\/v2\/media?parent=16588"}],"wp:term":[{"taxonomy":"category","embeddable":true,"href":"https:\/\/aconteceemmacaeeregiao.com.br\/index.php\/wp-json\/wp\/v2\/categories?post=16588"},{"taxonomy":"post_tag","embeddable":true,"href":"https:\/\/aconteceemmacaeeregiao.com.br\/index.php\/wp-json\/wp\/v2\/tags?post=16588"}],"curies":[{"name":"wp","href":"https:\/\/api.w.org\/{rel}","templated":true}]}}