{"id":16648,"date":"2024-05-24T21:29:39","date_gmt":"2024-05-25T00:29:39","guid":{"rendered":"https:\/\/aconteceemmacaeeregiao.com.br\/?p=16648"},"modified":"2024-05-24T21:29:41","modified_gmt":"2024-05-25T00:29:41","slug":"mais-de-160-vagas-de-emprego-na-regiao-dos-lagos","status":"publish","type":"post","link":"https:\/\/aconteceemmacaeeregiao.com.br\/index.php\/2024\/05\/24\/mais-de-160-vagas-de-emprego-na-regiao-dos-lagos\/","title":{"rendered":"Mais de 160 vagas de emprego na Regi\u00e3o dos Lagos"},"content":{"rendered":"\n<p><em><strong>O Portal de Vagas da S\u00f3lides oferece oportunidades em diversas \u00e1reas <\/strong><\/em><\/p>\n\n\n\n<p><strong>Maio de 2024<\/strong> \u2014 O Portal de Vagas da S\u00f3lides, l\u00edder em tecnologia de gest\u00e3o de pessoas para PMEs no Brasil, est\u00e1 oferecendo mais de 160 vagas de emprego em cidades da Regi\u00e3o dos Lagos, RJ, incluindo Arma\u00e7\u00e3o dos B\u00fazios, Cabo Frio, Arraial do Cabo, Maric\u00e1 e Maca\u00e9. As vagas s\u00e3o fornecidas por diversas empresas parceiras da S\u00f3lides e abrangem v\u00e1rias \u00e1reas de atua\u00e7\u00e3o, modalidades de trabalho (presencial, h\u00edbrido e remoto) e n\u00edveis de senioridade. Oportunidades afirmativas tamb\u00e9m est\u00e3o dispon\u00edveis. Os interessados podem <a href=\"https:\/\/vagas.solides.com.br\/vagas?page=1&amp;locals=Araruama+-+RJ%2CArma%C3%A7%C3%A3o+dos+B%C3%BAzios+-+RJ%2CArraial+do+Cabo+-+RJ%2CCabo+Frio+-+RJ%2CCarapebus+-+RJ%2CCasimiro+de+Abreu+-+RJ%2CIguaba+Grande+-+RJ%2CMaca%C3%A9+-+RJ%2CMaric%C3%A1+-+RJ%2CQuissam%C3%A3+-+RJ%2CRio+das+Ostras+-+RJ%2CS%C3%A3o+Pedro+da+Aldeia+-+RJ%2CSaquarema+-+RJ%2CSilva+Jardim+-+RJ&amp;title=\" title=\"\">conferir as vagas aqui<\/a>.<\/p>\n\n\n\n<p><strong>Oportunidades em Diversas \u00c1reas e Modalidades de Trabalho<\/strong><\/p>\n\n\n\n<p>As vagas <a href=\"https:\/\/aconteceemmacaeeregiao.com.br\/index.php\/2023\/07\/25\/em-macae-sao-oferecidas-253-vagas-de-empregos\/\" title=\"Em Maca\u00e9 s\u00e3o oferecidas 253 vagas de empregos\">oferecidas<\/a> abrangem uma ampla gama de \u00e1reas de atua\u00e7\u00e3o e s\u00e3o disponibilizadas em diferentes modalidades de trabalho, como presencial, h\u00edbrido e remoto. Isso permite que os candidatos escolham a melhor op\u00e7\u00e3o que se adeque ao seu perfil e \u00e0s suas necessidades.<\/p>\n\n\n\n<p><strong>Impacto Positivo no Mercado de Trabalho<\/strong><\/p>\n\n\n\n<p>Segundo M\u00f4nica Hauck, CEO e cofundadora da <a href=\"https:\/\/aconteceemmacaeeregiao.com.br\/index.php\/2024\/01\/23\/portal-de-vagas-da-solides-com-mais-de-100-oportunidades-de-emprego\/\" title=\"Portal de Vagas da S\u00f3lides com mais de 100 oportunidades de emprego\">S\u00f3lides<\/a>, \u201cEm 2023, o Portal de Vagas ajudou milhares de pessoas a encontrar emprego e tamb\u00e9m as nossas empresas parceiras a conseguirem preencher suas oportunidades utilizando o que h\u00e1 de melhor no processo de recrutamento e sele\u00e7\u00e3o disponibilizado pela S\u00f3lides. Nossa inten\u00e7\u00e3o \u00e9 continuar aprimorando o sistema e fortalecer ainda mais nosso papel de bra\u00e7o direito do RH nas pequenas e m\u00e9dias empresas de todo o Brasil\u201d.<\/p>\n\n\n\n<p><strong>Dica Importante<\/strong><\/p>\n\n\n\n<p>Para se destacar nas candidaturas, os<a href=\"https:\/\/aconteceemmacaeeregiao.com.br\/index.php\/2023\/03\/29\/mais-do-que-um-curriculo-o-que-recrutadores-buscam-na-hora-de-avaliar-candidatos\/\" title=\"<strong&gt;Mais do que um curr\u00edculo: o que recrutadores buscam na hora de avaliar candidatos?<\/strong&gt;\"> candidatos<\/a> devem garantir que seus curr\u00edculos estejam atualizados e personalizados para cada vaga. Al\u00e9m disso, \u00e9 essencial estar preparado para entrevistas, mostrando conhecimento sobre a empresa e a fun\u00e7\u00e3o desejada.<\/p>\n\n\n\n<p>Confira as oportunidades dispon\u00edveis e encontre a vaga ideal para voc\u00ea!<\/p>\n\n\n\n<p><strong>Sobre a S\u00f3lides<br><\/strong>A <a href=\"https:\/\/vagas.solides.com.br\/\" title=\"\">S\u00f3lides<\/a> \u00e9 uma empresa de tecnologia, l\u00edder no Brasil na gest\u00e3o de pessoas de pequenas e m\u00e9dias empresas. A companhia oferece solu\u00e7\u00f5es inovadoras e metodologias exclusivas que ajudam na atra\u00e7\u00e3o, desenvolvimento e reten\u00e7\u00e3o de talentos, reduzindo a taxa de rotatividade e aumentando as vantagens competitivas dos neg\u00f3cios. Em 2022, recebeu o maior aporte j\u00e1 feito em uma HR Tech na Am\u00e9rica Latina, R$ 530 milh\u00f5es \u2014 liderado pelo fundo Warburg Pincus, e expandiu seu neg\u00f3cio com a compra do Tangerino, solu\u00e7\u00e3o completa para automa\u00e7\u00e3o de processos de Departamento Pessoal, no mesmo ano. Em 2024, adquiriu a Folha de Pagamento Digital, se consolidando como a\u00a0<em>one stop shop<\/em>\u00a0das PMEs. Atualmente, contabiliza mais de 30 mil clientes, totalizando mais de oito milh\u00f5es de vidas impactadas pela plataforma, despontando na lideran\u00e7a do grupo de empresas de alto crescimento no Brasil.<\/p>\n","protected":false},"excerpt":{"rendered":"<p>O Portal de Vagas da S\u00f3lides oferece oportunidades em diversas \u00e1reas Maio de 2024 \u2014 O Portal de Vagas da S\u00f3lides, l\u00edder em tecnologia de gest\u00e3o de pessoas para PMEs no Brasil, est\u00e1 oferecendo mais de 160 vagas de emprego em cidades da Regi\u00e3o dos Lagos, RJ, incluindo Arma\u00e7\u00e3o dos B\u00fazios, Cabo Frio, Arraial do [&hellip;]<\/p>\n","protected":false},"author":2,"featured_media":16650,"comment_status":"closed","ping_status":"closed","sticky":false,"template":"","format":"standard","meta":{"postBodyCss":"","postBodyMargin":[],"postBodyPadding":[],"postBodyBackground":{"backgroundType":"classic","gradient":""},"footnotes":""},"categories":[73,43],"tags":[77,82,494,87],"class_list":["post-16648","post","type-post","status-publish","format-standard","has-post-thumbnail","hentry","category-emprego","category-regiao","tag-emprego","tag-oportunidade","tag-regiao-dos-lagos","tag-vagas"],"aioseo_notices":[],"_links":{"self":[{"href":"https:\/\/aconteceemmacaeeregiao.com.br\/index.php\/wp-json\/wp\/v2\/posts\/16648","targetHints":{"allow":["GET"]}}],"collection":[{"href":"https:\/\/aconteceemmacaeeregiao.com.br\/index.php\/wp-json\/wp\/v2\/posts"}],"about":[{"href":"https:\/\/aconteceemmacaeeregiao.com.br\/index.php\/wp-json\/wp\/v2\/types\/post"}],"author":[{"embeddable":true,"href":"https:\/\/aconteceemmacaeeregiao.com.br\/index.php\/wp-json\/wp\/v2\/users\/2"}],"replies":[{"embeddable":true,"href":"https:\/\/aconteceemmacaeeregiao.com.br\/index.php\/wp-json\/wp\/v2\/comments?post=16648"}],"version-history":[{"count":0,"href":"https:\/\/aconteceemmacaeeregiao.com.br\/index.php\/wp-json\/wp\/v2\/posts\/16648\/revisions"}],"wp:featuredmedia":[{"embeddable":true,"href":"https:\/\/aconteceemmacaeeregiao.com.br\/index.php\/wp-json\/wp\/v2\/media\/16650"}],"wp:attachment":[{"href":"https:\/\/aconteceemmacaeeregiao.com.br\/index.php\/wp-json\/wp\/v2\/media?parent=16648"}],"wp:term":[{"taxonomy":"category","embeddable":true,"href":"https:\/\/aconteceemmacaeeregiao.com.br\/index.php\/wp-json\/wp\/v2\/categories?post=16648"},{"taxonomy":"post_tag","embeddable":true,"href":"https:\/\/aconteceemmacaeeregiao.com.br\/index.php\/wp-json\/wp\/v2\/tags?post=16648"}],"curies":[{"name":"wp","href":"https:\/\/api.w.org\/{rel}","templated":true}]}}