{"id":16711,"date":"2024-05-28T00:16:17","date_gmt":"2024-05-28T03:16:17","guid":{"rendered":"https:\/\/aconteceemmacaeeregiao.com.br\/?p=16711"},"modified":"2024-05-28T00:16:18","modified_gmt":"2024-05-28T03:16:18","slug":"hipertensao-infantil-identificacao-e-tratamento-precoces","status":"publish","type":"post","link":"https:\/\/aconteceemmacaeeregiao.com.br\/index.php\/2024\/05\/28\/hipertensao-infantil-identificacao-e-tratamento-precoces\/","title":{"rendered":"Hipertens\u00e3o infantil: Identifica\u00e7\u00e3o e tratamento precoces"},"content":{"rendered":"\n<p><em><strong>Silenciosa a hipertens\u00e3o em crian\u00e7as pode diflcultar o diagn\u00f3stico<\/strong><\/em><\/p>\n\n\n\n<p>Embora mais comum em adultos, a hipertens\u00e3o tamb\u00e9m afeta de 3% a 15% da popula\u00e7\u00e3o pedi\u00e1trica no Brasil, segundo o Minist\u00e9rio da Sa\u00fade. O cardiologista Flavio Brito, do Vera Cruz Hospital em Campinas (SP), alerta que essa condi\u00e7\u00e3o \u00e9 muitas vezes silenciosa, dificultando o <a href=\"https:\/\/aconteceemmacaeeregiao.com.br\/?s=saude\" title=\"Sa\u00fade\">diagn\u00f3stico<\/a> precoce.<\/p>\n\n\n\n<h4 class=\"wp-block-heading\">Sinais de Alerta<\/h4>\n\n\n\n<p>Os principais sinais que podem indicar hipertens\u00e3o em crian\u00e7as incluem:<\/p>\n\n\n\n<ul class=\"wp-block-list\">\n<li><strong>Dores de cabe\u00e7a<\/strong>: Podem ser um indicativo de press\u00e3o arterial elevada.<\/li>\n\n\n\n<li><strong>Fadiga ou confus\u00e3o<\/strong>: Especialmente se acompanhados por outros sintomas.<\/li>\n\n\n\n<li><strong>Problemas de vis\u00e3o<\/strong>: A hipertens\u00e3o pode afetar os vasos sangu\u00edneos nos olhos.<\/li>\n\n\n\n<li><strong>Dificuldade em respirar<\/strong>: Pode ser um sinal, especialmente em crian\u00e7as com problemas card\u00edacos.<\/li>\n\n\n\n<li><strong>Arritmias card\u00edacas<\/strong>: Batimentos irregulares tamb\u00e9m podem indicar hipertens\u00e3o.<\/li>\n<\/ul>\n\n\n\n<h4 class=\"wp-block-heading\">Fatores de Risco<\/h4>\n\n\n\n<p>A hipertens\u00e3o em crian\u00e7as pode ter diversas causas:<\/p>\n\n\n\n<ul class=\"wp-block-list\">\n<li><strong>Hipertens\u00e3o prim\u00e1ria<\/strong>: Causas desconhecidas, mais comuns em adultos.<\/li>\n\n\n\n<li><strong>Hipertens\u00e3o secund\u00e1ria<\/strong>: Decorrente de condi\u00e7\u00f5es m\u00e9dicas subjacentes como doen\u00e7as renais ou card\u00edacas.<\/li>\n\n\n\n<li><strong>Fatores gen\u00e9ticos e ambientais<\/strong>: Incluem condi\u00e7\u00f5es intrauterinas e neonatais.<\/li>\n\n\n\n<li><strong>Obesidade<\/strong>: Um fator de risco significativo devido ao aumento da incid\u00eancia de sobrepeso.<\/li>\n\n\n\n<li><strong>Dieta rica em sal\/calorias<\/strong> e <strong>falta de atividade f\u00edsica<\/strong>.<\/li>\n\n\n\n<li><strong>Hist\u00f3ria neonatal significativa<\/strong>: Doen\u00e7as renais, card\u00edacas ou nascimento prematuro.<\/li>\n<\/ul>\n\n\n\n<h4 class=\"wp-block-heading\">Diagn\u00f3stico e Tratamento<\/h4>\n\n\n\n<p>O diagn\u00f3stico \u00e9 feito atrav\u00e9s de medidas repetidas da press\u00e3o arterial. Caso sejam encontradas anomalias, <a href=\"https:\/\/aconteceemmacaeeregiao.com.br\/index.php\/2024\/01\/01\/conheca-os-principais-exames-do-check-up-anual-e-comece-o-ano-novo-cuidando-da-saude\/\" title=\"Conhe\u00e7a os principais exames do check-up anual e comece o ano novo cuidando da sa\u00fade\">exames<\/a> adicionais como angiotomografia de aorta ou ultrassonografia s\u00e3o realizados.<\/p>\n\n\n\n<p>O tratamento envolve:<\/p>\n\n\n\n<ul class=\"wp-block-list\">\n<li><strong>Mudan\u00e7as no estilo de vida<\/strong>: Dieta saud\u00e1vel e exerc\u00edcios f\u00edsicos.<\/li>\n\n\n\n<li><strong>Medicamentos<\/strong>: Necess\u00e1rios se as mudan\u00e7as no estilo de vida n\u00e3o controlarem a hipertens\u00e3o ap\u00f3s seis meses.<\/li>\n\n\n\n<li><strong>Manejo das causas subjacentes<\/strong>: Tratamento de condi\u00e7\u00f5es m\u00e9dicas que causam a hipertens\u00e3o.<\/li>\n<\/ul>\n\n\n\n<h4 class=\"wp-block-heading\">Complica\u00e7\u00f5es e Vida Normal<\/h4>\n\n\n\n<p>A hipertens\u00e3o n\u00e3o tratada pode levar a complica\u00e7\u00f5es graves como insufici\u00eancia card\u00edaca, problemas oculares e renais. No entanto, com diagn\u00f3stico e <a href=\"https:\/\/aconteceemmacaeeregiao.com.br\/index.php\/2024\/04\/09\/deteccao-avancada-do-hpv-no-colo-do-utero-melhora-o-tratamento-e-as-chances-de-cura\/\" title=\"Detec\u00e7\u00e3o avan\u00e7ada do HPV no Colo do \u00datero melhora o Tratamento e as chances de cura\">tratamento<\/a> adequados, crian\u00e7as e adolescentes com hipertens\u00e3o podem levar uma vida normal e ativa. A medi\u00e7\u00e3o regular da press\u00e3o arterial, a partir dos tr\u00eas anos de idade, \u00e9 crucial para a detec\u00e7\u00e3o precoce e preven\u00e7\u00e3o de complica\u00e7\u00f5es futuras.<\/p>\n\n\n\n<p><em><strong>Sobre o Vera Cruz Hospital<\/strong><\/em><\/p>\n\n\n\n<p><em>H\u00e1 80 anos, o Vera Cruz Hospital \u00e9 reconhecido pela qualidade de seus servi\u00e7os, capacidade tecnol\u00f3gica, equipe de m\u00e9dicos renomados e por oferecer um atendimento humano que valoriza a vida em primeiro lugar. A unidade disp\u00f5e de 166 leitos distribu\u00eddos em diferentes unidades de interna\u00e7\u00e3o, em acomoda\u00e7\u00e3o individual (apartamento) ou coletiva (dois leitos), UTIs e maternidade, e ainda conta com setores de Quimioterapia, Hemodin\u00e2mica, Radiologia (incluindo tomografia, resson\u00e2ncia magn\u00e9tica, densitometria \u00f3ssea, ultrassonografia e raio x), e laborat\u00f3rio com o selo de qualidade Fleury Medicina e Sa\u00fade. Em outubro de 2017, a Hospital Care tornou-se parceira do Vera Cruz. Em quase sete anos, a alian\u00e7a registra importantes avan\u00e7os na presta\u00e7\u00e3o de servi\u00e7os gerados por investimentos em inova\u00e7\u00e3o e tecnologia, tendo, inclusive, ultrapassado a marca de 2,5 mil cirurgias rob\u00f3ticas, grande diferencial na regi\u00e3o e no interior do Brasil. Em m\u00e9dio prazo, o grupo prev\u00ea expans\u00e3o no atendimento com a cria\u00e7\u00e3o de dois novos pr\u00e9dios erguidos na frente e ao lado do hospital principal, totalizando 17 mil m\u00b2 de \u00e1reas constru\u00eddas a mais. H\u00e1 35 anos, o Vera Cruz criou e mant\u00e9m a Funda\u00e7\u00e3o Roberto Rocha Brito, refer\u00eancia em treinamentos e cursos de sa\u00fade na Regi\u00e3o Metropolitana de Campinas, tanto para profissionais do setor quanto para leigos, e \u00e9 uma unidade credenciada da American Heart Association. Em abril de 2021, o Hospital conquistou o Selo de Excel\u00eancia em Boas Pr\u00e1ticas de Seguran\u00e7a para o enfrentamento da Covid-19 pelo Instituto Brasileiro de Excel\u00eancia em Sa\u00fade (IBES) e, em dezembro, foi reacreditado em n\u00edvel m\u00e1ximo de Excel\u00eancia em atendimento geral pela Organiza\u00e7\u00e3o Nacional de Acredita\u00e7\u00e3o.<\/em><\/p>\n","protected":false},"excerpt":{"rendered":"<p>Silenciosa a hipertens\u00e3o em crian\u00e7as pode diflcultar o diagn\u00f3stico Embora mais comum em adultos, a hipertens\u00e3o tamb\u00e9m afeta de 3% a 15% da popula\u00e7\u00e3o pedi\u00e1trica no Brasil, segundo o Minist\u00e9rio da Sa\u00fade. O cardiologista Flavio Brito, do Vera Cruz Hospital em Campinas (SP), alerta que essa condi\u00e7\u00e3o \u00e9 muitas vezes silenciosa, dificultando o diagn\u00f3stico precoce. [&hellip;]<\/p>\n","protected":false},"author":2,"featured_media":16717,"comment_status":"closed","ping_status":"closed","sticky":false,"template":"","format":"standard","meta":{"postBodyCss":"","postBodyMargin":[],"postBodyPadding":[],"postBodyBackground":{"backgroundType":"classic","gradient":""},"footnotes":""},"categories":[78],"tags":[241,353,479],"class_list":["post-16711","post","type-post","status-publish","format-standard","has-post-thumbnail","hentry","category-saude","tag-criancas","tag-exames","tag-hipertensao"],"aioseo_notices":[],"_links":{"self":[{"href":"https:\/\/aconteceemmacaeeregiao.com.br\/index.php\/wp-json\/wp\/v2\/posts\/16711","targetHints":{"allow":["GET"]}}],"collection":[{"href":"https:\/\/aconteceemmacaeeregiao.com.br\/index.php\/wp-json\/wp\/v2\/posts"}],"about":[{"href":"https:\/\/aconteceemmacaeeregiao.com.br\/index.php\/wp-json\/wp\/v2\/types\/post"}],"author":[{"embeddable":true,"href":"https:\/\/aconteceemmacaeeregiao.com.br\/index.php\/wp-json\/wp\/v2\/users\/2"}],"replies":[{"embeddable":true,"href":"https:\/\/aconteceemmacaeeregiao.com.br\/index.php\/wp-json\/wp\/v2\/comments?post=16711"}],"version-history":[{"count":0,"href":"https:\/\/aconteceemmacaeeregiao.com.br\/index.php\/wp-json\/wp\/v2\/posts\/16711\/revisions"}],"wp:featuredmedia":[{"embeddable":true,"href":"https:\/\/aconteceemmacaeeregiao.com.br\/index.php\/wp-json\/wp\/v2\/media\/16717"}],"wp:attachment":[{"href":"https:\/\/aconteceemmacaeeregiao.com.br\/index.php\/wp-json\/wp\/v2\/media?parent=16711"}],"wp:term":[{"taxonomy":"category","embeddable":true,"href":"https:\/\/aconteceemmacaeeregiao.com.br\/index.php\/wp-json\/wp\/v2\/categories?post=16711"},{"taxonomy":"post_tag","embeddable":true,"href":"https:\/\/aconteceemmacaeeregiao.com.br\/index.php\/wp-json\/wp\/v2\/tags?post=16711"}],"curies":[{"name":"wp","href":"https:\/\/api.w.org\/{rel}","templated":true}]}}