{"id":16719,"date":"2024-05-28T00:27:59","date_gmt":"2024-05-28T03:27:59","guid":{"rendered":"https:\/\/aconteceemmacaeeregiao.com.br\/?p=16719"},"modified":"2024-05-28T00:27:59","modified_gmt":"2024-05-28T03:27:59","slug":"enem-2024-as-inscricoes-ja-estao-abertas","status":"publish","type":"post","link":"https:\/\/aconteceemmacaeeregiao.com.br\/index.php\/2024\/05\/28\/enem-2024-as-inscricoes-ja-estao-abertas\/","title":{"rendered":"Enem 2024: As inscri\u00e7\u00f5es j\u00e1 est\u00e3o abertas!"},"content":{"rendered":"\n<p><strong><em>Interessados podem confirmar a ades\u00e3o at\u00e9 o dia 7 de junho.<\/em><\/strong><\/p>\n\n\n\n<p>As inscri\u00e7\u00f5es para o Exame Nacional do Ensino M\u00e9dio (Enem) 2024 est\u00e3o abertas a partir desta segunda-feira, 27 de maio, e v\u00e3o at\u00e9 7 de junho. Os interessados devem se inscrever pela P\u00e1gina do Participante no site do Instituto Nacional de Estudos e Pesquisas Educacionais An\u00edsio Teixeira (Inep). As provas ser\u00e3o realizadas nos dias 3 e 10 de novembro em todo o pa\u00eds.<\/p>\n\n\n\n<h4 class=\"wp-block-heading\">Benef\u00edcios para Moradores do Rio Grande do Sul<\/h4>\n\n\n\n<p>Para os moradores do Rio Grande do Sul, haver\u00e1 um cronograma de inscri\u00e7\u00f5es estendido, que ser\u00e1 divulgado em breve pelo Inep. Al\u00e9m disso, os ga\u00fachos ter\u00e3o <a href=\"https:\/\/aconteceemmacaeeregiao.com.br\/index.php\/2024\/05\/23\/cursos-ofertados-com-temas-diversificados-em-macae\/\" title=\"Cursos ofertados com temas diversificados em Maca\u00e9\">isen\u00e7\u00e3o<\/a> da taxa de inscri\u00e7\u00e3o, inclusive nos casos em que a justificativa de aus\u00eancia na edi\u00e7\u00e3o de 2023 foi reprovada. No entanto, quem quiser, pode se inscrever a partir de hoje normalmente.<\/p>\n\n\n\n<h4 class=\"wp-block-heading\">Como se Inscrever<\/h4>\n\n\n\n<p>Para se inscrever, os candidatos devem <a href=\"https:\/\/enem.inep.gov.br\/participante\/#!\/\" title=\"\">acessar a P\u00e1gina do Participante<\/a> com o login do Gov.br. Se necess\u00e1rio, a recupera\u00e7\u00e3o de senha pode ser feita pela pr\u00f3pria plataforma. Na p\u00e1gina, \u00e9 preciso preencher dados como CPF, data de nascimento, estado civil, nacionalidade, cor\/ra\u00e7a, entre outros, al\u00e9m de informar se necessita de recursos de acessibilidade para as provas.<\/p>\n\n\n\n<p>Durante a inscri\u00e7\u00e3o, o candidato deve escolher entre Ingl\u00eas ou Espanhol para a prova de l\u00edngua estrangeira e indicar o estado e o munic\u00edpio onde far\u00e1 as provas, podendo alterar essas informa\u00e7\u00f5es apenas durante o per\u00edodo de inscri\u00e7\u00f5es. A p\u00e1gina tamb\u00e9m fornece um cronograma completo do Enem 2024, orienta\u00e7\u00f5es, respostas a d\u00favidas frequentes e tutoriais em v\u00eddeo, incluindo inscri\u00e7\u00f5es em Libras.<\/p>\n\n\n\n<h4 class=\"wp-block-heading\">Isen\u00e7\u00e3o de Taxa e Pagamento<\/h4>\n\n\n\n<p>\u00c9 importante lembrar que a aprova\u00e7\u00e3o da isen\u00e7\u00e3o da taxa ou da justificativa de aus\u00eancia na edi\u00e7\u00e3o de 2023 n\u00e3o garante a inscri\u00e7\u00e3o autom\u00e1tica para o Enem 2024. Todos os candidatos devem se inscrever novamente. A taxa de inscri\u00e7\u00e3o \u00e9 de R$ 85, e o pagamento deve ser feito at\u00e9 12 de junho via boleto, Pix, cart\u00e3o de cr\u00e9dito, <a href=\"https:\/\/aconteceemmacaeeregiao.com.br\/index.php\/2023\/08\/10\/enel-lanca-campanha-para-incentivar-pagamento-de-faturas-por-debito-automatico\/\" title=\"Enel lan\u00e7a campanha para incentivar pagamento de faturas por d\u00e9bito autom\u00e1tico\">d\u00e9bito<\/a> em conta corrente ou poupan\u00e7a. A inscri\u00e7\u00e3o s\u00f3 ser\u00e1 confirmada ap\u00f3s o pagamento da taxa.<\/p>\n\n\n\n<h4 class=\"wp-block-heading\">Nome Social<\/h4>\n\n\n\n<p>Para o nome social, n\u00e3o ser\u00e1 necess\u00e1rio enviar documentos comprobat\u00f3rios no momento da inscri\u00e7\u00e3o. Travestis, transexuais ou transg\u00eaneros receber\u00e3o esse tratamento automaticamente, conforme os dados cadastrados na Receita Federal. Antes de se inscrever, os <a href=\"https:\/\/aconteceemmacaeeregiao.com.br\/index.php\/2024\/05\/27\/wine-in-buzios-2024-comeca-nesta-quinta-30-feriado\/\" title=\"Wine in B\u00fazios 2024 come\u00e7a nesta quinta (30) feriado\">participantes<\/a> devem verificar e, se necess\u00e1rio, atualizar suas informa\u00e7\u00f5es pessoais junto \u00e0 Receita.<\/p>\n\n\n\n<p>N\u00e3o perca essa oportunidade! Se voc\u00ea j\u00e1 concluiu ou est\u00e1 concluindo o ensino m\u00e9dio, inscreva-se at\u00e9 7 de junho para participar do Enem 2024 e garantir sua chance de ingressar no ensino superior.<\/p>\n\n\n\n<p><em>Fonte Secretaria de Comunica\u00e7\u00e3o Social da Presid\u00eancia da Rep\u00fablica<\/em><\/p>\n","protected":false},"excerpt":{"rendered":"<p>Interessados podem confirmar a ades\u00e3o at\u00e9 o dia 7 de junho. As inscri\u00e7\u00f5es para o Exame Nacional do Ensino M\u00e9dio (Enem) 2024 est\u00e3o abertas a partir desta segunda-feira, 27 de maio, e v\u00e3o at\u00e9 7 de junho. Os interessados devem se inscrever pela P\u00e1gina do Participante no site do Instituto Nacional de Estudos e Pesquisas [&hellip;]<\/p>\n","protected":false},"author":2,"featured_media":16721,"comment_status":"closed","ping_status":"closed","sticky":false,"template":"","format":"standard","meta":{"postBodyCss":"","postBodyMargin":[],"postBodyPadding":[],"postBodyBackground":{"backgroundType":"classic","gradient":""},"footnotes":""},"categories":[61],"tags":[71,341],"class_list":["post-16719","post","type-post","status-publish","format-standard","has-post-thumbnail","hentry","category-educacao","tag-dicas","tag-enem"],"aioseo_notices":[],"_links":{"self":[{"href":"https:\/\/aconteceemmacaeeregiao.com.br\/index.php\/wp-json\/wp\/v2\/posts\/16719","targetHints":{"allow":["GET"]}}],"collection":[{"href":"https:\/\/aconteceemmacaeeregiao.com.br\/index.php\/wp-json\/wp\/v2\/posts"}],"about":[{"href":"https:\/\/aconteceemmacaeeregiao.com.br\/index.php\/wp-json\/wp\/v2\/types\/post"}],"author":[{"embeddable":true,"href":"https:\/\/aconteceemmacaeeregiao.com.br\/index.php\/wp-json\/wp\/v2\/users\/2"}],"replies":[{"embeddable":true,"href":"https:\/\/aconteceemmacaeeregiao.com.br\/index.php\/wp-json\/wp\/v2\/comments?post=16719"}],"version-history":[{"count":0,"href":"https:\/\/aconteceemmacaeeregiao.com.br\/index.php\/wp-json\/wp\/v2\/posts\/16719\/revisions"}],"wp:featuredmedia":[{"embeddable":true,"href":"https:\/\/aconteceemmacaeeregiao.com.br\/index.php\/wp-json\/wp\/v2\/media\/16721"}],"wp:attachment":[{"href":"https:\/\/aconteceemmacaeeregiao.com.br\/index.php\/wp-json\/wp\/v2\/media?parent=16719"}],"wp:term":[{"taxonomy":"category","embeddable":true,"href":"https:\/\/aconteceemmacaeeregiao.com.br\/index.php\/wp-json\/wp\/v2\/categories?post=16719"},{"taxonomy":"post_tag","embeddable":true,"href":"https:\/\/aconteceemmacaeeregiao.com.br\/index.php\/wp-json\/wp\/v2\/tags?post=16719"}],"curies":[{"name":"wp","href":"https:\/\/api.w.org\/{rel}","templated":true}]}}