{"id":16726,"date":"2024-05-29T00:09:20","date_gmt":"2024-05-29T03:09:20","guid":{"rendered":"https:\/\/aconteceemmacaeeregiao.com.br\/?p=16726"},"modified":"2024-05-29T00:09:21","modified_gmt":"2024-05-29T03:09:21","slug":"central-do-trabalhador-oferece-vagas-de-emprego","status":"publish","type":"post","link":"https:\/\/aconteceemmacaeeregiao.com.br\/index.php\/2024\/05\/29\/central-do-trabalhador-oferece-vagas-de-emprego\/","title":{"rendered":"Central do Trabalhador oferece vagas de emprego"},"content":{"rendered":"\n<p><em><strong>A semana come\u00e7a com 332 vagas disponibilizada pela Secretaria Adjunta de Trabalho e Renda de Maca\u00e9<\/strong><\/em><\/p>\n\n\n\n<p>A Secretaria Adjunta de Trabalho e Renda de Maca\u00e9 divulgou 332 vagas de emprego em diversas \u00e1reas, incluindo servi\u00e7os, petr\u00f3leo, g\u00e1s, com\u00e9rcio, beleza, educa\u00e7\u00e3o e sa\u00fade, com oportunidades para todos os n\u00edveis de escolaridade. A <a href=\"https:\/\/aconteceemmacaeeregiao.com.br\/?s=emprego\" title=\"Central do Trabalhador\">Central do Trabalhador<\/a> de Maca\u00e9 est\u00e1 preparada para atender tanto trabalhadores em busca de oportunidades quanto empregadores em busca de candidatos.<\/p>\n\n\n\n<p>Os setores offshore e de servi\u00e7os t\u00eam o maior n\u00famero de vagas. Algumas posi\u00e7\u00f5es s\u00e3o destinadas a pessoas com defici\u00eancia (PCD). Os <a href=\"https:\/\/aconteceemmacaeeregiao.com.br\/index.php\/2024\/05\/27\/prefeito-se-reune-com-o-sepe-para-discutir-reajustes-e-beneficios\/\" title=\"Prefeito se re\u00fane com o SEPE para discutir reajustes e benef\u00edcios\">benef\u00edcios<\/a> oferecidos por v\u00e1rias empresas incluem cart\u00e3o alimenta\u00e7\u00e3o, plano odontol\u00f3gico, vale-transporte, seguro de vida e cesta b\u00e1sica.<\/p>\n\n\n\n<p><strong>Destaques da Semana:<\/strong><\/p>\n\n\n\n<ul class=\"wp-block-list\">\n<li>Motorista carreteiro (58 vagas)<\/li>\n\n\n\n<li>Soldador (15 vagas)<\/li>\n\n\n\n<li>Motorista de caminh\u00e3o (11 vagas)<\/li>\n\n\n\n<li>Instalador (11 vagas)<\/li>\n\n\n\n<li>Consultor de vendas interno (10 vagas)<\/li>\n\n\n\n<li>Motorista de carreta (10 vagas)<\/li>\n\n\n\n<li>Motorista de \u00f4nibus escolar (10 vagas)<\/li>\n\n\n\n<li>Padeiro offshore (10 vagas)<\/li>\n\n\n\n<li>Saloneiro (10 vagas)<\/li>\n\n\n\n<li>Taifeiro offshore (10 vagas)<\/li>\n\n\n\n<li>Gar\u00e7om (07 vagas)<\/li>\n\n\n\n<li>Operador de caixa (07 vagas)<\/li>\n\n\n\n<li>Ajudante de cozinha (06 vagas)<\/li>\n\n\n\n<li>Recepcionista offshore (05 vagas)<\/li>\n\n\n\n<li>Manicure (05 vagas)<\/li>\n<\/ul>\n\n\n\n<p>Interessados devem comparecer \u00e0 Central do Trabalhador de Maca\u00e9, localizada no Edif\u00edcio Comercial Lotus, na Avenida Nossa Senhora da Gl\u00f3ria, 1181, Praia Campista, das 8h \u00e0s 17h.<\/p>\n\n\n\n<p>Para mais informa\u00e7\u00f5es, consulte a lista completa de vagas no portal da prefeitura e preencha o cadastro online. Empres\u00e1rios tamb\u00e9m podem cadastrar suas vagas atrav\u00e9s do portal.<\/p>\n\n\n\n<p><strong><a href=\"https:\/\/sistemas.macae.rj.gov.br:84\/trabalhoerenda\/index\/mural\" title=\"\">Clique aqui para acessar a lista completa de vagas.<\/a><\/strong><\/p>\n\n\n\n<p><strong><a href=\"https:\/\/sistemas.macae.rj.gov.br:84\/trabalhoerenda\/\" title=\"\">Clique aqui para cadastrar vagas de emprego.<\/a><\/strong><\/p>\n\n\n\n<p><strong><a href=\"https:\/\/sistemas.macae.rj.gov.br:84\/trabalhoerenda\/\" title=\"\">Clique aqui para efetuar o cadastro para vagas de emprego.<\/a><\/strong><\/p>\n\n\n\n<p><strong>Dica:<\/strong> Mantenha seus dados atualizados no cadastro e consulte o portal regularmente para n\u00e3o perder novas oportunidades.<\/p>\n\n\n\n<p><em><a href=\"https:\/\/www.macae.rj.gov.br\/noticias\/leitura\/noticia\/semana-comeca-com-332-vagas-de-empregos\" title=\"\">Fonte Secom Pref de Maca\u00e9<\/a><\/em><\/p>\n","protected":false},"excerpt":{"rendered":"<p>A semana come\u00e7a com 332 vagas disponibilizada pela Secretaria Adjunta de Trabalho e Renda de Maca\u00e9 A Secretaria Adjunta de Trabalho e Renda de Maca\u00e9 divulgou 332 vagas de emprego em diversas \u00e1reas, incluindo servi\u00e7os, petr\u00f3leo, g\u00e1s, com\u00e9rcio, beleza, educa\u00e7\u00e3o e sa\u00fade, com oportunidades para todos os n\u00edveis de escolaridade. A Central do Trabalhador de [&hellip;]<\/p>\n","protected":false},"author":2,"featured_media":16728,"comment_status":"closed","ping_status":"closed","sticky":false,"template":"","format":"standard","meta":{"postBodyCss":"","postBodyMargin":[],"postBodyPadding":[],"postBodyBackground":{"backgroundType":"classic","gradient":""},"footnotes":""},"categories":[73,42],"tags":[77,82,89,87],"class_list":["post-16726","post","type-post","status-publish","format-standard","has-post-thumbnail","hentry","category-emprego","category-macae","tag-emprego","tag-oportunidade","tag-prefeitura","tag-vagas"],"aioseo_notices":[],"_links":{"self":[{"href":"https:\/\/aconteceemmacaeeregiao.com.br\/index.php\/wp-json\/wp\/v2\/posts\/16726","targetHints":{"allow":["GET"]}}],"collection":[{"href":"https:\/\/aconteceemmacaeeregiao.com.br\/index.php\/wp-json\/wp\/v2\/posts"}],"about":[{"href":"https:\/\/aconteceemmacaeeregiao.com.br\/index.php\/wp-json\/wp\/v2\/types\/post"}],"author":[{"embeddable":true,"href":"https:\/\/aconteceemmacaeeregiao.com.br\/index.php\/wp-json\/wp\/v2\/users\/2"}],"replies":[{"embeddable":true,"href":"https:\/\/aconteceemmacaeeregiao.com.br\/index.php\/wp-json\/wp\/v2\/comments?post=16726"}],"version-history":[{"count":0,"href":"https:\/\/aconteceemmacaeeregiao.com.br\/index.php\/wp-json\/wp\/v2\/posts\/16726\/revisions"}],"wp:featuredmedia":[{"embeddable":true,"href":"https:\/\/aconteceemmacaeeregiao.com.br\/index.php\/wp-json\/wp\/v2\/media\/16728"}],"wp:attachment":[{"href":"https:\/\/aconteceemmacaeeregiao.com.br\/index.php\/wp-json\/wp\/v2\/media?parent=16726"}],"wp:term":[{"taxonomy":"category","embeddable":true,"href":"https:\/\/aconteceemmacaeeregiao.com.br\/index.php\/wp-json\/wp\/v2\/categories?post=16726"},{"taxonomy":"post_tag","embeddable":true,"href":"https:\/\/aconteceemmacaeeregiao.com.br\/index.php\/wp-json\/wp\/v2\/tags?post=16726"}],"curies":[{"name":"wp","href":"https:\/\/api.w.org\/{rel}","templated":true}]}}