{"id":16740,"date":"2024-05-29T21:31:16","date_gmt":"2024-05-30T00:31:16","guid":{"rendered":"https:\/\/aconteceemmacaeeregiao.com.br\/?p=16740"},"modified":"2024-05-29T21:31:17","modified_gmt":"2024-05-30T00:31:17","slug":"alteracao-no-transito-no-feriado-de-corpus-christi","status":"publish","type":"post","link":"https:\/\/aconteceemmacaeeregiao.com.br\/index.php\/2024\/05\/29\/alteracao-no-transito-no-feriado-de-corpus-christi\/","title":{"rendered":"Altera\u00e7\u00e3o no tr\u00e2nsito no feriado de Corpus Christi"},"content":{"rendered":"\n<p><em><strong>Mobilidade Urbana informa interdi\u00e7\u00f5es onde acontece os tapetes de sal, prociss\u00e3o e missa<\/strong><\/em><\/p>\n\n\n\n<p>Para garantir a seguran\u00e7a durante os eventos de Corpus Christi, que incluem a missa campal, a confec\u00e7\u00e3o dos tapetes de sal e a prociss\u00e3o, haver\u00e1 mudan\u00e7as no tr\u00e1fego nas regi\u00f5es de Imbetiba e C\u00f3rrego do Ouro. A Coordenadoria de Tr\u00e2nsito da Secretaria de <a href=\"https:\/\/aconteceemmacaeeregiao.com.br\/index.php\/2024\/03\/23\/mobilidade-urbana-condicoes-de-transito-e-transporte-atualizadas\/\" title=\"Mobilidade Urbana: Condi\u00e7\u00f5es de tr\u00e2nsito e transporte atualizadas\">Mobilidade Urbana<\/a> fornecer\u00e1 suporte com sinaliza\u00e7\u00f5es, rondas peri\u00f3dicas e assist\u00eancia aos participantes.<\/p>\n\n\n\n<p><strong>Interdi\u00e7\u00f5es na Imbetiba:<\/strong><\/p>\n\n\n\n<ul class=\"wp-block-list\">\n<li><strong>Quarta-feira (29), \u00e0s 14h:<\/strong>Uma avenida<\/li>\n\n\n\n<li><strong>Quinta-feira (30), \u00e0 meia-noite:<\/strong> Interdi\u00e7\u00e3o da Avenida Agenor Caldas, junto ao Trevo da <a href=\"https:\/\/aconteceemmacaeeregiao.com.br\/index.php\/2024\/03\/07\/secretaria-de-esportes-promove-caminhada-e-aulao-na-praia-de-imbetiba\/\" title=\"Secretaria de Esportes promove caminhada e aul\u00e3o na Praia de Imbetiba\">Imbetiba<\/a>, para evitar estacionamento ao longo da via. A montagem dos tapetes come\u00e7ar\u00e1 \u00e0s 6h. A Avenida Agenor Caldas (sentido Centro) at\u00e9 a Rua Papa Jo\u00e3o XXIII ser\u00e1 interditada.<\/li>\n\n\n\n<li><strong>Quinta-feira (30), \u00e0s 13h:<\/strong>Internacional<\/li>\n\n\n\n<li><strong>Prociss\u00e3o \u00e0s 17h:<\/strong> Percurso pela Avenida Elias Agostinho, Avenida Agenor Caldas, Avenida Rui Barbosa, Rua S\u00e3o Jo\u00e3o, at\u00e9 a<a href=\"https:\/\/aconteceemmacaeeregiao.com.br\/index.php\/2024\/04\/03\/explore-a-historia-de-macae-com-o-novo-roteiro-do-walking-tour\/\" title=\"Explore a hist\u00f3ria de Maca\u00e9 com o novo roteiro do Walking Tour\"> Igreja<\/a> S\u00e3o Jo\u00e3o Batista.<\/li>\n<\/ul>\n\n\n\n<p><strong>Interdi\u00e7\u00f5es em C\u00f3rrego do Ouro:<\/strong><\/p>\n\n\n\n<ul class=\"wp-block-list\">\n<li><strong>Quinta-feira (30), \u00e0s 6h:<\/strong> A Rua Alzemiro Thomaz ser\u00e1 interditada para a confec\u00e7\u00e3o dos tapetes de sal.<\/li>\n\n\n\n<li><strong>Prociss\u00e3o \u00e0s 17h30:<\/strong> Percurso pela Rua Alzemiro Thomaz, Rua Roberto Muniz de Souza, Rua Ant\u00f4nio Paes, Avenida Miguel Peixoto Guimar\u00e3es, at\u00e9 a Par\u00f3quia Nossa Senhora das Neves.<\/li>\n<\/ul>\n\n\n\n<p>Os motoristas devem estar atentos \u00e0s sinaliza\u00e7\u00f5es e buscar rotas alternativas para evitar transtornos durante os eventos.<\/p>\n\n\n\n<p><em><strong><a href=\"https:\/\/www.macae.rj.gov.br\/noticias\/leitura\/noticia\/informe-mobilidade-urbana-tapetes-de-sal-procissao-e-missa-de-corpus-christi\" title=\"\">Fonte Secom Pref de Maca\u00e9<\/a><\/strong><\/em><\/p>\n","protected":false},"excerpt":{"rendered":"<p>Mobilidade Urbana informa interdi\u00e7\u00f5es onde acontece os tapetes de sal, prociss\u00e3o e missa Para garantir a seguran\u00e7a durante os eventos de Corpus Christi, que incluem a missa campal, a confec\u00e7\u00e3o dos tapetes de sal e a prociss\u00e3o, haver\u00e1 mudan\u00e7as no tr\u00e1fego nas regi\u00f5es de Imbetiba e C\u00f3rrego do Ouro. A Coordenadoria de Tr\u00e2nsito da Secretaria [&hellip;]<\/p>\n","protected":false},"author":2,"featured_media":16742,"comment_status":"closed","ping_status":"closed","sticky":false,"template":"","format":"standard","meta":{"postBodyCss":"","postBodyMargin":[],"postBodyPadding":[],"postBodyBackground":{"backgroundType":"classic","gradient":""},"footnotes":""},"categories":[851,200,42],"tags":[487,140,322],"class_list":["post-16740","post","type-post","status-publish","format-standard","has-post-thumbnail","hentry","category-espiritualidade","category-evento","category-macae","tag-feriado","tag-mobilidade-urbana","tag-religiao"],"aioseo_notices":[],"_links":{"self":[{"href":"https:\/\/aconteceemmacaeeregiao.com.br\/index.php\/wp-json\/wp\/v2\/posts\/16740","targetHints":{"allow":["GET"]}}],"collection":[{"href":"https:\/\/aconteceemmacaeeregiao.com.br\/index.php\/wp-json\/wp\/v2\/posts"}],"about":[{"href":"https:\/\/aconteceemmacaeeregiao.com.br\/index.php\/wp-json\/wp\/v2\/types\/post"}],"author":[{"embeddable":true,"href":"https:\/\/aconteceemmacaeeregiao.com.br\/index.php\/wp-json\/wp\/v2\/users\/2"}],"replies":[{"embeddable":true,"href":"https:\/\/aconteceemmacaeeregiao.com.br\/index.php\/wp-json\/wp\/v2\/comments?post=16740"}],"version-history":[{"count":0,"href":"https:\/\/aconteceemmacaeeregiao.com.br\/index.php\/wp-json\/wp\/v2\/posts\/16740\/revisions"}],"wp:featuredmedia":[{"embeddable":true,"href":"https:\/\/aconteceemmacaeeregiao.com.br\/index.php\/wp-json\/wp\/v2\/media\/16742"}],"wp:attachment":[{"href":"https:\/\/aconteceemmacaeeregiao.com.br\/index.php\/wp-json\/wp\/v2\/media?parent=16740"}],"wp:term":[{"taxonomy":"category","embeddable":true,"href":"https:\/\/aconteceemmacaeeregiao.com.br\/index.php\/wp-json\/wp\/v2\/categories?post=16740"},{"taxonomy":"post_tag","embeddable":true,"href":"https:\/\/aconteceemmacaeeregiao.com.br\/index.php\/wp-json\/wp\/v2\/tags?post=16740"}],"curies":[{"name":"wp","href":"https:\/\/api.w.org\/{rel}","templated":true}]}}