{"id":16959,"date":"2024-06-11T00:42:58","date_gmt":"2024-06-11T03:42:58","guid":{"rendered":"https:\/\/aconteceemmacaeeregiao.com.br\/?p=16959"},"modified":"2024-06-11T00:43:00","modified_gmt":"2024-06-11T03:43:00","slug":"prefeitura-de-macae-realiza-cirurgia-da-linguinha-gratuitamente","status":"publish","type":"post","link":"https:\/\/aconteceemmacaeeregiao.com.br\/index.php\/2024\/06\/11\/prefeitura-de-macae-realiza-cirurgia-da-linguinha-gratuitamente\/","title":{"rendered":"Prefeitura de Maca\u00e9 realiza cirurgia da linguinha gratuitamente"},"content":{"rendered":"\n<p>A Prefeitura de Maca\u00e9, atrav\u00e9s do Centro de Especialidades Odontol\u00f3gicas (CEO) da Secretaria de Sa\u00fade, oferece a <a href=\"https:\/\/aconteceemmacaeeregiao.com.br\/index.php\/2024\/05\/30\/entenda-o-que-levou-tony-ramos-a-duas-cirurgias-no-cerebro\/\" title=\"Entenda o que levou Tony Ramos a duas cirurgias no c\u00e9rebro\">cirurgia<\/a> da linguinha gratuitamente. O procedimento, essencial para beb\u00eas com anquiloglossia (l\u00edngua-presa), \u00e9 realizado \u00e0s segundas e quartas-feiras, sem fila de espera, necessitando apenas de marca\u00e7\u00e3o.<\/p>\n\n\n\n<h4 class=\"wp-block-heading\">Processo de marca\u00e7\u00e3o<\/h4>\n\n\n\n<p>Para agendar a cirurgia, os pais precisam apresentar:<\/p>\n\n\n\n<ul class=\"wp-block-list\">\n<li>Encaminhamento da fonoaudi\u00f3loga<\/li>\n\n\n\n<li>Teste da linguinha alterado<\/li>\n\n\n\n<li>Teste do pezinho<\/li>\n<\/ul>\n\n\n\n<p>A coordenadora da Cl\u00ednica de<a href=\"https:\/\/aconteceemmacaeeregiao.com.br\/index.php\/2024\/06\/03\/dia-mundial-do-meio-ambiente-tera-lancamento-de-projeto-em-macae\/\" title=\"Dia Mundial do Meio Ambiente ter\u00e1 lan\u00e7amento de projeto em Maca\u00e9\"> Beb\u00eas<\/a> e Odontopediatria do CEO, Carla Bittencourt, enfatiza a import\u00e2ncia da cirurgia precoce para rec\u00e9m-nascidos diagnosticados com anquiloglossia:<\/p>\n\n\n\n<blockquote class=\"wp-block-quote is-layout-flow wp-block-quote-is-layout-flow\">\n<p>&#8220;Quanto antes passar pela cirurgia, melhor. Se deixar para fazer a interven\u00e7\u00e3o com mais idade, a crian\u00e7a ter\u00e1 um p\u00f3s-operat\u00f3rio mais complexo.&#8221;<\/p>\n<\/blockquote>\n\n\n\n<h4 class=\"wp-block-heading\">Benef\u00edcios da cirurgia<\/h4>\n\n\n\n<p>Vanessa da Silva dos Santos, que realizou a cirurgia em seu filho Noah de um m\u00eas de idade, compartilhou sua experi\u00eancia positiva:<\/p>\n\n\n\n<blockquote class=\"wp-block-quote is-layout-flow wp-block-quote-is-layout-flow\">\n<p>&#8220;Fiz a interven\u00e7\u00e3o cir\u00fargica com 24 anos, minha filha mais velha fez aos 7 anos e sofreu bastante. J\u00e1 o mais novo, fez a cirurgia h\u00e1 uma semana e est\u00e1 \u00f3timo, se alimentando bem sem nenhuma dificuldade.&#8221;<\/p>\n<\/blockquote>\n\n\n\n<p>O odontopediatra Luiz Maur\u00edcio Nunes explica que a cirurgia \u00e9 r\u00e1pida, com anestesia local, melhorando significativamente a qualidade de vida dos beb\u00eas e crian\u00e7as ao evitar <a href=\"https:\/\/aconteceemmacaeeregiao.com.br\/index.php\/2024\/05\/28\/hipertensao-infantil-identificacao-e-tratamento-precoces\/\" title=\"Hipertens\u00e3o infantil: Identifica\u00e7\u00e3o e tratamento precoces\">complica\u00e7\u00f5es<\/a> como:<\/p>\n\n\n\n<ul class=\"wp-block-list\">\n<li>Dificuldade para mamar<\/li>\n\n\n\n<li>Atraso no desenvolvimento da fala e linguagem<\/li>\n\n\n\n<li>Risco de engasgamento<\/li>\n\n\n\n<li>Problemas na introdu\u00e7\u00e3o de alimentos s\u00f3lidos<\/li>\n<\/ul>\n\n\n\n<h4 class=\"wp-block-heading\">Informa\u00e7\u00f5es e Contato<\/h4>\n\n\n\n<p>O CEO, vinculado \u00e0 Secretaria Municipal de Sa\u00fade, est\u00e1 localizado na Rua Velho Campos, 566, no Centro. Para mais informa\u00e7\u00f5es, os interessados podem entrar em contato pelos telefones:<\/p>\n\n\n\n<ul class=\"wp-block-list\">\n<li>(22) 2762-0539<\/li>\n\n\n\n<li>(22) 2772-0040<\/li>\n\n\n\n<li>(22) 2772-0235<\/li>\n<\/ul>\n\n\n\n<p>A cirurgia da linguinha proporciona melhor qualidade de vida e evita futuras complica\u00e7\u00f5es, garantindo um desenvolvimento saud\u00e1vel para os beb\u00eas de Maca\u00e9.<\/p>\n\n\n\n<p><em><a href=\"https:\/\/macae.rj.gov.br\/noticias\/leitura\/noticia\/odontologia-prefeitura-realiza-cirurgia-da-linguinha\" title=\"\">Fonte Secom Pref de Maca\u00e9<\/a><\/em><\/p>\n","protected":false},"excerpt":{"rendered":"<p>A Prefeitura de Maca\u00e9, atrav\u00e9s do Centro de Especialidades Odontol\u00f3gicas (CEO) da Secretaria de Sa\u00fade, oferece a cirurgia da linguinha gratuitamente. O procedimento, essencial para beb\u00eas com anquiloglossia (l\u00edngua-presa), \u00e9 realizado \u00e0s segundas e quartas-feiras, sem fila de espera, necessitando apenas de marca\u00e7\u00e3o. Processo de marca\u00e7\u00e3o Para agendar a cirurgia, os pais precisam apresentar: A [&hellip;]<\/p>\n","protected":false},"author":2,"featured_media":16963,"comment_status":"closed","ping_status":"closed","sticky":false,"template":"","format":"standard","meta":{"postBodyCss":"","postBodyMargin":[],"postBodyPadding":[],"postBodyBackground":{"backgroundType":"classic","gradient":""},"footnotes":""},"categories":[42],"tags":[389,391,646,89],"class_list":["post-16959","post","type-post","status-publish","format-standard","has-post-thumbnail","hentry","category-macae","tag-bebes","tag-cirurgia","tag-odontologico","tag-prefeitura"],"aioseo_notices":[],"_links":{"self":[{"href":"https:\/\/aconteceemmacaeeregiao.com.br\/index.php\/wp-json\/wp\/v2\/posts\/16959","targetHints":{"allow":["GET"]}}],"collection":[{"href":"https:\/\/aconteceemmacaeeregiao.com.br\/index.php\/wp-json\/wp\/v2\/posts"}],"about":[{"href":"https:\/\/aconteceemmacaeeregiao.com.br\/index.php\/wp-json\/wp\/v2\/types\/post"}],"author":[{"embeddable":true,"href":"https:\/\/aconteceemmacaeeregiao.com.br\/index.php\/wp-json\/wp\/v2\/users\/2"}],"replies":[{"embeddable":true,"href":"https:\/\/aconteceemmacaeeregiao.com.br\/index.php\/wp-json\/wp\/v2\/comments?post=16959"}],"version-history":[{"count":0,"href":"https:\/\/aconteceemmacaeeregiao.com.br\/index.php\/wp-json\/wp\/v2\/posts\/16959\/revisions"}],"wp:featuredmedia":[{"embeddable":true,"href":"https:\/\/aconteceemmacaeeregiao.com.br\/index.php\/wp-json\/wp\/v2\/media\/16963"}],"wp:attachment":[{"href":"https:\/\/aconteceemmacaeeregiao.com.br\/index.php\/wp-json\/wp\/v2\/media?parent=16959"}],"wp:term":[{"taxonomy":"category","embeddable":true,"href":"https:\/\/aconteceemmacaeeregiao.com.br\/index.php\/wp-json\/wp\/v2\/categories?post=16959"},{"taxonomy":"post_tag","embeddable":true,"href":"https:\/\/aconteceemmacaeeregiao.com.br\/index.php\/wp-json\/wp\/v2\/tags?post=16959"}],"curies":[{"name":"wp","href":"https:\/\/api.w.org\/{rel}","templated":true}]}}