{"id":16965,"date":"2024-06-11T00:49:44","date_gmt":"2024-06-11T03:49:44","guid":{"rendered":"https:\/\/aconteceemmacaeeregiao.com.br\/?p=16965"},"modified":"2024-06-11T00:52:28","modified_gmt":"2024-06-11T03:52:28","slug":"homem-preso-em-flagrante-cortando-cabos-de-internet-em-cabo-frio","status":"publish","type":"post","link":"https:\/\/aconteceemmacaeeregiao.com.br\/index.php\/2024\/06\/11\/homem-preso-em-flagrante-cortando-cabos-de-internet-em-cabo-frio\/","title":{"rendered":"Homem preso em flagrante cortando cabos de Internet"},"content":{"rendered":"\n<p>Na manh\u00e3 desta segunda-feira (10\/06), policiais civis da 126\u00aa DP (Cabo Frio) prenderam um homem em flagrante por furto de cabos de internet. A a\u00e7\u00e3o ocorreu no bairro Braga, em Cabo Frio, na Regi\u00e3o dos Lagos.<\/p>\n\n\n\n<h4 class=\"wp-block-heading\">A\u00e7\u00e3o da Pol\u00edcia<\/h4>\n\n\n\n<p>Ap\u00f3s receber uma solicita\u00e7\u00e3o, os policiais se dirigiram ao local e flagraram o suspeito enrolando cabos rec\u00e9m-cortados dos postes de <a href=\"https:\/\/aconteceemmacaeeregiao.com.br\/index.php\/2024\/05\/31\/cidade-energia-lider-na-regiao-na-criacao-de-empregos\/\" title=\"Cidade Energia lider na regi\u00e3o na cria\u00e7\u00e3o de empregos\">energia<\/a>. O homem foi detido e levado \u00e0 delegacia, onde foi preso em flagrante. Durante a opera\u00e7\u00e3o, foram apreendidos cerca de 30 metros de cabo de internet com o acusado.<\/p>\n\n\n\n<h4 class=\"wp-block-heading\">Impacto e Consequ\u00eancias<\/h4>\n\n\n\n<p>O furto de cabos de internet n\u00e3o apenas resulta em preju\u00edzos financeiros para as empresas, mas tamb\u00e9m afeta a conectividade e os servi\u00e7os essenciais para a comunidade. Al\u00e9m do transtorno causado aos moradores, essas a\u00e7\u00f5es podem comprometer a <a href=\"https:\/\/aconteceemmacaeeregiao.com.br\/index.php\/2024\/05\/27\/macae-realiza-pedal-solidario-para-promover-seguranca-no-transito\/\" title=\"Maca\u00e9 realiza Pedal Solid\u00e1rio para promover seguran\u00e7a no tr\u00e2nsito\">seguran\u00e7a<\/a>, pois cabos danificados podem provocar acidentes ou interferir em outros servi\u00e7os p\u00fablicos.<\/p>\n\n\n\n<h4 class=\"wp-block-heading\">Dicas de Seguran\u00e7a<\/h4>\n\n\n\n<p>Para evitar esse tipo de crime, algumas medidas de seguran\u00e7a podem ser adotadas:<\/p>\n\n\n\n<ol class=\"wp-block-list\">\n<li><strong>Monitoramento e Vigil\u00e2ncia:<\/strong> Instalar c\u00e2meras de seguran\u00e7a em \u00e1reas vulner\u00e1veis pode ajudar a identificar e deter criminosos.<\/li>\n\n\n\n<li><strong>Ilumina\u00e7\u00e3o Adequada:<\/strong> Manter as \u00e1reas bem iluminadas pode reduzir o risco de furtos.<\/li>\n\n\n\n<li><strong>Relatar Atividades Suspeitas:<\/strong> A comunidade deve estar atenta e relatar qualquer atividade suspeita \u00e0s autoridades.<\/li>\n\n\n\n<li><strong>Parcerias Comunit\u00e1rias:<\/strong> Estabelecer parcerias entre moradores, empresas de internet e for\u00e7as de seguran\u00e7a pode fortalecer a vigil\u00e2ncia e prote\u00e7\u00e3o das \u00e1reas.<\/li>\n<\/ol>\n\n\n\n<p>O combate ao <a href=\"https:\/\/aconteceemmacaeeregiao.com.br\/index.php\/2024\/02\/26\/enel-identifica-109-furtos-de-energia-em-macae\/\" title=\"Enel Identifica 109 Furtos de Energia em Maca\u00e9\">furto<\/a> de cabos \u00e9 uma responsabilidade coletiva, e a colabora\u00e7\u00e3o entre a comunidade e as autoridades \u00e9 crucial para garantir a seguran\u00e7a e a continuidade dos servi\u00e7os essenciais.<\/p>\n\n\n\n<p><em><a href=\"http:\/\/www.policiacivilrj.net.br\/noticias.php?id=21592\" title=\"\">Fonte Ascom PCERJ<\/a><\/em><\/p>\n","protected":false},"excerpt":{"rendered":"<p>Na manh\u00e3 desta segunda-feira (10\/06), policiais civis da 126\u00aa DP (Cabo Frio) prenderam um homem em flagrante por furto de cabos de internet. A a\u00e7\u00e3o ocorreu no bairro Braga, em Cabo Frio, na Regi\u00e3o dos Lagos. A\u00e7\u00e3o da Pol\u00edcia Ap\u00f3s receber uma solicita\u00e7\u00e3o, os policiais se dirigiram ao local e flagraram o suspeito enrolando cabos [&hellip;]<\/p>\n","protected":false},"author":2,"featured_media":9681,"comment_status":"closed","ping_status":"closed","sticky":false,"template":"","format":"standard","meta":{"postBodyCss":"","postBodyMargin":[],"postBodyPadding":[],"postBodyBackground":{"backgroundType":"classic","gradient":""},"footnotes":""},"categories":[155,47],"tags":[307,151,130,100],"class_list":["post-16965","post","type-post","status-publish","format-standard","has-post-thumbnail","hentry","category-cabo-frio","category-ocorrencias","tag-126-dp","tag-energia","tag-furto","tag-prisao"],"aioseo_notices":[],"_links":{"self":[{"href":"https:\/\/aconteceemmacaeeregiao.com.br\/index.php\/wp-json\/wp\/v2\/posts\/16965","targetHints":{"allow":["GET"]}}],"collection":[{"href":"https:\/\/aconteceemmacaeeregiao.com.br\/index.php\/wp-json\/wp\/v2\/posts"}],"about":[{"href":"https:\/\/aconteceemmacaeeregiao.com.br\/index.php\/wp-json\/wp\/v2\/types\/post"}],"author":[{"embeddable":true,"href":"https:\/\/aconteceemmacaeeregiao.com.br\/index.php\/wp-json\/wp\/v2\/users\/2"}],"replies":[{"embeddable":true,"href":"https:\/\/aconteceemmacaeeregiao.com.br\/index.php\/wp-json\/wp\/v2\/comments?post=16965"}],"version-history":[{"count":0,"href":"https:\/\/aconteceemmacaeeregiao.com.br\/index.php\/wp-json\/wp\/v2\/posts\/16965\/revisions"}],"wp:featuredmedia":[{"embeddable":true,"href":"https:\/\/aconteceemmacaeeregiao.com.br\/index.php\/wp-json\/wp\/v2\/media\/9681"}],"wp:attachment":[{"href":"https:\/\/aconteceemmacaeeregiao.com.br\/index.php\/wp-json\/wp\/v2\/media?parent=16965"}],"wp:term":[{"taxonomy":"category","embeddable":true,"href":"https:\/\/aconteceemmacaeeregiao.com.br\/index.php\/wp-json\/wp\/v2\/categories?post=16965"},{"taxonomy":"post_tag","embeddable":true,"href":"https:\/\/aconteceemmacaeeregiao.com.br\/index.php\/wp-json\/wp\/v2\/tags?post=16965"}],"curies":[{"name":"wp","href":"https:\/\/api.w.org\/{rel}","templated":true}]}}