{"id":16972,"date":"2024-06-11T20:18:56","date_gmt":"2024-06-11T23:18:56","guid":{"rendered":"https:\/\/aconteceemmacaeeregiao.com.br\/?p=16972"},"modified":"2024-06-11T20:34:30","modified_gmt":"2024-06-11T23:34:30","slug":"proa-oferece-8-mil-vagas-gratuitas-em-processo-seletivo","status":"publish","type":"post","link":"https:\/\/aconteceemmacaeeregiao.com.br\/index.php\/2024\/06\/11\/proa-oferece-8-mil-vagas-gratuitas-em-processo-seletivo\/","title":{"rendered":"PROA oferece 8 mil vagas gratuitas em processo seletivo"},"content":{"rendered":"\n<p><em><strong>\u00a0S\u00e3o diversos cursos para jovens de escolas p\u00fablicas do Esaado do Rio de Janeiro\u00a0<\/strong><\/em><\/p>\n\n\n\n<p>A Plataforma PROA est\u00e1 com inscri\u00e7\u00f5es abertas at\u00e9 31 de julho para 8 mil <a href=\"https:\/\/aconteceemmacaeeregiao.com.br\/index.php\/2024\/06\/04\/empresas-abrem-mais-de-5-mil-vagas-de-emprego-veja-lista\/\" title=\"Empresas abrem mais de 5 mil vagas de emprego; veja lista\">vagas<\/a> em seu curso voltado a estudantes do Ensino M\u00e9dio de escolas p\u00fablicas do Rio de Janeiro. O curso, que inicia em 2 de setembro, possui uma carga hor\u00e1ria de 100 horas, dividido em quatro m\u00f3dulos: Autoconhecimento, Projeto Profissional, Racioc\u00ednio L\u00f3gico e Comunica\u00e7\u00e3o. Inscreva-se no site <a href=\"http:\/\/proa.org.br\">proa.org.br<\/a>.<\/p>\n\n\n\n<p><strong>Como se inscrever<\/strong><\/p>\n\n\n\n<p>Para participar, os candidatos devem realizar um teste b\u00e1sico de l\u00edngua portuguesa, matem\u00e1tica e an\u00e1lise de perfil. Os aprovados seguem para a etapa de preenchimento dos dados pessoais e matr\u00edcula. De acordo com Alini Dal&#8217;Magro, CEO do Instituto PROA, &#8220;cerca de 85% dos <a href=\"https:\/\/aconteceemmacaeeregiao.com.br\/index.php\/2024\/04\/27\/programa-coloca-125-jovens-em-uma-jornada-de-crescimento-profissional\/\" title=\"Programa coloca 125 Jovens em uma jornada de crescimento profissional\">jovens<\/a> conseguem emprego ap\u00f3s a conclus\u00e3o do curso&#8221;.<\/p>\n\n\n\n<p><strong>Estrutura do curso e m\u00f3dulos t\u00e9cnicos<\/strong><\/p>\n\n\n\n<p>O curso oferece tamb\u00e9m um 5\u00ba m\u00f3dulo opcional, com trilhas t\u00e9cnicas patrocinadas por grandes empresas, como Administra\u00e7\u00e3o (P&amp;G), Log\u00edstica (P&amp;G), Excel e Power BI (Microsoft), Varejo (Funda\u00e7\u00e3o Casas Bahia), UX Design (Accenture), Promo\u00e7\u00e3o de Marcas (BRF), Educa\u00e7\u00e3o Financeira (Bloomberg + Dahlia Capital) e Atendimento a Clientes (IMFG + Grupo Bmg).<\/p>\n\n\n\n<p><strong>Op\u00e7\u00f5es presenciais e certifica\u00e7\u00e3o<\/strong><\/p>\n\n\n\n<p>Os alunos que preferem estudar presencialmente podem acessar os espa\u00e7os com computadores e monitores no Rio de Janeiro e em Serop\u00e9dica. Ao final do curso, os participantes recebem certificado e acesso a uma plataforma exclusiva de vagas de emprego, com o apoio da Secretaria Estadual de Desenvolvimento Econ\u00f4mico para inser\u00e7\u00e3o no mercado de trabalho.<\/p>\n\n\n\n<p><strong>Depoimento e impacto<\/strong><\/p>\n\n\n\n<p>Yasmim Gomes, ex-aluna do PROA, destaca a import\u00e2ncia das simula\u00e7\u00f5es de entrevistas e tutorias para sua confian\u00e7a e sucesso em uma vaga de <a href=\"https:\/\/aconteceemmacaeeregiao.com.br\/index.php\/2024\/05\/20\/rio-divulga-vagas-de-emprego-estagio-e-jovem-aprendiz\/\" title=\"Rio divulga vagas de emprego, est\u00e1gio e jovem aprendiz\">est\u00e1gio<\/a> na Heineken. O Instituto PROA, fundado em 2007, j\u00e1 impactou mais de 36 mil alunos, oferecendo cursos em diversos estados brasileiros, com expans\u00e3o prevista para 2024.<\/p>\n\n\n\n<p><strong>Servi\u00e7o \u2013 Plataforma PROA<\/strong><\/p>\n\n\n\n<ul class=\"wp-block-list\">\n<li>Processo seletivo para a Plataforma PROA: inscri\u00e7\u00f5es at\u00e9 31\/07<\/li>\n\n\n\n<li>In\u00edcio das aulas: 02\/09<\/li>\n\n\n\n<li>Inscri\u00e7\u00f5es no site: <a href=\"http:\/\/proa.org.br\">proa.org.br<\/a><\/li>\n\n\n\n<li>Requisitos: Ter entre 17 e 22 anos, morar no estado do Rio de Janeiro, estar cursando ou ter conclu\u00eddo o 3\u00ba ano do Ensino M\u00e9dio em escola p\u00fablica.<\/li>\n<\/ul>\n\n\n\n<p>Aproveite esta oportunidade para se preparar e conquistar seu espa\u00e7o no mercado de trabalho!<\/p>\n","protected":false},"excerpt":{"rendered":"<p>\u00a0S\u00e3o diversos cursos para jovens de escolas p\u00fablicas do Esaado do Rio de Janeiro\u00a0 A Plataforma PROA est\u00e1 com inscri\u00e7\u00f5es abertas at\u00e9 31 de julho para 8 mil vagas em seu curso voltado a estudantes do Ensino M\u00e9dio de escolas p\u00fablicas do Rio de Janeiro. O curso, que inicia em 2 de setembro, possui uma [&hellip;]<\/p>\n","protected":false},"author":2,"featured_media":16974,"comment_status":"closed","ping_status":"closed","sticky":false,"template":"","format":"standard","meta":{"postBodyCss":"","postBodyMargin":[],"postBodyPadding":[],"postBodyBackground":{"backgroundType":"classic","gradient":""},"footnotes":""},"categories":[61,1],"tags":[132,77,82],"class_list":["post-16972","post","type-post","status-publish","format-standard","has-post-thumbnail","hentry","category-educacao","category-sem-categoria","tag-cursos-gratuitos","tag-emprego","tag-oportunidade"],"aioseo_notices":[],"_links":{"self":[{"href":"https:\/\/aconteceemmacaeeregiao.com.br\/index.php\/wp-json\/wp\/v2\/posts\/16972","targetHints":{"allow":["GET"]}}],"collection":[{"href":"https:\/\/aconteceemmacaeeregiao.com.br\/index.php\/wp-json\/wp\/v2\/posts"}],"about":[{"href":"https:\/\/aconteceemmacaeeregiao.com.br\/index.php\/wp-json\/wp\/v2\/types\/post"}],"author":[{"embeddable":true,"href":"https:\/\/aconteceemmacaeeregiao.com.br\/index.php\/wp-json\/wp\/v2\/users\/2"}],"replies":[{"embeddable":true,"href":"https:\/\/aconteceemmacaeeregiao.com.br\/index.php\/wp-json\/wp\/v2\/comments?post=16972"}],"version-history":[{"count":0,"href":"https:\/\/aconteceemmacaeeregiao.com.br\/index.php\/wp-json\/wp\/v2\/posts\/16972\/revisions"}],"wp:featuredmedia":[{"embeddable":true,"href":"https:\/\/aconteceemmacaeeregiao.com.br\/index.php\/wp-json\/wp\/v2\/media\/16974"}],"wp:attachment":[{"href":"https:\/\/aconteceemmacaeeregiao.com.br\/index.php\/wp-json\/wp\/v2\/media?parent=16972"}],"wp:term":[{"taxonomy":"category","embeddable":true,"href":"https:\/\/aconteceemmacaeeregiao.com.br\/index.php\/wp-json\/wp\/v2\/categories?post=16972"},{"taxonomy":"post_tag","embeddable":true,"href":"https:\/\/aconteceemmacaeeregiao.com.br\/index.php\/wp-json\/wp\/v2\/tags?post=16972"}],"curies":[{"name":"wp","href":"https:\/\/api.w.org\/{rel}","templated":true}]}}