{"id":17025,"date":"2024-06-12T23:40:14","date_gmt":"2024-06-13T02:40:14","guid":{"rendered":"https:\/\/aconteceemmacaeeregiao.com.br\/?p=17025"},"modified":"2024-06-12T23:40:15","modified_gmt":"2024-06-13T02:40:15","slug":"atleta-de-macae-participa-dos-jogos-do-brics-na-russia","status":"publish","type":"post","link":"https:\/\/aconteceemmacaeeregiao.com.br\/index.php\/2024\/06\/12\/atleta-de-macae-participa-dos-jogos-do-brics-na-russia\/","title":{"rendered":"Atleta de Maca\u00e9 participa dos jogos do BRICS na R\u00fassia"},"content":{"rendered":"\n<p><strong><em>O eFootball, modalidade em que Gabriel compete, \u00e9 um jogo eletr\u00f4nico dispon\u00edvel em dispositivos como o PlayStation<\/em><\/strong><\/p>\n\n\n\n<p>Gabriel Franja, atleta de 23 anos de Maca\u00e9, tem um motivo especial para comemorar seu anivers\u00e1rio nesta quarta-feira (12): ele representar\u00e1 o Brasil nos Jogos do BRICS na R\u00fassia. A competi\u00e7\u00e3o internacional, que acontecer\u00e1 de 20 a 24 de junho na cidade de Kazan, contar\u00e1 com quase 5 mil atletas em 27 modalidades. Franja competir\u00e1 na modalidade FIFA Volta 5 x 5 \u2013 Phygital Football.<\/p>\n\n\n\n<p>Essa ser\u00e1 a segunda vez que Gabriel representar\u00e1 o<a href=\"https:\/\/aconteceemmacaeeregiao.com.br\/index.php\/2024\/05\/23\/depressao-e-obesidade-a-complexa-relacao-que-afeta-milhoes-de-brasileiros\/\" title=\"Depress\u00e3o e obesidade: A complexa rela\u00e7\u00e3o que afeta milh\u00f5es de brasileiros\"> Brasil<\/a> em uma competi\u00e7\u00e3o internacional, a primeira tendo sido pela Confedera\u00e7\u00e3o Brasileira de Games (CBGE) e agora pela Confedera\u00e7\u00e3o Brasileira de Desporto Universit\u00e1rio (CBDU). Ele viajar\u00e1 para a R\u00fassia no dia 18 de junho.<\/p>\n\n\n\n<h4 class=\"wp-block-heading\">Trajet\u00f3ria de Sucesso<\/h4>\n\n\n\n<p>Morador de Maca\u00e9 e beneficiado pelo programa Bolsa-Atleta da prefeitura, Gabriel Franja \u00e9 um competidor de alto rendimento com uma carreira brilhante. Ele j\u00e1 foi duas vezes <a href=\"https:\/\/aconteceemmacaeeregiao.com.br\/index.php\/2024\/01\/15\/atleta-estreante-de-macae-e-vice-campeao-brasileiro-de-tenis-de-mesa\/\" title=\"Atleta estreante de Maca\u00e9 \u00e9 vice-campe\u00e3o brasileiro de t\u00eanis de mesa\">campe\u00e3o<\/a> brasileiro: em 2021 pelo Vasco e em 2022 pelo Corinthians. Al\u00e9m disso, foi vice-campe\u00e3o do Ebrasileir\u00e3o na Cidade do Rock (2022), quinto colocado no Mundial (2022) e representou o Brasil nas Olimp\u00edadas do Paraguai no mesmo ano. Sua carreira profissional come\u00e7ou em 2020, quando foi convidado pelo Vasco.<\/p>\n\n\n\n<p>Gabriel treina seis horas por dia para manter seu alto n\u00edvel de performance. &#8220;Este apoio da prefeitura \u00e9 muito importante, porque, como qualquer outro esporte, no jogo online para se alcan\u00e7ar alta performance tamb\u00e9m \u00e9 necess\u00e1rio prepara\u00e7\u00e3o psicol\u00f3gica, dedica\u00e7\u00e3o e disciplina&#8221;, comenta o atleta.<\/p>\n\n\n\n<h4 class=\"wp-block-heading\">Import\u00e2ncia do Programa Bolsa-Atleta<\/h4>\n\n\n\n<p>O programa<a href=\"https:\/\/aconteceemmacaeeregiao.com.br\/index.php\/2024\/06\/03\/atleta-macaense-conquista-medalhas-no-kickboxing\/\" title=\"Atleta macaense conquista medalhas no Kickboxing\"> Bolsa-Atleta<\/a>, promovido pela Secretaria de Esportes de Maca\u00e9, tem sido essencial para que atletas de alto rendimento como Gabriel Franja possam se dedicar aos treinos e competi\u00e7\u00f5es. O programa n\u00e3o apenas auxilia financeiramente os atletas, mas tamb\u00e9m ajuda a levar o nome de Maca\u00e9 para competi\u00e7\u00f5es nacionais e internacionais.<\/p>\n\n\n\n<p>O eFootball, modalidade em que Gabriel compete, \u00e9 um jogo eletr\u00f4nico dispon\u00edvel em dispositivos como o PlayStation. As partidas duram em m\u00e9dia 15 minutos e, nas competi\u00e7\u00f5es oficiais, tr\u00eas jogadores atuam simultaneamente defendendo o time que representam.<\/p>\n\n\n\n<h3 class=\"wp-block-heading\">Dicas para Aspirantes a Atletas de eSports<\/h3>\n\n\n\n<ul class=\"wp-block-list\">\n<li><strong>Dedica\u00e7\u00e3o<\/strong>: Treine regularmente e com disciplina.<\/li>\n\n\n\n<li><strong>Prepara\u00e7\u00e3o Psicol\u00f3gica<\/strong>: Invista em t\u00e9cnicas de controle emocional e foco.<\/li>\n\n\n\n<li><strong>Aproveite Oportunidades<\/strong>: Busque programas de apoio como o Bolsa-Atleta.<\/li>\n<\/ul>\n\n\n\n<p>Gabriel Franja \u00e9 um exemplo de como o apoio local e a dedica\u00e7\u00e3o pessoal podem levar atletas a alcan\u00e7ar destaque em competi\u00e7\u00f5es internacionais, elevando o nome de Maca\u00e9 no cen\u00e1rio esportivo global.<\/p>\n\n\n\n<p><em><a href=\"https:\/\/macae.rj.gov.br\/noticias\/leitura\/noticia\/atleta-de-macae-vai-a-russia-para-os-jogos-do-brics\" title=\"Fonte Secom Pref de maca\u00e9\">Fonte Secom Pref de maca\u00e9<\/a><\/em><\/p>\n","protected":false},"excerpt":{"rendered":"<p>O eFootball, modalidade em que Gabriel compete, \u00e9 um jogo eletr\u00f4nico dispon\u00edvel em dispositivos como o PlayStation Gabriel Franja, atleta de 23 anos de Maca\u00e9, tem um motivo especial para comemorar seu anivers\u00e1rio nesta quarta-feira (12): ele representar\u00e1 o Brasil nos Jogos do BRICS na R\u00fassia. A competi\u00e7\u00e3o internacional, que acontecer\u00e1 de 20 a 24 [&hellip;]<\/p>\n","protected":false},"author":2,"featured_media":17027,"comment_status":"closed","ping_status":"closed","sticky":false,"template":"","format":"standard","meta":{"postBodyCss":"","postBodyMargin":[],"postBodyPadding":[],"postBodyBackground":{"backgroundType":"classic","gradient":""},"footnotes":""},"categories":[6,42],"tags":[380,746,506,157],"class_list":["post-17025","post","type-post","status-publish","format-standard","has-post-thumbnail","hentry","category-esporte","category-macae","tag-bolsa-atleta","tag-campeonato","tag-internaciomnal","tag-jogos"],"aioseo_notices":[],"_links":{"self":[{"href":"https:\/\/aconteceemmacaeeregiao.com.br\/index.php\/wp-json\/wp\/v2\/posts\/17025","targetHints":{"allow":["GET"]}}],"collection":[{"href":"https:\/\/aconteceemmacaeeregiao.com.br\/index.php\/wp-json\/wp\/v2\/posts"}],"about":[{"href":"https:\/\/aconteceemmacaeeregiao.com.br\/index.php\/wp-json\/wp\/v2\/types\/post"}],"author":[{"embeddable":true,"href":"https:\/\/aconteceemmacaeeregiao.com.br\/index.php\/wp-json\/wp\/v2\/users\/2"}],"replies":[{"embeddable":true,"href":"https:\/\/aconteceemmacaeeregiao.com.br\/index.php\/wp-json\/wp\/v2\/comments?post=17025"}],"version-history":[{"count":0,"href":"https:\/\/aconteceemmacaeeregiao.com.br\/index.php\/wp-json\/wp\/v2\/posts\/17025\/revisions"}],"wp:featuredmedia":[{"embeddable":true,"href":"https:\/\/aconteceemmacaeeregiao.com.br\/index.php\/wp-json\/wp\/v2\/media\/17027"}],"wp:attachment":[{"href":"https:\/\/aconteceemmacaeeregiao.com.br\/index.php\/wp-json\/wp\/v2\/media?parent=17025"}],"wp:term":[{"taxonomy":"category","embeddable":true,"href":"https:\/\/aconteceemmacaeeregiao.com.br\/index.php\/wp-json\/wp\/v2\/categories?post=17025"},{"taxonomy":"post_tag","embeddable":true,"href":"https:\/\/aconteceemmacaeeregiao.com.br\/index.php\/wp-json\/wp\/v2\/tags?post=17025"}],"curies":[{"name":"wp","href":"https:\/\/api.w.org\/{rel}","templated":true}]}}