{"id":17137,"date":"2024-06-25T17:30:04","date_gmt":"2024-06-25T20:30:04","guid":{"rendered":"https:\/\/aconteceemmacaeeregiao.com.br\/?p=17137"},"modified":"2024-06-25T17:30:06","modified_gmt":"2024-06-25T20:30:06","slug":"festa-dos-pescadores-cultura-e-gastronomia-em-homenagem-a-sao-pedro","status":"publish","type":"post","link":"https:\/\/aconteceemmacaeeregiao.com.br\/index.php\/2024\/06\/25\/festa-dos-pescadores-cultura-e-gastronomia-em-homenagem-a-sao-pedro\/","title":{"rendered":"Festa dos Pescadores: Cultura e gastronomia em homenagem a S\u00e3o Pedro"},"content":{"rendered":"\n<p class=\"wp-block-paragraph\"><strong><em>A programa\u00e7\u00e3o inclui shows de artistas locais credenciados pela Secretaria de Cultura<\/em><\/strong> <strong><em>de Maca\u00e9<\/em><\/strong><\/p>\n\n\n\n<p class=\"wp-block-paragraph\">A tradicional Festa dos Pescadores de Maca\u00e9, em celebra\u00e7\u00e3o ao padroeiro S\u00e3o Pedro, acontecer\u00e1 este ano com uma programa\u00e7\u00e3o ampliada de atra\u00e7\u00f5es culturais e estandes gastron\u00f4micos. O evento ser\u00e1 realizado no <a href=\"https:\/\/aconteceemmacaeeregiao.com.br\/index.php\/2024\/06\/05\/festival-de-frutos-do-mar-comemora-centenario-do-mercado-de-peixes\/\" title=\"Festival de Frutos do Mar comemora centen\u00e1rio do Mercado de Peixes\">Mercado Municipal de Peixes<\/a>, com in\u00edcio na sexta-feira (28) \u00e0s 19h, prosseguindo at\u00e9 domingo (30), com entrada gratuita.<\/p>\n\n\n\n<p class=\"wp-block-paragraph\"><strong>Atra\u00e7\u00f5es e Destaques<\/strong><\/p>\n\n\n\n<p class=\"wp-block-paragraph\">A festa, resgatada pela atual gest\u00e3o, promete movimentar a comunidade pesqueira, oferecendo diversas op\u00e7\u00f5es de pratos t\u00edpicos, como bob\u00f3 de camar\u00e3o, feijoada de frutos do mar, por\u00e7\u00f5es de peixes e camar\u00f5es fritos, al\u00e9m de del\u00edcias juninas como caldos e churrasquinho no palito. Haver\u00e1 ainda barraquinhas de bebidas, churros, pipoca, algod\u00e3o doce e ma\u00e7\u00e3 do amor.<\/p>\n\n\n\n<p class=\"wp-block-paragraph\">A programa\u00e7\u00e3o inclui shows de artistas locais credenciados pela Secretaria de <a href=\"https:\/\/aconteceemmacaeeregiao.com.br\/index.php\/2024\/06\/24\/espetaculo-furdunco-do-fiofo-do-judas-faz-unica-sessao-no-sesi-macae\/\" title=\"Espet\u00e1culo \u201cFurdun\u00e7o do Fiof\u00f3 do Judas\u201d faz \u00fanica sess\u00e3o no SESI Maca\u00e9\">Cultura<\/a>, como Luan Nascimento e Fred Pereira, al\u00e9m do grupo Gente da Gente. As quadrilhas da Lua de Prata e Roceira da Projetada tamb\u00e9m se apresentar\u00e3o.<\/p>\n\n\n\n<p class=\"wp-block-paragraph\"><strong>Concurso de Embarca\u00e7\u00f5es e Atividades L\u00fadicas<\/strong><\/p>\n\n\n\n<p class=\"wp-block-paragraph\">As embarca\u00e7\u00f5es que participar\u00e3o da prociss\u00e3o mar\u00edtima, no domingo (30), \u00e0s 14h, concorrer\u00e3o a pr\u00eamios de R$ 2 mil, R$ 800 e R$ 500 para o primeiro, segundo e terceiro lugares, respectivamente. As inscri\u00e7\u00f5es podem ser realizadas na Col\u00f4nia de Pescadores Z3.<\/p>\n\n\n\n<p class=\"wp-block-paragraph\">Al\u00e9m das atra\u00e7\u00f5es <a href=\"https:\/\/aconteceemmacaeeregiao.com.br\/index.php\/2024\/06\/14\/festival-do-aipim-de-serra-da-cruz-em-julho\/\" title=\"Festival do Aipim de Serra da Cruz em julho\">gastron\u00f4micas<\/a> e musicais, haver\u00e1 brincadeiras para todas as idades no domingo, a partir das 10h, incluindo corrida do ovo na colher, pau de sebo e cabo de guerra, com premia\u00e7\u00f5es para os vencedores.<\/p>\n\n\n\n<p class=\"wp-block-paragraph\"><strong>Programa\u00e7\u00e3o Completa<\/strong><\/p>\n\n\n\n<p class=\"wp-block-paragraph\"><strong>Sexta-feira (28)<\/strong><\/p>\n\n\n\n<ul class=\"wp-block-list\">\n<li>19h: DJ Nanda<\/li>\n\n\n\n<li>20h: Quadrilha da Lua de Prata<\/li>\n\n\n\n<li>22h: Show Rosi Miranda<\/li>\n\n\n\n<li>00h: Show Luan Nascimento<\/li>\n\n\n\n<li>02h: Encerramento<\/li>\n<\/ul>\n\n\n\n<p class=\"wp-block-paragraph\"><strong>S\u00e1bado (29)<\/strong><\/p>\n\n\n\n<ul class=\"wp-block-list\">\n<li>18h: DJ Junior Domingues<\/li>\n\n\n\n<li>21h: Quadrilha Roceira da Projetada<\/li>\n\n\n\n<li>22h: Show Fred Pereira<\/li>\n\n\n\n<li>00h: Show Erica Carvalho<\/li>\n\n\n\n<li>02h: Encerramento<\/li>\n<\/ul>\n\n\n\n<p class=\"wp-block-paragraph\"><strong>Domingo (30)<\/strong><\/p>\n\n\n\n<ul class=\"wp-block-list\">\n<li>13h: DJ Junior Domingues<\/li>\n\n\n\n<li>14h: Prociss\u00e3o Mar\u00edtima de S\u00e3o Pedro<\/li>\n\n\n\n<li>16h: Brincadeiras<\/li>\n\n\n\n<li>17h: Show Gente da Gente<\/li>\n\n\n\n<li>18:30h: Entrega da Premia\u00e7\u00e3o<\/li>\n\n\n\n<li>19h: Show Thially Alves<\/li>\n\n\n\n<li>22h: Encerramento<\/li>\n<\/ul>\n\n\n\n<p class=\"wp-block-paragraph\"><strong>Organiza\u00e7\u00e3o e Parcerias<\/strong><\/p>\n\n\n\n<p class=\"wp-block-paragraph\">A festa \u00e9 organizada pela Secretaria Adjunta de Pesca e Aquicultura, com o apoio de v\u00e1rias outras secretarias municipais, incluindo Defesa Civil, Ordem P\u00fablica, Mobilidade Urbana, Sa\u00fade, Turismo e Cultura. A infraestrutura do evento conta com cerca de 20 estandes gastron\u00f4micos e a participa\u00e7\u00e3o de diversos estabelecimentos locais.<\/p>\n\n\n\n<p class=\"wp-block-paragraph\">Para mais informa\u00e7\u00f5es, acesse a p\u00e1gina oficial do evento ou entre em contato com a Secretaria de Pesca e Aquicultura de Maca\u00e9.<\/p>\n\n\n\n<p class=\"wp-block-paragraph\"><em><a href=\"https:\/\/www.macae.rj.gov.br\/noticias\/leitura\/noticia\/festa-dos-pescadores-tera-ampla-programacao-cultural-e-gastronomia-tipica\" title=\"\">Fonte Secom Pref de Maca\u00e9<\/a><\/em><\/p>\n","protected":false},"excerpt":{"rendered":"<p>A programa\u00e7\u00e3o inclui shows de artistas locais credenciados pela Secretaria de Cultura de Maca\u00e9 A tradicional Festa dos Pescadores de Maca\u00e9, em celebra\u00e7\u00e3o ao padroeiro S\u00e3o Pedro, acontecer\u00e1 este ano com uma programa\u00e7\u00e3o ampliada de atra\u00e7\u00f5es culturais e estandes gastron\u00f4micos. O evento ser\u00e1 realizado no Mercado Municipal de Peixes, com in\u00edcio na sexta-feira (28) \u00e0s [&hellip;]<\/p>\n","protected":false},"author":2,"featured_media":10897,"comment_status":"closed","ping_status":"closed","sticky":false,"template":"","format":"standard","meta":{"postBodyCss":"","postBodyMargin":[],"postBodyPadding":[],"postBodyBackground":{"backgroundType":"classic","gradient":""},"_themeisle_gutenberg_block_has_review":false,"footnotes":""},"categories":[86,46,42],"tags":[184,959,89,90],"class_list":["post-17137","post","type-post","status-publish","format-standard","has-post-thumbnail","hentry","category-cultura","category-diversao","category-macae","tag-gastronomia","tag-mercado-de-peixe","tag-prefeitura","tag-shows"],"aioseo_notices":[],"aioseo_head":"\n\t\t<!-- All in One SEO 4.9.10 - aioseo.com -->\n\t<meta name=\"description\" content=\"A programa\u00e7\u00e3o inclui shows de artistas locais credenciados pela Secretaria de Cultura de Maca\u00e9 A tradicional Festa dos Pescadores de Maca\u00e9, em celebra\u00e7\u00e3o ao padroeiro S\u00e3o Pedro, acontecer\u00e1 este ano com uma programa\u00e7\u00e3o ampliada de atra\u00e7\u00f5es culturais e estandes gastron\u00f4micos. O evento ser\u00e1 realizado no Mercado Municipal de Peixes, com in\u00edcio na sexta-feira (28) \u00e0s\" \/>\n\t<meta name=\"robots\" content=\"max-image-preview:large\" \/>\n\t<meta name=\"author\" content=\"Reda\u00e7\u00e3o\"\/>\n\t<link rel=\"canonical\" href=\"https:\/\/aconteceemmacaeeregiao.com.br\/index.php\/2024\/06\/25\/festa-dos-pescadores-cultura-e-gastronomia-em-homenagem-a-sao-pedro\/\" \/>\n\t<meta name=\"generator\" content=\"All in One SEO (AIOSEO) 4.9.10\" \/>\n\t\t<meta property=\"og:locale\" content=\"pt_BR\" \/>\n\t\t<meta property=\"og:site_name\" content=\"Acontece em Macae e Regiao - Not\u00edcias e Colunas de Maca\u00e9 e Regi\u00e3o\" \/>\n\t\t<meta property=\"og:type\" content=\"article\" \/>\n\t\t<meta property=\"og:title\" content=\"Festa dos Pescadores: Cultura e gastronomia em homenagem a S\u00e3o Pedro - Acontece em Macae e Regiao\" \/>\n\t\t<meta property=\"og:description\" content=\"A programa\u00e7\u00e3o inclui shows de artistas locais credenciados pela Secretaria de Cultura de Maca\u00e9 A tradicional Festa dos Pescadores de Maca\u00e9, em celebra\u00e7\u00e3o ao padroeiro S\u00e3o Pedro, acontecer\u00e1 este ano com uma programa\u00e7\u00e3o ampliada de atra\u00e7\u00f5es culturais e estandes gastron\u00f4micos. O evento ser\u00e1 realizado no Mercado Municipal de Peixes, com in\u00edcio na sexta-feira (28) \u00e0s\" \/>\n\t\t<meta property=\"og:url\" content=\"https:\/\/aconteceemmacaeeregiao.com.br\/index.php\/2024\/06\/25\/festa-dos-pescadores-cultura-e-gastronomia-em-homenagem-a-sao-pedro\/\" \/>\n\t\t<meta property=\"article:published_time\" content=\"2024-06-25T20:30:04+00:00\" \/>\n\t\t<meta property=\"article:modified_time\" content=\"2024-06-25T20:30:06+00:00\" \/>\n\t\t<meta property=\"article:publisher\" content=\"https:\/\/www.facebook.com\/Acontecemacaeemmacaeeregiao\" \/>\n\t\t<script type=\"application\/ld+json\" class=\"aioseo-schema\">\n\t\t\t{\"@context\":\"https:\\\/\\\/schema.org\",\"@graph\":[{\"@type\":\"BlogPosting\",\"@id\":\"https:\\\/\\\/aconteceemmacaeeregiao.com.br\\\/index.php\\\/2024\\\/06\\\/25\\\/festa-dos-pescadores-cultura-e-gastronomia-em-homenagem-a-sao-pedro\\\/#blogposting\",\"name\":\"Festa dos Pescadores: Cultura e gastronomia em homenagem a S\\u00e3o Pedro - Acontece em Macae e Regiao\",\"headline\":\"Festa dos Pescadores: Cultura e gastronomia em homenagem a S\\u00e3o Pedro\",\"author\":{\"@id\":\"https:\\\/\\\/aconteceemmacaeeregiao.com.br\\\/index.php\\\/author\\\/lena-fernandes\\\/#author\"},\"publisher\":{\"@id\":\"https:\\\/\\\/aconteceemmacaeeregiao.com.br\\\/#organization\"},\"image\":{\"@type\":\"ImageObject\",\"url\":\"https:\\\/\\\/aconteceemmacaeeregiao.com.br\\\/wp-content\\\/uploads\\\/2023\\\/06\\\/mercado-peixe.jpg\",\"width\":800,\"height\":534,\"caption\":\"Mercado de Peixes. Foto: Bruno Campos\\\/Prefeitura de Maca\\u00e9\"},\"datePublished\":\"2024-06-25T17:30:04-03:00\",\"dateModified\":\"2024-06-25T17:30:06-03:00\",\"inLanguage\":\"pt-BR\",\"mainEntityOfPage\":{\"@id\":\"https:\\\/\\\/aconteceemmacaeeregiao.com.br\\\/index.php\\\/2024\\\/06\\\/25\\\/festa-dos-pescadores-cultura-e-gastronomia-em-homenagem-a-sao-pedro\\\/#webpage\"},\"isPartOf\":{\"@id\":\"https:\\\/\\\/aconteceemmacaeeregiao.com.br\\\/index.php\\\/2024\\\/06\\\/25\\\/festa-dos-pescadores-cultura-e-gastronomia-em-homenagem-a-sao-pedro\\\/#webpage\"},\"articleSection\":\"Cultura, Divers\\u00e3o, Maca\\u00e9, Gastronomia, Mercado de Peixe, Prefeitura, Shows\"},{\"@type\":\"BreadcrumbList\",\"@id\":\"https:\\\/\\\/aconteceemmacaeeregiao.com.br\\\/index.php\\\/2024\\\/06\\\/25\\\/festa-dos-pescadores-cultura-e-gastronomia-em-homenagem-a-sao-pedro\\\/#breadcrumblist\",\"itemListElement\":[{\"@type\":\"ListItem\",\"@id\":\"https:\\\/\\\/aconteceemmacaeeregiao.com.br#listItem\",\"position\":1,\"name\":\"Home\",\"item\":\"https:\\\/\\\/aconteceemmacaeeregiao.com.br\",\"nextItem\":{\"@type\":\"ListItem\",\"@id\":\"https:\\\/\\\/aconteceemmacaeeregiao.com.br\\\/index.php\\\/category\\\/macae\\\/#listItem\",\"name\":\"Maca\\u00e9\"}},{\"@type\":\"ListItem\",\"@id\":\"https:\\\/\\\/aconteceemmacaeeregiao.com.br\\\/index.php\\\/category\\\/macae\\\/#listItem\",\"position\":2,\"name\":\"Maca\\u00e9\",\"item\":\"https:\\\/\\\/aconteceemmacaeeregiao.com.br\\\/index.php\\\/category\\\/macae\\\/\",\"nextItem\":{\"@type\":\"ListItem\",\"@id\":\"https:\\\/\\\/aconteceemmacaeeregiao.com.br\\\/index.php\\\/2024\\\/06\\\/25\\\/festa-dos-pescadores-cultura-e-gastronomia-em-homenagem-a-sao-pedro\\\/#listItem\",\"name\":\"Festa dos Pescadores: Cultura e gastronomia em homenagem a S\\u00e3o Pedro\"},\"previousItem\":{\"@type\":\"ListItem\",\"@id\":\"https:\\\/\\\/aconteceemmacaeeregiao.com.br#listItem\",\"name\":\"Home\"}},{\"@type\":\"ListItem\",\"@id\":\"https:\\\/\\\/aconteceemmacaeeregiao.com.br\\\/index.php\\\/2024\\\/06\\\/25\\\/festa-dos-pescadores-cultura-e-gastronomia-em-homenagem-a-sao-pedro\\\/#listItem\",\"position\":3,\"name\":\"Festa dos Pescadores: Cultura e gastronomia em homenagem a S\\u00e3o Pedro\",\"previousItem\":{\"@type\":\"ListItem\",\"@id\":\"https:\\\/\\\/aconteceemmacaeeregiao.com.br\\\/index.php\\\/category\\\/macae\\\/#listItem\",\"name\":\"Maca\\u00e9\"}}]},{\"@type\":\"Organization\",\"@id\":\"https:\\\/\\\/aconteceemmacaeeregiao.com.br\\\/#organization\",\"name\":\"Acontece em Macae e Regi\\u00e3o\",\"description\":\"Not\\u00edcias e Colunas de Maca\\u00e9 e Regi\\u00e3o\",\"url\":\"https:\\\/\\\/aconteceemmacaeeregiao.com.br\\\/\",\"telephone\":\"+5522988389134\",\"logo\":{\"@type\":\"ImageObject\",\"url\":\"https:\\\/\\\/aconteceemmacaeeregiao.com.br\\\/wp-content\\\/uploads\\\/2022\\\/06\\\/logo_acontece_em_macae_header.png\",\"@id\":\"https:\\\/\\\/aconteceemmacaeeregiao.com.br\\\/index.php\\\/2024\\\/06\\\/25\\\/festa-dos-pescadores-cultura-e-gastronomia-em-homenagem-a-sao-pedro\\\/#organizationLogo\",\"width\":350,\"height\":100},\"image\":{\"@id\":\"https:\\\/\\\/aconteceemmacaeeregiao.com.br\\\/index.php\\\/2024\\\/06\\\/25\\\/festa-dos-pescadores-cultura-e-gastronomia-em-homenagem-a-sao-pedro\\\/#organizationLogo\"},\"sameAs\":[\"https:\\\/\\\/www.instagram.com\\\/aconteceemmacae\\\/\"]},{\"@type\":\"Person\",\"@id\":\"https:\\\/\\\/aconteceemmacaeeregiao.com.br\\\/index.php\\\/author\\\/lena-fernandes\\\/#author\",\"url\":\"https:\\\/\\\/aconteceemmacaeeregiao.com.br\\\/index.php\\\/author\\\/lena-fernandes\\\/\",\"name\":\"Reda\\u00e7\\u00e3o\",\"image\":{\"@type\":\"ImageObject\",\"@id\":\"https:\\\/\\\/aconteceemmacaeeregiao.com.br\\\/index.php\\\/2024\\\/06\\\/25\\\/festa-dos-pescadores-cultura-e-gastronomia-em-homenagem-a-sao-pedro\\\/#authorImage\",\"url\":\"https:\\\/\\\/secure.gravatar.com\\\/avatar\\\/2ec464c21c5544b6a22d3a22ff4a551fc746139156e38a8d3ab13521dc2d34bc?s=96&d=mm&r=g\",\"width\":96,\"height\":96,\"caption\":\"Reda\\u00e7\\u00e3o\"}},{\"@type\":\"WebPage\",\"@id\":\"https:\\\/\\\/aconteceemmacaeeregiao.com.br\\\/index.php\\\/2024\\\/06\\\/25\\\/festa-dos-pescadores-cultura-e-gastronomia-em-homenagem-a-sao-pedro\\\/#webpage\",\"url\":\"https:\\\/\\\/aconteceemmacaeeregiao.com.br\\\/index.php\\\/2024\\\/06\\\/25\\\/festa-dos-pescadores-cultura-e-gastronomia-em-homenagem-a-sao-pedro\\\/\",\"name\":\"Festa dos Pescadores: Cultura e gastronomia em homenagem a S\\u00e3o Pedro - Acontece em Macae e Regiao\",\"description\":\"A programa\\u00e7\\u00e3o inclui shows de artistas locais credenciados pela Secretaria de Cultura de Maca\\u00e9 A tradicional Festa dos Pescadores de Maca\\u00e9, em celebra\\u00e7\\u00e3o ao padroeiro S\\u00e3o Pedro, acontecer\\u00e1 este ano com uma programa\\u00e7\\u00e3o ampliada de atra\\u00e7\\u00f5es culturais e estandes gastron\\u00f4micos. O evento ser\\u00e1 realizado no Mercado Municipal de Peixes, com in\\u00edcio na sexta-feira (28) \\u00e0s\",\"inLanguage\":\"pt-BR\",\"isPartOf\":{\"@id\":\"https:\\\/\\\/aconteceemmacaeeregiao.com.br\\\/#website\"},\"breadcrumb\":{\"@id\":\"https:\\\/\\\/aconteceemmacaeeregiao.com.br\\\/index.php\\\/2024\\\/06\\\/25\\\/festa-dos-pescadores-cultura-e-gastronomia-em-homenagem-a-sao-pedro\\\/#breadcrumblist\"},\"author\":{\"@id\":\"https:\\\/\\\/aconteceemmacaeeregiao.com.br\\\/index.php\\\/author\\\/lena-fernandes\\\/#author\"},\"creator\":{\"@id\":\"https:\\\/\\\/aconteceemmacaeeregiao.com.br\\\/index.php\\\/author\\\/lena-fernandes\\\/#author\"},\"image\":{\"@type\":\"ImageObject\",\"url\":\"https:\\\/\\\/aconteceemmacaeeregiao.com.br\\\/wp-content\\\/uploads\\\/2023\\\/06\\\/mercado-peixe.jpg\",\"@id\":\"https:\\\/\\\/aconteceemmacaeeregiao.com.br\\\/index.php\\\/2024\\\/06\\\/25\\\/festa-dos-pescadores-cultura-e-gastronomia-em-homenagem-a-sao-pedro\\\/#mainImage\",\"width\":800,\"height\":534,\"caption\":\"Mercado de Peixes. Foto: Bruno Campos\\\/Prefeitura de Maca\\u00e9\"},\"primaryImageOfPage\":{\"@id\":\"https:\\\/\\\/aconteceemmacaeeregiao.com.br\\\/index.php\\\/2024\\\/06\\\/25\\\/festa-dos-pescadores-cultura-e-gastronomia-em-homenagem-a-sao-pedro\\\/#mainImage\"},\"datePublished\":\"2024-06-25T17:30:04-03:00\",\"dateModified\":\"2024-06-25T17:30:06-03:00\"},{\"@type\":\"WebSite\",\"@id\":\"https:\\\/\\\/aconteceemmacaeeregiao.com.br\\\/#website\",\"url\":\"https:\\\/\\\/aconteceemmacaeeregiao.com.br\\\/\",\"name\":\"Acontece em Macae e Regiao\",\"description\":\"Not\\u00edcias e Colunas de Maca\\u00e9 e Regi\\u00e3o\",\"inLanguage\":\"pt-BR\",\"publisher\":{\"@id\":\"https:\\\/\\\/aconteceemmacaeeregiao.com.br\\\/#organization\"}}]}\n\t\t<\/script>\n\t\t<!-- All in One SEO -->\n\n","aioseo_head_json":{"title":"Festa dos Pescadores: Cultura e gastronomia em homenagem a S\u00e3o Pedro - Acontece em Macae e Regiao","description":"A programa\u00e7\u00e3o inclui shows de artistas locais credenciados pela Secretaria de Cultura de Maca\u00e9 A tradicional Festa dos Pescadores de Maca\u00e9, em celebra\u00e7\u00e3o ao padroeiro S\u00e3o Pedro, acontecer\u00e1 este ano com uma programa\u00e7\u00e3o ampliada de atra\u00e7\u00f5es culturais e estandes gastron\u00f4micos. O evento ser\u00e1 realizado no Mercado Municipal de Peixes, com in\u00edcio na sexta-feira (28) \u00e0s","canonical_url":"https:\/\/aconteceemmacaeeregiao.com.br\/index.php\/2024\/06\/25\/festa-dos-pescadores-cultura-e-gastronomia-em-homenagem-a-sao-pedro\/","robots":"max-image-preview:large","keywords":"","webmasterTools":{"miscellaneous":""},"schema":{"@context":"https:\/\/schema.org","@graph":[{"@type":"BlogPosting","@id":"https:\/\/aconteceemmacaeeregiao.com.br\/index.php\/2024\/06\/25\/festa-dos-pescadores-cultura-e-gastronomia-em-homenagem-a-sao-pedro\/#blogposting","name":"Festa dos Pescadores: Cultura e gastronomia em homenagem a S\u00e3o Pedro - Acontece em Macae e Regiao","headline":"Festa dos Pescadores: Cultura e gastronomia em homenagem a S\u00e3o Pedro","author":{"@id":"https:\/\/aconteceemmacaeeregiao.com.br\/index.php\/author\/lena-fernandes\/#author"},"publisher":{"@id":"https:\/\/aconteceemmacaeeregiao.com.br\/#organization"},"image":{"@type":"ImageObject","url":"https:\/\/aconteceemmacaeeregiao.com.br\/wp-content\/uploads\/2023\/06\/mercado-peixe.jpg","width":800,"height":534,"caption":"Mercado de Peixes. Foto: Bruno Campos\/Prefeitura de Maca\u00e9"},"datePublished":"2024-06-25T17:30:04-03:00","dateModified":"2024-06-25T17:30:06-03:00","inLanguage":"pt-BR","mainEntityOfPage":{"@id":"https:\/\/aconteceemmacaeeregiao.com.br\/index.php\/2024\/06\/25\/festa-dos-pescadores-cultura-e-gastronomia-em-homenagem-a-sao-pedro\/#webpage"},"isPartOf":{"@id":"https:\/\/aconteceemmacaeeregiao.com.br\/index.php\/2024\/06\/25\/festa-dos-pescadores-cultura-e-gastronomia-em-homenagem-a-sao-pedro\/#webpage"},"articleSection":"Cultura, Divers\u00e3o, Maca\u00e9, Gastronomia, Mercado de Peixe, Prefeitura, Shows"},{"@type":"BreadcrumbList","@id":"https:\/\/aconteceemmacaeeregiao.com.br\/index.php\/2024\/06\/25\/festa-dos-pescadores-cultura-e-gastronomia-em-homenagem-a-sao-pedro\/#breadcrumblist","itemListElement":[{"@type":"ListItem","@id":"https:\/\/aconteceemmacaeeregiao.com.br#listItem","position":1,"name":"Home","item":"https:\/\/aconteceemmacaeeregiao.com.br","nextItem":{"@type":"ListItem","@id":"https:\/\/aconteceemmacaeeregiao.com.br\/index.php\/category\/macae\/#listItem","name":"Maca\u00e9"}},{"@type":"ListItem","@id":"https:\/\/aconteceemmacaeeregiao.com.br\/index.php\/category\/macae\/#listItem","position":2,"name":"Maca\u00e9","item":"https:\/\/aconteceemmacaeeregiao.com.br\/index.php\/category\/macae\/","nextItem":{"@type":"ListItem","@id":"https:\/\/aconteceemmacaeeregiao.com.br\/index.php\/2024\/06\/25\/festa-dos-pescadores-cultura-e-gastronomia-em-homenagem-a-sao-pedro\/#listItem","name":"Festa dos Pescadores: Cultura e gastronomia em homenagem a S\u00e3o Pedro"},"previousItem":{"@type":"ListItem","@id":"https:\/\/aconteceemmacaeeregiao.com.br#listItem","name":"Home"}},{"@type":"ListItem","@id":"https:\/\/aconteceemmacaeeregiao.com.br\/index.php\/2024\/06\/25\/festa-dos-pescadores-cultura-e-gastronomia-em-homenagem-a-sao-pedro\/#listItem","position":3,"name":"Festa dos Pescadores: Cultura e gastronomia em homenagem a S\u00e3o Pedro","previousItem":{"@type":"ListItem","@id":"https:\/\/aconteceemmacaeeregiao.com.br\/index.php\/category\/macae\/#listItem","name":"Maca\u00e9"}}]},{"@type":"Organization","@id":"https:\/\/aconteceemmacaeeregiao.com.br\/#organization","name":"Acontece em Macae e Regi\u00e3o","description":"Not\u00edcias e Colunas de Maca\u00e9 e Regi\u00e3o","url":"https:\/\/aconteceemmacaeeregiao.com.br\/","telephone":"+5522988389134","logo":{"@type":"ImageObject","url":"https:\/\/aconteceemmacaeeregiao.com.br\/wp-content\/uploads\/2022\/06\/logo_acontece_em_macae_header.png","@id":"https:\/\/aconteceemmacaeeregiao.com.br\/index.php\/2024\/06\/25\/festa-dos-pescadores-cultura-e-gastronomia-em-homenagem-a-sao-pedro\/#organizationLogo","width":350,"height":100},"image":{"@id":"https:\/\/aconteceemmacaeeregiao.com.br\/index.php\/2024\/06\/25\/festa-dos-pescadores-cultura-e-gastronomia-em-homenagem-a-sao-pedro\/#organizationLogo"},"sameAs":["https:\/\/www.instagram.com\/aconteceemmacae\/"]},{"@type":"Person","@id":"https:\/\/aconteceemmacaeeregiao.com.br\/index.php\/author\/lena-fernandes\/#author","url":"https:\/\/aconteceemmacaeeregiao.com.br\/index.php\/author\/lena-fernandes\/","name":"Reda\u00e7\u00e3o","image":{"@type":"ImageObject","@id":"https:\/\/aconteceemmacaeeregiao.com.br\/index.php\/2024\/06\/25\/festa-dos-pescadores-cultura-e-gastronomia-em-homenagem-a-sao-pedro\/#authorImage","url":"https:\/\/secure.gravatar.com\/avatar\/2ec464c21c5544b6a22d3a22ff4a551fc746139156e38a8d3ab13521dc2d34bc?s=96&d=mm&r=g","width":96,"height":96,"caption":"Reda\u00e7\u00e3o"}},{"@type":"WebPage","@id":"https:\/\/aconteceemmacaeeregiao.com.br\/index.php\/2024\/06\/25\/festa-dos-pescadores-cultura-e-gastronomia-em-homenagem-a-sao-pedro\/#webpage","url":"https:\/\/aconteceemmacaeeregiao.com.br\/index.php\/2024\/06\/25\/festa-dos-pescadores-cultura-e-gastronomia-em-homenagem-a-sao-pedro\/","name":"Festa dos Pescadores: Cultura e gastronomia em homenagem a S\u00e3o Pedro - Acontece em Macae e Regiao","description":"A programa\u00e7\u00e3o inclui shows de artistas locais credenciados pela Secretaria de Cultura de Maca\u00e9 A tradicional Festa dos Pescadores de Maca\u00e9, em celebra\u00e7\u00e3o ao padroeiro S\u00e3o Pedro, acontecer\u00e1 este ano com uma programa\u00e7\u00e3o ampliada de atra\u00e7\u00f5es culturais e estandes gastron\u00f4micos. O evento ser\u00e1 realizado no Mercado Municipal de Peixes, com in\u00edcio na sexta-feira (28) \u00e0s","inLanguage":"pt-BR","isPartOf":{"@id":"https:\/\/aconteceemmacaeeregiao.com.br\/#website"},"breadcrumb":{"@id":"https:\/\/aconteceemmacaeeregiao.com.br\/index.php\/2024\/06\/25\/festa-dos-pescadores-cultura-e-gastronomia-em-homenagem-a-sao-pedro\/#breadcrumblist"},"author":{"@id":"https:\/\/aconteceemmacaeeregiao.com.br\/index.php\/author\/lena-fernandes\/#author"},"creator":{"@id":"https:\/\/aconteceemmacaeeregiao.com.br\/index.php\/author\/lena-fernandes\/#author"},"image":{"@type":"ImageObject","url":"https:\/\/aconteceemmacaeeregiao.com.br\/wp-content\/uploads\/2023\/06\/mercado-peixe.jpg","@id":"https:\/\/aconteceemmacaeeregiao.com.br\/index.php\/2024\/06\/25\/festa-dos-pescadores-cultura-e-gastronomia-em-homenagem-a-sao-pedro\/#mainImage","width":800,"height":534,"caption":"Mercado de Peixes. Foto: Bruno Campos\/Prefeitura de Maca\u00e9"},"primaryImageOfPage":{"@id":"https:\/\/aconteceemmacaeeregiao.com.br\/index.php\/2024\/06\/25\/festa-dos-pescadores-cultura-e-gastronomia-em-homenagem-a-sao-pedro\/#mainImage"},"datePublished":"2024-06-25T17:30:04-03:00","dateModified":"2024-06-25T17:30:06-03:00"},{"@type":"WebSite","@id":"https:\/\/aconteceemmacaeeregiao.com.br\/#website","url":"https:\/\/aconteceemmacaeeregiao.com.br\/","name":"Acontece em Macae e Regiao","description":"Not\u00edcias e Colunas de Maca\u00e9 e Regi\u00e3o","inLanguage":"pt-BR","publisher":{"@id":"https:\/\/aconteceemmacaeeregiao.com.br\/#organization"}}]},"og:locale":"pt_BR","og:site_name":"Acontece em Macae e Regiao - Not\u00edcias e Colunas de Maca\u00e9 e Regi\u00e3o","og:type":"article","og:title":"Festa dos Pescadores: Cultura e gastronomia em homenagem a S\u00e3o Pedro - Acontece em Macae e Regiao","og:description":"A programa\u00e7\u00e3o inclui shows de artistas locais credenciados pela Secretaria de Cultura de Maca\u00e9 A tradicional Festa dos Pescadores de Maca\u00e9, em celebra\u00e7\u00e3o ao padroeiro S\u00e3o Pedro, acontecer\u00e1 este ano com uma programa\u00e7\u00e3o ampliada de atra\u00e7\u00f5es culturais e estandes gastron\u00f4micos. O evento ser\u00e1 realizado no Mercado Municipal de Peixes, com in\u00edcio na sexta-feira (28) \u00e0s","og:url":"https:\/\/aconteceemmacaeeregiao.com.br\/index.php\/2024\/06\/25\/festa-dos-pescadores-cultura-e-gastronomia-em-homenagem-a-sao-pedro\/","article:published_time":"2024-06-25T20:30:04+00:00","article:modified_time":"2024-06-25T20:30:06+00:00","article:publisher":"https:\/\/www.facebook.com\/Acontecemacaeemmacaeeregiao"},"aioseo_meta_data":{"post_id":"17137","title":null,"description":null,"keywords":null,"keyphrases":{"focus":{"keyphrase":"","score":0,"analysis":{"keyphraseInTitle":{"score":0,"maxScore":9,"error":1}}},"additional":[]},"primary_term":null,"canonical_url":null,"og_title":null,"og_description":null,"og_object_type":"default","og_image_type":"default","og_image_url":null,"og_image_width":null,"og_image_height":null,"og_image_custom_url":null,"og_image_custom_fields":null,"og_video":"","og_custom_url":null,"og_article_section":null,"og_article_tags":null,"twitter_use_og":false,"twitter_card":"default","twitter_image_type":"default","twitter_image_url":null,"twitter_image_custom_url":null,"twitter_image_custom_fields":null,"twitter_title":null,"twitter_description":null,"schema":{"blockGraphs":[],"customGraphs":[],"default":{"data":{"Article":[],"Course":[],"Dataset":[],"FAQPage":[],"Movie":[],"Person":[],"Product":[],"ProductReview":[],"Car":[],"Recipe":[],"Service":[],"SoftwareApplication":[],"WebPage":[]},"graphName":"BlogPosting","isEnabled":true},"graphs":[]},"schema_type":"default","schema_type_options":null,"pillar_content":false,"robots_default":true,"robots_noindex":false,"robots_noarchive":false,"robots_nosnippet":false,"robots_nofollow":false,"robots_noimageindex":false,"robots_noodp":false,"robots_notranslate":false,"robots_max_snippet":"-1","robots_max_videopreview":"-1","robots_max_imagepreview":"large","priority":null,"frequency":"default","local_seo":null,"breadcrumb_settings":null,"limit_modified_date":false,"ai":null,"created":"2024-06-25 20:30:07","updated":"2025-06-09 23:53:50","seo_analyzer_scan_date":null},"aioseo_breadcrumb":"<div class=\"aioseo-breadcrumbs\"><span class=\"aioseo-breadcrumb\">\n\t\t\t<a href=\"https:\/\/aconteceemmacaeeregiao.com.br\" title=\"Home\">Home<\/a>\n\t\t<\/span><span class=\"aioseo-breadcrumb-separator\">\u00bb<\/span><span class=\"aioseo-breadcrumb\">\n\t\t\t<a href=\"https:\/\/aconteceemmacaeeregiao.com.br\/index.php\/category\/macae\/\" title=\"Maca\u00e9\">Maca\u00e9<\/a>\n\t\t<\/span><span class=\"aioseo-breadcrumb-separator\">\u00bb<\/span><span class=\"aioseo-breadcrumb\">\n\t\t\tFesta dos Pescadores: Cultura e gastronomia em homenagem a S\u00e3o Pedro\n\t\t<\/span><\/div>","aioseo_breadcrumb_json":[{"label":"Home","link":"https:\/\/aconteceemmacaeeregiao.com.br"},{"label":"Maca\u00e9","link":"https:\/\/aconteceemmacaeeregiao.com.br\/index.php\/category\/macae\/"},{"label":"Festa dos Pescadores: Cultura e gastronomia em homenagem a S\u00e3o Pedro","link":"https:\/\/aconteceemmacaeeregiao.com.br\/index.php\/2024\/06\/25\/festa-dos-pescadores-cultura-e-gastronomia-em-homenagem-a-sao-pedro\/"}],"_links":{"self":[{"href":"https:\/\/aconteceemmacaeeregiao.com.br\/index.php\/wp-json\/wp\/v2\/posts\/17137","targetHints":{"allow":["GET"]}}],"collection":[{"href":"https:\/\/aconteceemmacaeeregiao.com.br\/index.php\/wp-json\/wp\/v2\/posts"}],"about":[{"href":"https:\/\/aconteceemmacaeeregiao.com.br\/index.php\/wp-json\/wp\/v2\/types\/post"}],"author":[{"embeddable":true,"href":"https:\/\/aconteceemmacaeeregiao.com.br\/index.php\/wp-json\/wp\/v2\/users\/2"}],"replies":[{"embeddable":true,"href":"https:\/\/aconteceemmacaeeregiao.com.br\/index.php\/wp-json\/wp\/v2\/comments?post=17137"}],"version-history":[{"count":0,"href":"https:\/\/aconteceemmacaeeregiao.com.br\/index.php\/wp-json\/wp\/v2\/posts\/17137\/revisions"}],"wp:featuredmedia":[{"embeddable":true,"href":"https:\/\/aconteceemmacaeeregiao.com.br\/index.php\/wp-json\/wp\/v2\/media\/10897"}],"wp:attachment":[{"href":"https:\/\/aconteceemmacaeeregiao.com.br\/index.php\/wp-json\/wp\/v2\/media?parent=17137"}],"wp:term":[{"taxonomy":"category","embeddable":true,"href":"https:\/\/aconteceemmacaeeregiao.com.br\/index.php\/wp-json\/wp\/v2\/categories?post=17137"},{"taxonomy":"post_tag","embeddable":true,"href":"https:\/\/aconteceemmacaeeregiao.com.br\/index.php\/wp-json\/wp\/v2\/tags?post=17137"}],"curies":[{"name":"wp","href":"https:\/\/api.w.org\/{rel}","templated":true}]}}