{"id":17153,"date":"2024-06-26T19:47:33","date_gmt":"2024-06-26T22:47:33","guid":{"rendered":"https:\/\/aconteceemmacaeeregiao.com.br\/?p=17153"},"modified":"2024-06-26T19:51:04","modified_gmt":"2024-06-26T22:51:04","slug":"prefeitura-antecipara-1a-parcela-decimo-terceiro-dos-servidores","status":"publish","type":"post","link":"https:\/\/aconteceemmacaeeregiao.com.br\/index.php\/2024\/06\/26\/prefeitura-antecipara-1a-parcela-decimo-terceiro-dos-servidores\/","title":{"rendered":"Prefeitura antecipar\u00e1 1\u00aa parcela d\u00e9cimo terceiro dos servidores"},"content":{"rendered":"\n<p><strong><em>Esta antecipa\u00e7\u00e3o ir\u00e1 injetar aproximadamente 46 milh\u00f5es de reais na economia local<\/em><\/strong><\/p>\n\n\n\n<p>A Prefeitura de Maca\u00e9 anunciou a antecipa\u00e7\u00e3o da primeira parcela do d\u00e9cimo terceiro sal\u00e1rio para esta sexta-feira, 28 de junho. Este pagamento, destinado aos <a href=\"https:\/\/aconteceemmacaeeregiao.com.br\/index.php\/2024\/06\/13\/camara-ouve-reivindicacoes-dos-servidores-em-greve\/\" title=\"C\u00e2mara ouve reivindica\u00e7\u00f5es dos servidores em greve\">servidores<\/a> ativos, ser\u00e1 realizado sem os descontos previdenci\u00e1rios e do IRRF (Imposto sobre a Renda Retido na Fonte). Al\u00e9m disso, o sal\u00e1rio de junho dos 16 mil funcion\u00e1rios, incluindo estatut\u00e1rios, comissionados, contratados, participantes de projetos sociais e estagi\u00e1rios, ser\u00e1 depositado nesta quinta-feira, 27 de junho.<\/p>\n\n\n\n<p>Tradicionalmente, o d\u00e9cimo terceiro sal\u00e1rio \u00e9 pago em duas parcelas: a primeira antecipada para o meio do ano e a segunda at\u00e9 20 de dezembro. Esta antecipa\u00e7\u00e3o ir\u00e1 injetar aproximadamente 46 milh\u00f5es de reais na <a href=\"https:\/\/aconteceemmacaeeregiao.com.br\/index.php\/2024\/05\/01\/economia-futebol-serena-lanca-acao-que-da-um-ano-de-premiere-para-clientes-de-macae\/\" title=\"Economia + futebol: Serena lan\u00e7a a\u00e7\u00e3o que d\u00e1 um ano de Premiere para clientes de Maca\u00e9\">economia<\/a> local, impulsionando o com\u00e9rcio e gerando movimento no mercado de Maca\u00e9.<\/p>\n\n\n\n<p>O Secret\u00e1rio Municipal Adjunto de Recursos Humanos, Arist\u00f3fanis Quirino, destacou os <a href=\"https:\/\/aconteceemmacaeeregiao.com.br\/?s=macae\" title=\"\">benef\u00edcios<\/a> dessa antecipa\u00e7\u00e3o, enfatizando a oportunidade para os servidores de organizar seu or\u00e7amento e planejar suas finan\u00e7as. &#8220;O pagamento dos servidores \u00e9 fruto de um trabalho conjunto das secretarias. Agradecemos a dedica\u00e7\u00e3o e o empenho dos colaboradores do RH, que trabalham at\u00e9 em finais de semana e feriados para garantir o envio do cr\u00e9dito banc\u00e1rio,&#8221; afirmou Quirino.<\/p>\n\n\n\n<h3 class=\"wp-block-heading\">Dicas para um Planejamento Financeiro Eficiente<\/h3>\n\n\n\n<ul class=\"wp-block-list\">\n<li><strong>Planeje seu or\u00e7amento:<\/strong> Aproveite o adiantamento do d\u00e9cimo terceiro para quitar d\u00edvidas ou poupar para emerg\u00eancias.<\/li>\n\n\n\n<li><strong>Evite gastos impulsivos:<\/strong> Com mais dinheiro dispon\u00edvel, \u00e9 importante resistir \u00e0s compras por impulso e priorizar gastos necess\u00e1rios.<\/li>\n\n\n\n<li><strong>Invista em educa\u00e7\u00e3o financeira:<\/strong> Busque conhecimentos sobre como gerir melhor seus recursos, visando sempre o longo prazo.<\/li>\n\n\n\n<li><strong>Organize suas finan\u00e7as:<\/strong> Utilize aplicativos ou planilhas para controlar suas despesas e receitas, garantindo um maior controle do seu dinheiro.<\/li>\n<\/ul>\n\n\n\n<p><em><a href=\"https:\/\/www.macae.rj.gov.br\/noticias\/leitura\/noticia\/prefeitura-antecipa-primeira-parcela-do-decimo-terceiro-salario-dos-servidores-para-esta-sexta-feira\" title=\"\">Fonte Secom Pref de Maca\u00e9<\/a><\/em><\/p>\n","protected":false},"excerpt":{"rendered":"<p>Esta antecipa\u00e7\u00e3o ir\u00e1 injetar aproximadamente 46 milh\u00f5es de reais na economia local A Prefeitura de Maca\u00e9 anunciou a antecipa\u00e7\u00e3o da primeira parcela do d\u00e9cimo terceiro sal\u00e1rio para esta sexta-feira, 28 de junho. Este pagamento, destinado aos servidores ativos, ser\u00e1 realizado sem os descontos previdenci\u00e1rios e do IRRF (Imposto sobre a Renda Retido na Fonte). Al\u00e9m [&hellip;]<\/p>\n","protected":false},"author":2,"featured_media":16697,"comment_status":"closed","ping_status":"closed","sticky":false,"template":"","format":"standard","meta":{"postBodyCss":"","postBodyMargin":[],"postBodyPadding":[],"postBodyBackground":{"backgroundType":"classic","gradient":""},"footnotes":""},"categories":[45,42],"tags":[587,89,544],"class_list":["post-17153","post","type-post","status-publish","format-standard","has-post-thumbnail","hentry","category-economia","category-macae","tag-13o-salario","tag-prefeitura","tag-servidores"],"aioseo_notices":[],"_links":{"self":[{"href":"https:\/\/aconteceemmacaeeregiao.com.br\/index.php\/wp-json\/wp\/v2\/posts\/17153","targetHints":{"allow":["GET"]}}],"collection":[{"href":"https:\/\/aconteceemmacaeeregiao.com.br\/index.php\/wp-json\/wp\/v2\/posts"}],"about":[{"href":"https:\/\/aconteceemmacaeeregiao.com.br\/index.php\/wp-json\/wp\/v2\/types\/post"}],"author":[{"embeddable":true,"href":"https:\/\/aconteceemmacaeeregiao.com.br\/index.php\/wp-json\/wp\/v2\/users\/2"}],"replies":[{"embeddable":true,"href":"https:\/\/aconteceemmacaeeregiao.com.br\/index.php\/wp-json\/wp\/v2\/comments?post=17153"}],"version-history":[{"count":0,"href":"https:\/\/aconteceemmacaeeregiao.com.br\/index.php\/wp-json\/wp\/v2\/posts\/17153\/revisions"}],"wp:featuredmedia":[{"embeddable":true,"href":"https:\/\/aconteceemmacaeeregiao.com.br\/index.php\/wp-json\/wp\/v2\/media\/16697"}],"wp:attachment":[{"href":"https:\/\/aconteceemmacaeeregiao.com.br\/index.php\/wp-json\/wp\/v2\/media?parent=17153"}],"wp:term":[{"taxonomy":"category","embeddable":true,"href":"https:\/\/aconteceemmacaeeregiao.com.br\/index.php\/wp-json\/wp\/v2\/categories?post=17153"},{"taxonomy":"post_tag","embeddable":true,"href":"https:\/\/aconteceemmacaeeregiao.com.br\/index.php\/wp-json\/wp\/v2\/tags?post=17153"}],"curies":[{"name":"wp","href":"https:\/\/api.w.org\/{rel}","templated":true}]}}