{"id":17229,"date":"2024-07-04T07:51:08","date_gmt":"2024-07-04T10:51:08","guid":{"rendered":"https:\/\/aconteceemmacaeeregiao.com.br\/?p=17229"},"modified":"2024-07-04T07:51:09","modified_gmt":"2024-07-04T10:51:09","slug":"atletas-de-taekwondo-de-macae-recebem-homenagem","status":"publish","type":"post","link":"https:\/\/aconteceemmacaeeregiao.com.br\/index.php\/2024\/07\/04\/atletas-de-taekwondo-de-macae-recebem-homenagem\/","title":{"rendered":"Atletas de taekwondo de Maca\u00e9 recebem homenagem"},"content":{"rendered":"\n<p><strong><em>O evento de premia\u00e7\u00e3o ocorreu na \u2018Edi\u00e7\u00e3o Especial Lendas do Estado do Rio de Janeiro\u2019<\/em><\/strong><\/p>\n\n\n\n<p>No \u00faltimo domingo (30 de junho), no Espa\u00e7o Hall, Barra da Tijuca, os atletas macaenses Erivan Lima, Nyvia Carla e Gerivaldo Silva foram homenageados com o &#8220;Pr\u00eamio Melhores do Ano nas Artes Marciais 2024 \u2013 Edi\u00e7\u00e3o Especial Lendas\/Estado do Rio de Janeiro&#8221;. Indicados pela Federa\u00e7\u00e3o de Taekwondo do Estado do Rio de Janeiro (FTKDRJ), os atletas foram reconhecidos pelos seus excelentes desempenhos em competi\u00e7\u00f5es estaduais e nacionais, como o <a href=\"https:\/\/aconteceemmacaeeregiao.com.br\/index.php\/2024\/06\/29\/macae-sedia-4a-etapa-do-campeonato-carioca-de-automodelismo\/\" title=\"Maca\u00e9 sedia 4\u00aa Etapa do Campeonato Carioca de Automodelismo\">Campeonato<\/a> Estadual e o Campeonato Brasileiro.<\/p>\n\n\n\n<h3 class=\"wp-block-heading\">Destaques da Homenagem<\/h3>\n\n\n\n<ul class=\"wp-block-list\">\n<li><strong>Erivan Lima e Nyvia Carla<\/strong> do Projeto Lupa \u2013 Lutando Pelo Amanh\u00e3.<\/li>\n\n\n\n<li><strong>Gerivaldo Silva<\/strong> da Equipe do Frade\/Denilson TKD.<\/li>\n<\/ul>\n\n\n\n<p>Os atletas se destacaram na categoria Master em 2023, com Nyvia Carla sendo eleita a melhor atleta da categoria Master na Copa do Brasil em 2022 e Gerivaldo Silva conquistando o 3\u00ba lugar no Super Campeonato Brasileiro em 2023.<\/p>\n\n\n\n<h3 class=\"wp-block-heading\">Contribui\u00e7\u00e3o do Programa Bolsa Atleta<\/h3>\n\n\n\n<p>O trio faz parte do programa <a href=\"https:\/\/aconteceemmacaeeregiao.com.br\/index.php\/2024\/06\/12\/atleta-de-macae-participa-dos-jogos-do-brics-na-russia\/\" title=\"Atleta de Maca\u00e9 participa dos jogos do BRICS na R\u00fassia\">Bolsa Atleta<\/a> da Prefeitura de Maca\u00e9, que apoia 16 atletas de projetos locais: 11 do Projeto Lupa e cinco da equipe Frade\/Mestre Denilson. Esse suporte tem sido fundamental para a conquista de resultados expressivos em competi\u00e7\u00f5es, como a busca por 24 vagas no Campeonato Estadual de 2024 para o Campeonato Brasileiro.<\/p>\n\n\n\n<h3 class=\"wp-block-heading\">Projeto Lupa \u2013 Lutando Pelo Amanh\u00e3<\/h3>\n\n\n\n<p>Criado em 2008 pelo Professor Edivan Lima e atualmente liderado por Erivan Lima, o Projeto LUPA oferece aulas de taekwondo na Pra\u00e7a Doralice de Freitas, visando formar jovens conscientes e respons\u00e1veis com base nos princ\u00edpios do esporte.<\/p>\n\n\n<div class=\"wp-block-image\">\n<figure class=\"aligncenter size-large\"><img fetchpriority=\"high\" decoding=\"async\" width=\"1024\" height=\"711\" src=\"https:\/\/aconteceemmacaeeregiao.com.br\/wp-content\/uploads\/2024\/07\/premiotaekwodo-macae-2-1024x711.jpg\" alt=\"\" class=\"wp-image-17231\" srcset=\"https:\/\/aconteceemmacaeeregiao.com.br\/wp-content\/uploads\/2024\/07\/premiotaekwodo-macae-2-1024x711.jpg 1024w, https:\/\/aconteceemmacaeeregiao.com.br\/wp-content\/uploads\/2024\/07\/premiotaekwodo-macae-2-300x208.jpg 300w, https:\/\/aconteceemmacaeeregiao.com.br\/wp-content\/uploads\/2024\/07\/premiotaekwodo-macae-2-768x533.jpg 768w, https:\/\/aconteceemmacaeeregiao.com.br\/wp-content\/uploads\/2024\/07\/premiotaekwodo-macae-2.jpg 1037w\" sizes=\"(max-width: 1024px) 100vw, 1024px\" \/><figcaption class=\"wp-element-caption\">Erivan Lima e Nyvia Carla, do Projeto Lupa \u2013 Lutando Pelo Amanh\u00e3, e Gerivaldo Silva, da Equipe do Frade\/Denilson TKD, s\u00e3o mais tr\u00eas homenageados da cidade &#8211; Foto: Divulga\u00e7\u00e3o<\/figcaption><\/figure>\n<\/div>\n\n\n<h3 class=\"wp-block-heading\">Depoimentos dos Atletas<\/h3>\n\n\n\n<p><strong>Professor Erivan Lima:<\/strong><br>&#8220;Somos um projeto social e conduzimos as aulas buscando elevar o n\u00edvel de nossos atletas para que alcancem seus objetivos. O Bolsa Atleta foi um divisor de \u00e1guas, permitindo que alcan\u00e7\u00e1ssemos n\u00edveis que nunca imaginamos. Hoje, a equipe est\u00e1 sob a supervis\u00e3o do mestre Alan do Carmo, uma refer\u00eancia no esporte, dentro e fora do pa\u00eds.&#8221;<\/p>\n\n\n\n<p><strong>Mestre Gerivaldo Silva:<\/strong><br>&#8220;Pratico taekwondo desde os 16 anos. Hoje, aos 45, sou bicampe\u00e3o estadual e 3\u00ba lugar no Super Campeonato Brasileiro. Receber essa homenagem ao lado de grandes lendas do taekwondo foi gratificante. Sou grato pelos ensinamentos e oportunidades que tive com os mestres Denilson, Anderson Rangel e o professor Paulo Junior.&#8221;<\/p>\n\n\n\n<p>Com dedica\u00e7\u00e3o e apoio, os <a href=\"https:\/\/aconteceemmacaeeregiao.com.br\/index.php\/2023\/12\/13\/atletas-do-taekwondo-de-quissama-vao-disputar-a-copa-brasil-2023\/\" title=\"Atletas do Taekwondo de Quissam\u00e3 v\u00e3o disputar a Copa Brasil 2023\">atletas<\/a> de Maca\u00e9 continuam a levar o nome da cidade a novos patamares no cen\u00e1rio do taekwondo.<\/p>\n\n\n\n<p><a href=\"https:\/\/www.macae.rj.gov.br\/noticias\/leitura\/noticia\/atletas-do-taekwondo-sao-homenageados-na-edicao-especial-lendas-do-estado-do-rio-de-janeiro\" title=\"\"><em>Fonte Secom Pref de Maca\u00e9<\/em><\/a><\/p>\n","protected":false},"excerpt":{"rendered":"<p>O evento de premia\u00e7\u00e3o ocorreu na \u2018Edi\u00e7\u00e3o Especial Lendas do Estado do Rio de Janeiro\u2019 No \u00faltimo domingo (30 de junho), no Espa\u00e7o Hall, Barra da Tijuca, os atletas macaenses Erivan Lima, Nyvia Carla e Gerivaldo Silva foram homenageados com o &#8220;Pr\u00eamio Melhores do Ano nas Artes Marciais 2024 \u2013 Edi\u00e7\u00e3o Especial Lendas\/Estado do Rio [&hellip;]<\/p>\n","protected":false},"author":2,"featured_media":17230,"comment_status":"closed","ping_status":"closed","sticky":false,"template":"","format":"standard","meta":{"postBodyCss":"","postBodyMargin":[],"postBodyPadding":[],"postBodyBackground":{"backgroundType":"classic","gradient":""},"footnotes":""},"categories":[6,42],"tags":[380,89,822,74,698],"class_list":["post-17229","post","type-post","status-publish","format-standard","has-post-thumbnail","hentry","category-esporte","category-macae","tag-bolsa-atleta","tag-prefeitura","tag-premio","tag-rio-de-janeiro","tag-taekwondo"],"aioseo_notices":[],"_links":{"self":[{"href":"https:\/\/aconteceemmacaeeregiao.com.br\/index.php\/wp-json\/wp\/v2\/posts\/17229","targetHints":{"allow":["GET"]}}],"collection":[{"href":"https:\/\/aconteceemmacaeeregiao.com.br\/index.php\/wp-json\/wp\/v2\/posts"}],"about":[{"href":"https:\/\/aconteceemmacaeeregiao.com.br\/index.php\/wp-json\/wp\/v2\/types\/post"}],"author":[{"embeddable":true,"href":"https:\/\/aconteceemmacaeeregiao.com.br\/index.php\/wp-json\/wp\/v2\/users\/2"}],"replies":[{"embeddable":true,"href":"https:\/\/aconteceemmacaeeregiao.com.br\/index.php\/wp-json\/wp\/v2\/comments?post=17229"}],"version-history":[{"count":0,"href":"https:\/\/aconteceemmacaeeregiao.com.br\/index.php\/wp-json\/wp\/v2\/posts\/17229\/revisions"}],"wp:featuredmedia":[{"embeddable":true,"href":"https:\/\/aconteceemmacaeeregiao.com.br\/index.php\/wp-json\/wp\/v2\/media\/17230"}],"wp:attachment":[{"href":"https:\/\/aconteceemmacaeeregiao.com.br\/index.php\/wp-json\/wp\/v2\/media?parent=17229"}],"wp:term":[{"taxonomy":"category","embeddable":true,"href":"https:\/\/aconteceemmacaeeregiao.com.br\/index.php\/wp-json\/wp\/v2\/categories?post=17229"},{"taxonomy":"post_tag","embeddable":true,"href":"https:\/\/aconteceemmacaeeregiao.com.br\/index.php\/wp-json\/wp\/v2\/tags?post=17229"}],"curies":[{"name":"wp","href":"https:\/\/api.w.org\/{rel}","templated":true}]}}