{"id":17297,"date":"2024-07-08T17:42:35","date_gmt":"2024-07-08T20:42:35","guid":{"rendered":"https:\/\/aconteceemmacaeeregiao.com.br\/?p=17297"},"modified":"2024-07-08T17:42:36","modified_gmt":"2024-07-08T20:42:36","slug":"preso-apos-agredir-ex-companheira-em-arraial-do-cabo","status":"publish","type":"post","link":"https:\/\/aconteceemmacaeeregiao.com.br\/index.php\/2024\/07\/08\/preso-apos-agredir-ex-companheira-em-arraial-do-cabo\/","title":{"rendered":"Preso ap\u00f3s agredir ex-companheira em Arraial do Cabo"},"content":{"rendered":"\n<p>Na tarde deste domingo (7), um homem foi preso em flagrante ap\u00f3s agredir sua ex-companheira na Rua Joaquim Martins Fialho, no Centro de <a href=\"https:\/\/aconteceemmacaeeregiao.com.br\/index.php\/2023\/02\/15\/secretaria-de-turismo-leva-projeto-verao-tonorio-a-arraial-do-cabo\/\" title=\"Secretaria de Turismo leva Projeto \u201cVer\u00e3o\u00a0#t\u00f4noRio\u201d a\u00a0Arraial do Cabo \u00a0\">Arraial do Cabo<\/a>. A v\u00edtima, de 44 anos, j\u00e1 havia registrado uma ocorr\u00eancia contra o agressor, identificado como R.C.F.C., tamb\u00e9m de 44 anos, dois dias antes do incidente e havia solicitado uma medida protetiva.<\/p>\n\n\n\n<h3 class=\"wp-block-heading\">Detalhes do Incidente<\/h3>\n\n\n\n<p>De acordo com informa\u00e7\u00f5es da <a href=\"https:\/\/aconteceemmacaeeregiao.com.br\/index.php\/2024\/06\/11\/policia-de-marica-prende-homem-acusado-de-matar-companheira\/\" title=\"Pol\u00edcia de Maric\u00e1 prende homem acusado de matar companheira\">Pol\u00edcia<\/a> Militar, a guarni\u00e7\u00e3o foi acionada por volta das 11h25 e, ao chegar ao local, encontrou a mulher com les\u00f5es vis\u00edveis. A v\u00edtima relatou que o agressor invadiu sua resid\u00eancia e a agrediu fisicamente.<\/p>\n\n\n\n<h3 class=\"wp-block-heading\">Atua\u00e7\u00e3o da Pol\u00edcia<\/h3>\n\n\n\n<p>Com o aux\u00edlio da Patrulha Maria da Penha de Arraial do Cabo, a v\u00edtima foi conduzida ao Hospital Central de Emerg\u00eancias de Cabo Frio (HCE) para receber atendimento m\u00e9dico. Posteriormente, ela foi encaminhada \u00e0 126\u00aa Delegacia de Pol\u00edcia (126\u00aa DP) para registrar a ocorr\u00eancia.<\/p>\n\n\n\n<p>O acusado tamb\u00e9m recebeu atendimento m\u00e9dico e, ap\u00f3s prestar depoimento na delegacia, permaneceu preso. R.C.F.C. possui antecedentes criminais por les\u00e3o corporal e <a href=\"https:\/\/aconteceemmacaeeregiao.com.br\/index.php\/2023\/10\/16\/alerta-a-volta-de-doencas-controladas-ameaca-a-saude-das-criancas-brasileiras\/\" title=\"ALERTA: A volta de doen\u00e7as controladas amea\u00e7a a sa\u00fade das crian\u00e7as brasileiras\">amea\u00e7a<\/a>. A medida protetiva solicitada pela v\u00edtima estava em an\u00e1lise pela Justi\u00e7a.<\/p>\n\n\n\n<h3 class=\"wp-block-heading\">Dicas de Seguran\u00e7a e Preven\u00e7\u00e3o<\/h3>\n\n\n\n<p>Casos de viol\u00eancia dom\u00e9stica s\u00e3o graves e necessitam de uma abordagem cuidadosa. Aqui est\u00e3o algumas dicas importantes para v\u00edtimas e familiares:<\/p>\n\n\n\n<ol class=\"wp-block-list\">\n<li><strong>Registrar Ocorr\u00eancias<\/strong>: Sempre registrar boletins de ocorr\u00eancia em casos de amea\u00e7as ou agress\u00f5es.<\/li>\n\n\n\n<li><strong>Solicitar Medidas Protetivas<\/strong>: Pedir medidas protetivas pode ser um passo crucial para garantir a seguran\u00e7a.<\/li>\n\n\n\n<li><strong>Procurar Apoio<\/strong>: Contar com a ajuda de amigos, familiares e organiza\u00e7\u00f5es especializadas pode fornecer suporte emocional e log\u00edstico.<\/li>\n\n\n\n<li><strong>Manter Contato com Autoridades<\/strong>: Informar a pol\u00edcia sobre qualquer viola\u00e7\u00e3o de medidas protetivas ou novas amea\u00e7as.<\/li>\n\n\n\n<li><strong>Plano de Fuga<\/strong>: Ter um plano de fuga e um local seguro para ir em caso de emerg\u00eancia pode salvar vidas.<\/li>\n<\/ol>\n\n\n\n<p>A atua\u00e7\u00e3o r\u00e1pida da Pol\u00edcia Militar e da Patrulha Maria da Penha foi essencial para proteger a v\u00edtima e garantir a pris\u00e3o do agressor. \u00c9 crucial que a Justi\u00e7a analise rapidamente os pedidos de medidas protetivas para evitar que situa\u00e7\u00f5es como essa se repitam.<\/p>\n\n\n\n<p><em><a href=\"https:\/\/odia.ig.com.br\/arraial-do-cabo\/2024\/07\/6878413-homem-e-preso-apos-agredir-ex-companheira-em-arraial-do-cabo.html\" title=\"\">Fonte jornal O Dia<\/a><\/em><\/p>\n","protected":false},"excerpt":{"rendered":"<p>Na tarde deste domingo (7), um homem foi preso em flagrante ap\u00f3s agredir sua ex-companheira na Rua Joaquim Martins Fialho, no Centro de Arraial do Cabo. A v\u00edtima, de 44 anos, j\u00e1 havia registrado uma ocorr\u00eancia contra o agressor, identificado como R.C.F.C., tamb\u00e9m de 44 anos, dois dias antes do incidente e havia solicitado uma [&hellip;]<\/p>\n","protected":false},"author":2,"featured_media":17298,"comment_status":"closed","ping_status":"closed","sticky":false,"template":"","format":"standard","meta":{"postBodyCss":"","postBodyMargin":[],"postBodyPadding":[],"postBodyBackground":{"backgroundType":"classic","gradient":""},"footnotes":""},"categories":[47],"tags":[307,916,608,120],"class_list":["post-17297","post","type-post","status-publish","format-standard","has-post-thumbnail","hentry","category-ocorrencias","tag-126-dp","tag-agressao","tag-arraial","tag-mulher"],"aioseo_notices":[],"_links":{"self":[{"href":"https:\/\/aconteceemmacaeeregiao.com.br\/index.php\/wp-json\/wp\/v2\/posts\/17297","targetHints":{"allow":["GET"]}}],"collection":[{"href":"https:\/\/aconteceemmacaeeregiao.com.br\/index.php\/wp-json\/wp\/v2\/posts"}],"about":[{"href":"https:\/\/aconteceemmacaeeregiao.com.br\/index.php\/wp-json\/wp\/v2\/types\/post"}],"author":[{"embeddable":true,"href":"https:\/\/aconteceemmacaeeregiao.com.br\/index.php\/wp-json\/wp\/v2\/users\/2"}],"replies":[{"embeddable":true,"href":"https:\/\/aconteceemmacaeeregiao.com.br\/index.php\/wp-json\/wp\/v2\/comments?post=17297"}],"version-history":[{"count":0,"href":"https:\/\/aconteceemmacaeeregiao.com.br\/index.php\/wp-json\/wp\/v2\/posts\/17297\/revisions"}],"wp:featuredmedia":[{"embeddable":true,"href":"https:\/\/aconteceemmacaeeregiao.com.br\/index.php\/wp-json\/wp\/v2\/media\/17298"}],"wp:attachment":[{"href":"https:\/\/aconteceemmacaeeregiao.com.br\/index.php\/wp-json\/wp\/v2\/media?parent=17297"}],"wp:term":[{"taxonomy":"category","embeddable":true,"href":"https:\/\/aconteceemmacaeeregiao.com.br\/index.php\/wp-json\/wp\/v2\/categories?post=17297"},{"taxonomy":"post_tag","embeddable":true,"href":"https:\/\/aconteceemmacaeeregiao.com.br\/index.php\/wp-json\/wp\/v2\/tags?post=17297"}],"curies":[{"name":"wp","href":"https:\/\/api.w.org\/{rel}","templated":true}]}}