{"id":17334,"date":"2024-07-11T17:28:11","date_gmt":"2024-07-11T20:28:11","guid":{"rendered":"https:\/\/aconteceemmacaeeregiao.com.br\/?p=17334"},"modified":"2024-07-11T17:28:12","modified_gmt":"2024-07-11T20:28:12","slug":"procurado-da-justica-e-capturado-com-documentos-falsos","status":"publish","type":"post","link":"https:\/\/aconteceemmacaeeregiao.com.br\/index.php\/2024\/07\/11\/procurado-da-justica-e-capturado-com-documentos-falsos\/","title":{"rendered":"Procurado da Justi\u00e7a \u00e9 capturado com documentos falsos"},"content":{"rendered":"\n<p><strong><em>Foragido por homic\u00eddios \u00e9 detido na Avenida Alfredo L\u00edrio, no bairro Bela Vista<\/em><\/strong> <em><strong>em Maca\u00e9<\/strong><\/em><\/p>\n\n\n\n<p>Durante um patrulhamento rotineiro na Avenida Alfredo L\u00edrio, no bairro Bela Vista em Maca\u00e9, agentes do 32\u00ba BPM capturaram um homem foragido da <a href=\"https:\/\/aconteceemmacaeeregiao.com.br\/index.php\/2024\/03\/27\/acao-conjunta-da-policia-prende-dois-foragidos-da-justica-em-macae\/\" title=\"A\u00e7\u00e3o conjunta da pol\u00edcia prende dois foragidos da justi\u00e7a em Maca\u00e9\">Justi\u00e7a<\/a>. <\/p>\n\n\n\n<p>O suspeito, inicialmente identificado por um comportamento evasivo ao avistar a pol\u00edcia, portava um celular sem documentos pessoais e com informa\u00e7\u00f5es falsas. <\/p>\n\n\n\n<p>Ap\u00f3s <a href=\"https:\/\/aconteceemmacaeeregiao.com.br\/index.php\/2024\/06\/08\/policia-civil-prende-gamba-lider-do-trafico-em-macae\/\" title=\"Pol\u00edcia Civil prende \u201cGamb\u00e1\u201d, l\u00edder do tr\u00e1fico em Maca\u00e9\">investiga\u00e7\u00e3o<\/a>, descobriu-se que ele era procurado por homic\u00eddios simples e qualificado, emitido pela Vara \u00danica da Comarca de S\u00e3o Francisco do Itabapoana. <\/p>\n\n\n\n<p>O indiv\u00edduo, conhecido por uma extensa ficha criminal que inclui acusa\u00e7\u00f5es de tortura, foi detido e encaminhado \u00e0 123\u00aa Delegacia de Pol\u00edcia (123\u00aa DP).<\/p>\n\n\n\n<p><em><a href=\"https:\/\/odia.ig.com.br\/macae\/2024\/07\/6880365-foragido-da-justica-e-capturado-em-macae-durante-patrulhamento-policial.html\" title=\"\">Fonte Portal O Dia<\/a><\/em><\/p>\n","protected":false},"excerpt":{"rendered":"<p>Foragido por homic\u00eddios \u00e9 detido na Avenida Alfredo L\u00edrio, no bairro Bela Vista em Maca\u00e9 Durante um patrulhamento rotineiro na Avenida Alfredo L\u00edrio, no bairro Bela Vista em Maca\u00e9, agentes do 32\u00ba BPM capturaram um homem foragido da Justi\u00e7a. O suspeito, inicialmente identificado por um comportamento evasivo ao avistar a pol\u00edcia, portava um celular sem [&hellip;]<\/p>\n","protected":false},"author":2,"featured_media":7171,"comment_status":"closed","ping_status":"closed","sticky":false,"template":"","format":"standard","meta":{"postBodyCss":"","postBodyMargin":[],"postBodyPadding":[],"postBodyBackground":{"backgroundType":"classic","gradient":""},"footnotes":""},"categories":[47],"tags":[96,919,575],"class_list":["post-17334","post","type-post","status-publish","format-standard","has-post-thumbnail","hentry","category-ocorrencias","tag-123-dp","tag-ocorrencias-em-macae","tag-preso"],"aioseo_notices":[],"_links":{"self":[{"href":"https:\/\/aconteceemmacaeeregiao.com.br\/index.php\/wp-json\/wp\/v2\/posts\/17334","targetHints":{"allow":["GET"]}}],"collection":[{"href":"https:\/\/aconteceemmacaeeregiao.com.br\/index.php\/wp-json\/wp\/v2\/posts"}],"about":[{"href":"https:\/\/aconteceemmacaeeregiao.com.br\/index.php\/wp-json\/wp\/v2\/types\/post"}],"author":[{"embeddable":true,"href":"https:\/\/aconteceemmacaeeregiao.com.br\/index.php\/wp-json\/wp\/v2\/users\/2"}],"replies":[{"embeddable":true,"href":"https:\/\/aconteceemmacaeeregiao.com.br\/index.php\/wp-json\/wp\/v2\/comments?post=17334"}],"version-history":[{"count":0,"href":"https:\/\/aconteceemmacaeeregiao.com.br\/index.php\/wp-json\/wp\/v2\/posts\/17334\/revisions"}],"wp:featuredmedia":[{"embeddable":true,"href":"https:\/\/aconteceemmacaeeregiao.com.br\/index.php\/wp-json\/wp\/v2\/media\/7171"}],"wp:attachment":[{"href":"https:\/\/aconteceemmacaeeregiao.com.br\/index.php\/wp-json\/wp\/v2\/media?parent=17334"}],"wp:term":[{"taxonomy":"category","embeddable":true,"href":"https:\/\/aconteceemmacaeeregiao.com.br\/index.php\/wp-json\/wp\/v2\/categories?post=17334"},{"taxonomy":"post_tag","embeddable":true,"href":"https:\/\/aconteceemmacaeeregiao.com.br\/index.php\/wp-json\/wp\/v2\/tags?post=17334"}],"curies":[{"name":"wp","href":"https:\/\/api.w.org\/{rel}","templated":true}]}}