{"id":17336,"date":"2024-07-11T17:47:37","date_gmt":"2024-07-11T20:47:37","guid":{"rendered":"https:\/\/aconteceemmacaeeregiao.com.br\/?p=17336"},"modified":"2024-07-11T17:48:26","modified_gmt":"2024-07-11T20:48:26","slug":"festival-de-jazz-blues-de-macae-era-parceria-voltada-ao-meio-ambiente","status":"publish","type":"post","link":"https:\/\/aconteceemmacaeeregiao.com.br\/index.php\/2024\/07\/11\/festival-de-jazz-blues-de-macae-era-parceria-voltada-ao-meio-ambiente\/","title":{"rendered":"Festival de Jazz &amp; Blues de Maca\u00e9 er\u00e1 parceria voltada ao Meio Ambiente"},"content":{"rendered":"\n<p>O Festival Internacional de Jazz &amp; Blues de Maca\u00e9 est\u00e1 se preparando para mais uma edi\u00e7\u00e3o especial, marcada n\u00e3o apenas pela <a href=\"https:\/\/aconteceemmacaeeregiao.com.br\/index.php\/2024\/06\/22\/inscricoes-abertas-para-o-curso-tecnico-de-musica-da-emart\/\" title=\"Inscri\u00e7\u00f5es abertas para o curso t\u00e9cnico de m\u00fasica da Emart\">m\u00fasica<\/a>, mas tamb\u00e9m por uma forte preocupa\u00e7\u00e3o ambiental. Em parceria com a empresa Ecol\u00f3gika e o movimento Juventude Lixo Zero, o evento contar\u00e1 com um container dedicado \u00e0 coleta e separa\u00e7\u00e3o dos res\u00edduos gerados durante os tr\u00eas dias de festividade no Beco das Artes.<\/p>\n\n\n\n<p>Essa iniciativa n\u00e3o apenas promove um ambiente sustent\u00e1vel, mas tamb\u00e9m ressalta o compromisso social do festival em enriquecer a comunidade local e contribuir para um futuro mais verde. O Juventude Lixo Zero <a href=\"https:\/\/aconteceemmacaeeregiao.com.br\/index.php\/2024\/07\/10\/shopping-plaza-macae-show-ao-vivo-e-atividade-infantil\/\" title=\"Shopping Plaza Maca\u00e9: Show ao vivo e atividade infantil\">Maca\u00e9<\/a>, ativo desde 2021, tem sido uma for\u00e7a motriz na educa\u00e7\u00e3o ambiental da regi\u00e3o, promovendo pr\u00e1ticas alinhadas aos 17 Objetivos de Desenvolvimento Sustent\u00e1vel da ONU.<\/p>\n\n\n\n<p>Al\u00e9m da sustentabilidade, o evento continua a priorizar a acessibilidade, com \u00e1reas adaptadas para atender \u00e0s necessidades de pessoas com defici\u00eancia, assegurando uma experi\u00eancia inclusiva para todos os participantes.<\/p>\n\n\n<div class=\"wp-block-image\">\n<figure class=\"aligncenter size-full\"><img fetchpriority=\"high\" decoding=\"async\" width=\"900\" height=\"840\" src=\"https:\/\/aconteceemmacaeeregiao.com.br\/wp-content\/uploads\/2024\/07\/3.-Cultura-Macae-Divulgacao.jpeg\" alt=\"\" class=\"wp-image-17338\" srcset=\"https:\/\/aconteceemmacaeeregiao.com.br\/wp-content\/uploads\/2024\/07\/3.-Cultura-Macae-Divulgacao.jpeg 900w, https:\/\/aconteceemmacaeeregiao.com.br\/wp-content\/uploads\/2024\/07\/3.-Cultura-Macae-Divulgacao-300x280.jpeg 300w, https:\/\/aconteceemmacaeeregiao.com.br\/wp-content\/uploads\/2024\/07\/3.-Cultura-Macae-Divulgacao-768x717.jpeg 768w\" sizes=\"(max-width: 900px) 100vw, 900px\" \/><\/figure>\n<\/div>\n\n\n<p><\/p>\n\n\n\n<p>Na sua terceira edi\u00e7\u00e3o, o Festival de J<a href=\"https:\/\/aconteceemmacaeeregiao.com.br\/index.php\/2023\/05\/15\/festival-jazz-blues-macae-acontece-no-fim-do-mes\/\" title=\"Festival Jazz &amp; Blues Maca\u00e9 acontece no fim do m\u00eas\">azz &amp; Blues de Maca\u00e9<\/a> promete uma programa\u00e7\u00e3o musical diversificada, com a presen\u00e7a de artistas como DJ J\u00e9ssica Ribeiro, Macahiba Jazz, Bidu Sous, Ana Clemesha, Lil Jimmy Reed, Bruno Marques Band, Indiana Nomma e Fred Sunwalk.<\/p>\n\n\n\n<p>Para mais detalhes sobre as datas, hor\u00e1rios das apresenta\u00e7\u00f5es e outras atra\u00e7\u00f5es, os interessados podem consultar o perfil do evento no Instagram, <a href=\"https:\/\/www.instagram.com\/festjazzbluesmacae\/\" title=\"\">@festjazzbluesmacae<\/a>.<\/p>\n\n\n\n<p><em><a href=\"https:\/\/redehits.fm\/festival-de-jazz-blues-de-macae-tera-parceria-voltada-ao-meio-ambiente\/\" title=\"\">Fonte Rede Hits FM<\/a><\/em><\/p>\n","protected":false},"excerpt":{"rendered":"<p>O Festival Internacional de Jazz &amp; Blues de Maca\u00e9 est\u00e1 se preparando para mais uma edi\u00e7\u00e3o especial, marcada n\u00e3o apenas pela m\u00fasica, mas tamb\u00e9m por uma forte preocupa\u00e7\u00e3o ambiental. Em parceria com a empresa Ecol\u00f3gika e o movimento Juventude Lixo Zero, o evento contar\u00e1 com um container dedicado \u00e0 coleta e separa\u00e7\u00e3o dos res\u00edduos gerados [&hellip;]<\/p>\n","protected":false},"author":2,"featured_media":17337,"comment_status":"closed","ping_status":"closed","sticky":false,"template":"","format":"standard","meta":{"postBodyCss":"","postBodyMargin":[],"postBodyPadding":[],"postBodyBackground":{"backgroundType":"classic","gradient":""},"footnotes":""},"categories":[200,42,67],"tags":[521,602,90],"class_list":["post-17336","post","type-post","status-publish","format-standard","has-post-thumbnail","hentry","category-evento","category-macae","category-meio-ambiente","tag-jazz-e-blues","tag-reciclagem","tag-shows"],"aioseo_notices":[],"_links":{"self":[{"href":"https:\/\/aconteceemmacaeeregiao.com.br\/index.php\/wp-json\/wp\/v2\/posts\/17336","targetHints":{"allow":["GET"]}}],"collection":[{"href":"https:\/\/aconteceemmacaeeregiao.com.br\/index.php\/wp-json\/wp\/v2\/posts"}],"about":[{"href":"https:\/\/aconteceemmacaeeregiao.com.br\/index.php\/wp-json\/wp\/v2\/types\/post"}],"author":[{"embeddable":true,"href":"https:\/\/aconteceemmacaeeregiao.com.br\/index.php\/wp-json\/wp\/v2\/users\/2"}],"replies":[{"embeddable":true,"href":"https:\/\/aconteceemmacaeeregiao.com.br\/index.php\/wp-json\/wp\/v2\/comments?post=17336"}],"version-history":[{"count":0,"href":"https:\/\/aconteceemmacaeeregiao.com.br\/index.php\/wp-json\/wp\/v2\/posts\/17336\/revisions"}],"wp:featuredmedia":[{"embeddable":true,"href":"https:\/\/aconteceemmacaeeregiao.com.br\/index.php\/wp-json\/wp\/v2\/media\/17337"}],"wp:attachment":[{"href":"https:\/\/aconteceemmacaeeregiao.com.br\/index.php\/wp-json\/wp\/v2\/media?parent=17336"}],"wp:term":[{"taxonomy":"category","embeddable":true,"href":"https:\/\/aconteceemmacaeeregiao.com.br\/index.php\/wp-json\/wp\/v2\/categories?post=17336"},{"taxonomy":"post_tag","embeddable":true,"href":"https:\/\/aconteceemmacaeeregiao.com.br\/index.php\/wp-json\/wp\/v2\/tags?post=17336"}],"curies":[{"name":"wp","href":"https:\/\/api.w.org\/{rel}","templated":true}]}}