{"id":17343,"date":"2024-07-13T09:49:47","date_gmt":"2024-07-13T12:49:47","guid":{"rendered":"https:\/\/aconteceemmacaeeregiao.com.br\/?p=17343"},"modified":"2024-07-13T09:49:47","modified_gmt":"2024-07-13T12:49:47","slug":"expo-macae-2024-com-shows-gratuitos-na-pista","status":"publish","type":"post","link":"https:\/\/aconteceemmacaeeregiao.com.br\/index.php\/2024\/07\/13\/expo-macae-2024-com-shows-gratuitos-na-pista\/","title":{"rendered":"Expo Maca\u00e9 2024 com shows gratuitos na pista"},"content":{"rendered":"\n<p><strong><em>As vendas apenas para \u00c1rea VIP e Camarotes<\/em><\/strong><\/p>\n\n\n\n<p>A Expo Maca\u00e9 2024 trar\u00e1 uma grande novidade para os f\u00e3s de m\u00fasica: todos os shows poder\u00e3o ser assistidos na pista de forma totalmente gratuita. As vendas de ingressos ser\u00e3o destinadas apenas para a \u00c1rea VIP e Camarotes, com in\u00edcio previsto para esta sexta-feira (12) \u00e0s 12h.<\/p>\n\n\n\n<p>O <a href=\"https:\/\/aconteceemmacaeeregiao.com.br\/index.php\/2024\/07\/11\/festival-de-jazz-blues-de-macae-era-parceria-voltada-ao-meio-ambiente\/\" title=\"Festival de Jazz &amp; Blues de Maca\u00e9 er\u00e1 parceria voltada ao Meio Ambiente\">evento<\/a> contar\u00e1 com uma programa\u00e7\u00e3o diversificada, trazendo grandes nomes da m\u00fasica nacional: Sarah Beatriz no dia 25\/07, Jorge e Mateus no dia 26\/07, Ludmilla no dia 27\/07, Belo no dia 28\/07 e Jo\u00e3o Gomes no dia 29\/07.<\/p>\n\n\n\n<p>A iniciativa de liberar a pista <a href=\"https:\/\/aconteceemmacaeeregiao.com.br\/index.php\/2024\/06\/11\/prefeitura-de-macae-realiza-cirurgia-da-linguinha-gratuitamente\/\" title=\"Prefeitura de Maca\u00e9 realiza cirurgia da linguinha gratuitamente\">gratuitamente<\/a> visa democratizar o acesso ao entretenimento, permitindo que mais pessoas possam desfrutar dos espet\u00e1culos de grandes artistas. Para garantir a seguran\u00e7a e conforto dos presentes, \u00e9 recomendado chegar cedo e seguir as orienta\u00e7\u00f5es da organiza\u00e7\u00e3o do evento.<\/p>\n\n\n\n<p>Para aqueles que desejam uma experi\u00eancia mais exclusiva, os ingressos para a \u00c1rea VIP e Camarotes estar\u00e3o dispon\u00edveis a partir desta sexta-feira. Prepare-se para um evento memor\u00e1vel, que promete combinar m\u00fasica de qualidade com momentos de alegria e <a href=\"https:\/\/aconteceemmacaeeregiao.com.br\/index.php\/2024\/06\/25\/cabo-frio-recebe-evento-de-turismo-e-tecnologia-cabo-frio-summit-2024\/\" title=\"Cabo Frio recebe evento de turismo e tecnologia: Cabo Frio Summit 2024\">divers\u00e3o<\/a> para todos.<\/p>\n\n\n\n<p><a href=\"https:\/\/odia.ig.com.br\/macae\/2024\/07\/6880914-expo-macae-2024-anuncia-shows-gratuitos-na-pista.html\" title=\"\"><em>Fonte Portal O Dia<\/em><\/a><\/p>\n","protected":false},"excerpt":{"rendered":"<p>As vendas apenas para \u00c1rea VIP e Camarotes A Expo Maca\u00e9 2024 trar\u00e1 uma grande novidade para os f\u00e3s de m\u00fasica: todos os shows poder\u00e3o ser assistidos na pista de forma totalmente gratuita. As vendas de ingressos ser\u00e3o destinadas apenas para a \u00c1rea VIP e Camarotes, com in\u00edcio previsto para esta sexta-feira (12) \u00e0s 12h. [&hellip;]<\/p>\n","protected":false},"author":2,"featured_media":11598,"comment_status":"closed","ping_status":"closed","sticky":false,"template":"","format":"standard","meta":{"postBodyCss":"","postBodyMargin":[],"postBodyPadding":[],"postBodyBackground":{"backgroundType":"classic","gradient":""},"footnotes":""},"categories":[200,42],"tags":[438,474,90],"class_list":["post-17343","post","type-post","status-publish","format-standard","has-post-thumbnail","hentry","category-evento","category-macae","tag-aniversario","tag-parque-de-exposicao","tag-shows"],"aioseo_notices":[],"_links":{"self":[{"href":"https:\/\/aconteceemmacaeeregiao.com.br\/index.php\/wp-json\/wp\/v2\/posts\/17343","targetHints":{"allow":["GET"]}}],"collection":[{"href":"https:\/\/aconteceemmacaeeregiao.com.br\/index.php\/wp-json\/wp\/v2\/posts"}],"about":[{"href":"https:\/\/aconteceemmacaeeregiao.com.br\/index.php\/wp-json\/wp\/v2\/types\/post"}],"author":[{"embeddable":true,"href":"https:\/\/aconteceemmacaeeregiao.com.br\/index.php\/wp-json\/wp\/v2\/users\/2"}],"replies":[{"embeddable":true,"href":"https:\/\/aconteceemmacaeeregiao.com.br\/index.php\/wp-json\/wp\/v2\/comments?post=17343"}],"version-history":[{"count":0,"href":"https:\/\/aconteceemmacaeeregiao.com.br\/index.php\/wp-json\/wp\/v2\/posts\/17343\/revisions"}],"wp:featuredmedia":[{"embeddable":true,"href":"https:\/\/aconteceemmacaeeregiao.com.br\/index.php\/wp-json\/wp\/v2\/media\/11598"}],"wp:attachment":[{"href":"https:\/\/aconteceemmacaeeregiao.com.br\/index.php\/wp-json\/wp\/v2\/media?parent=17343"}],"wp:term":[{"taxonomy":"category","embeddable":true,"href":"https:\/\/aconteceemmacaeeregiao.com.br\/index.php\/wp-json\/wp\/v2\/categories?post=17343"},{"taxonomy":"post_tag","embeddable":true,"href":"https:\/\/aconteceemmacaeeregiao.com.br\/index.php\/wp-json\/wp\/v2\/tags?post=17343"}],"curies":[{"name":"wp","href":"https:\/\/api.w.org\/{rel}","templated":true}]}}