{"id":17404,"date":"2024-07-18T07:38:26","date_gmt":"2024-07-18T10:38:26","guid":{"rendered":"https:\/\/aconteceemmacaeeregiao.com.br\/?p=17404"},"modified":"2025-07-18T17:05:35","modified_gmt":"2025-07-18T20:05:35","slug":"macae-ganha-novo-espaco-de-lazer-gastronomia-e-compras","status":"publish","type":"post","link":"https:\/\/aconteceemmacaeeregiao.com.br\/index.php\/2024\/07\/18\/macae-ganha-novo-espaco-de-lazer-gastronomia-e-compras\/","title":{"rendered":"Maca\u00e9 ganha novo espa\u00e7o de lazer, gastronomia e compras"},"content":{"rendered":"\n<p><strong><em>Com f\u00e1cil acesso pelas linhas rodovi\u00e1rias Azul, Industrial, e Amaral Peixoto<\/em><\/strong><\/p>\n\n\n\n<p>A Zona Norte de Maca\u00e9 est\u00e1 prestes a receber um novo e inovador centro de conviv\u00eancia: o Laguna Shopping. Com uma \u00e1rea de mais de 15 mil metros quadrados, o empreendimento promete transformar a regi\u00e3o, oferecendo uma ampla variedade de lojas, espa\u00e7os de lazer e <a href=\"https:\/\/aconteceemmacaeeregiao.com.br\/index.php\/2024\/07\/13\/expo-macae-2024-com-shows-gratuitos-na-pista\/\" title=\"Expo Maca\u00e9 2024 com shows gratuitos na pista\">entretenimento<\/a>, al\u00e9m de um estacionamento espa\u00e7oso e seguran\u00e7a refor\u00e7ada.<\/p>\n\n\n\n<p>O projeto, liderado pela <a href=\"https:\/\/cabiunas.com.br\/empresa\/\" title=\"\">Cabi\u00fanas Incorpora\u00e7\u00f5es<\/a>, trar\u00e1 mais de 40 lojas e 4 mega lojas, incluindo uma academia de \u00faltima gera\u00e7\u00e3o, uma farm\u00e1cia completa e uma loja pet. A inaugura\u00e7\u00e3o est\u00e1 prevista para o final de 2024, prometendo ser um grande atrativo para os moradores locais e visitantes.<\/p>\n\n\n\n<p>Seguindo a tend\u00eancia mundial de shoppings abertos, o <a href=\"https:\/\/www.instagram.com\/lagunashoppingmacae\/\" title=\"\">Laguna<\/a> ser\u00e1 um centro comercial horizontal, focado em proporcionar experi\u00eancias \u00fanicas e de entretenimento para toda a fam\u00edlia. Com f\u00e1cil acesso pelas linhas rodovi\u00e1rias Azul, Industrial, e Amaral Peixoto, o shopping est\u00e1 a apenas 10 minutos do centro de Maca\u00e9 e promete atrair pessoas de diversas regi\u00f5es, incluindo Carapebus, <a href=\"https:\/\/aconteceemmacaeeregiao.com.br\/index.php\/2024\/05\/16\/quissama-polo-exclusivo-de-citricultura-da-embrapa-no-estado\/\" title=\"Quissam\u00e3: Polo exclusivo de citricultura da Embrapa no estado\">Quissam\u00e3<\/a>, Concei\u00e7\u00e3o de Macabu e do <a href=\"https:\/\/aconteceemmacaeeregiao.com.br\/index.php\/2024\/07\/06\/infraestrutura-de-recarga-de-carros-eletricos-e-insuficiente-no-norte-fluminense\/\" title=\"Infraestrutura de recarga de carros el\u00e9tricos \u00e9 insuficiente no Norte Fluminense\">Norte Fluminense<\/a>.<\/p>\n\n\n\n<p><a href=\"https:\/\/aconteceemmacaeeregiao.com.br\/wp-admin\/post.php?post=20390&amp;action=edit\">Treine no seu tempo, com o seu corpo e sem press\u00e3o!<\/a><\/p>\n\n\n<div class=\"wp-block-image\">\n<figure class=\"aligncenter size-full\"><img fetchpriority=\"high\" decoding=\"async\" width=\"582\" height=\"358\" src=\"https:\/\/aconteceemmacaeeregiao.com.br\/wp-content\/uploads\/2024\/07\/laguna3.png\" alt=\"\" class=\"wp-image-17407\" srcset=\"https:\/\/aconteceemmacaeeregiao.com.br\/wp-content\/uploads\/2024\/07\/laguna3.png 582w, https:\/\/aconteceemmacaeeregiao.com.br\/wp-content\/uploads\/2024\/07\/laguna3-300x185.png 300w\" sizes=\"(max-width: 582px) 100vw, 582px\" \/><\/figure>\n<\/div>\n\n\n<p><\/p>\n\n\n<div class=\"wp-block-image\">\n<figure class=\"aligncenter size-full\"><img decoding=\"async\" width=\"581\" height=\"306\" data-src=\"https:\/\/aconteceemmacaeeregiao.com.br\/wp-content\/uploads\/2024\/07\/laguna2.png\" alt=\"\" class=\"wp-image-17405 lazyload\" data-srcset=\"https:\/\/aconteceemmacaeeregiao.com.br\/wp-content\/uploads\/2024\/07\/laguna2.png 581w, https:\/\/aconteceemmacaeeregiao.com.br\/wp-content\/uploads\/2024\/07\/laguna2-300x158.png 300w\" data-sizes=\"(max-width: 581px) 100vw, 581px\" src=\"data:image\/svg+xml;base64,PHN2ZyB3aWR0aD0iMSIgaGVpZ2h0PSIxIiB4bWxucz0iaHR0cDovL3d3dy53My5vcmcvMjAwMC9zdmciPjwvc3ZnPg==\" style=\"--smush-placeholder-width: 581px; --smush-placeholder-aspect-ratio: 581\/306;\" \/><\/figure>\n<\/div>\n\n\n<p><\/p>\n\n\n\n<p>A expectativa \u00e9 que o Laguna Shopping se torne um ponto de refer\u00eancia na regi\u00e3o, oferecendo n\u00e3o apenas op\u00e7\u00f5es de compras, mas tamb\u00e9m um local para lazer e conviv\u00eancia, impulsionando o desenvolvimento econ\u00f4mico e social de Maca\u00e9 e seus arredores. Fique atento para mais novidades e prepare-se para desfrutar de tudo que o Laguna tem a oferecer!<\/p>\n","protected":false},"excerpt":{"rendered":"<p>Com f\u00e1cil acesso pelas linhas rodovi\u00e1rias Azul, Industrial, e Amaral Peixoto A Zona Norte de Maca\u00e9 est\u00e1 prestes a receber um novo e inovador centro de conviv\u00eancia: o Laguna Shopping. Com uma \u00e1rea de mais de 15 mil metros quadrados, o empreendimento promete transformar a regi\u00e3o, oferecendo uma ampla variedade de lojas, espa\u00e7os de lazer [&hellip;]<\/p>\n","protected":false},"author":2,"featured_media":17406,"comment_status":"closed","ping_status":"closed","sticky":false,"template":"","format":"standard","meta":{"postBodyCss":"","postBodyMargin":[],"postBodyPadding":[],"postBodyBackground":{"backgroundType":"classic","gradient":""},"footnotes":""},"categories":[45,42],"tags":[649,975,59],"class_list":["post-17404","post","type-post","status-publish","format-standard","has-post-thumbnail","hentry","category-economia","category-macae","tag-cabiunas","tag-laguna-shopping","tag-obras"],"aioseo_notices":[],"_links":{"self":[{"href":"https:\/\/aconteceemmacaeeregiao.com.br\/index.php\/wp-json\/wp\/v2\/posts\/17404","targetHints":{"allow":["GET"]}}],"collection":[{"href":"https:\/\/aconteceemmacaeeregiao.com.br\/index.php\/wp-json\/wp\/v2\/posts"}],"about":[{"href":"https:\/\/aconteceemmacaeeregiao.com.br\/index.php\/wp-json\/wp\/v2\/types\/post"}],"author":[{"embeddable":true,"href":"https:\/\/aconteceemmacaeeregiao.com.br\/index.php\/wp-json\/wp\/v2\/users\/2"}],"replies":[{"embeddable":true,"href":"https:\/\/aconteceemmacaeeregiao.com.br\/index.php\/wp-json\/wp\/v2\/comments?post=17404"}],"version-history":[{"count":0,"href":"https:\/\/aconteceemmacaeeregiao.com.br\/index.php\/wp-json\/wp\/v2\/posts\/17404\/revisions"}],"wp:featuredmedia":[{"embeddable":true,"href":"https:\/\/aconteceemmacaeeregiao.com.br\/index.php\/wp-json\/wp\/v2\/media\/17406"}],"wp:attachment":[{"href":"https:\/\/aconteceemmacaeeregiao.com.br\/index.php\/wp-json\/wp\/v2\/media?parent=17404"}],"wp:term":[{"taxonomy":"category","embeddable":true,"href":"https:\/\/aconteceemmacaeeregiao.com.br\/index.php\/wp-json\/wp\/v2\/categories?post=17404"},{"taxonomy":"post_tag","embeddable":true,"href":"https:\/\/aconteceemmacaeeregiao.com.br\/index.php\/wp-json\/wp\/v2\/tags?post=17404"}],"curies":[{"name":"wp","href":"https:\/\/api.w.org\/{rel}","templated":true}]}}