{"id":17535,"date":"2024-07-27T13:15:49","date_gmt":"2024-07-27T16:15:49","guid":{"rendered":"https:\/\/aconteceemmacaeeregiao.com.br\/?p=17535"},"modified":"2024-07-27T13:15:50","modified_gmt":"2024-07-27T16:15:50","slug":"sarah-beatriz-abre-expo-macae-2024-com-show-emocionante","status":"publish","type":"post","link":"https:\/\/aconteceemmacaeeregiao.com.br\/index.php\/2024\/07\/27\/sarah-beatriz-abre-expo-macae-2024-com-show-emocionante\/","title":{"rendered":"Sarah Beatriz abre Expo Maca\u00e9 2024 com show emocionante"},"content":{"rendered":"\n<p><em><strong>Al\u00e9m de Sarah Beatriz, a noite contou com apresenta\u00e7\u00f5es de outros artistas gospel<\/strong><\/em><\/p>\n\n\n\n<p>A Expo Maca\u00e9 2024 come\u00e7ou com muita emo\u00e7\u00e3o na noite desta quinta-feira (25), gra\u00e7as \u00e0 apresenta\u00e7\u00e3o da cantora gospel Sarah Beatriz. O evento, que celebra os 211 anos da cidade, est\u00e1 sendo realizado no Parque de Exposi\u00e7\u00f5es Latiff Mussi Ramos e vai at\u00e9 a pr\u00f3xima segunda-feira (29). Sarah Beatriz, um nome de destaque na <a href=\"https:\/\/aconteceemmacaeeregiao.com.br\/index.php\/2023\/04\/12\/adorasom-gospel-marca-calendario-de-eventos-de-macae\/\" title=\"AdoraSom Gospel marca calend\u00e1rio de eventos de Maca\u00e9\">m\u00fasica gospel<\/a> contempor\u00e2nea, encantou o p\u00fablico ao subir ao palco vestindo a camisa da sele\u00e7\u00e3o brasileira, em homenagem aos atletas das Olimp\u00edadas de Paris.<\/p>\n\n\n\n<p>Durante o show, momentos emocionantes marcaram a noite, como a interpreta\u00e7\u00e3o de &#8220;Pentecostes&#8221; e outros sucessos como &#8220;Voc\u00ea Me Escolheu&#8221; e &#8220;Esse Vento Vai Passar&#8221;. Com uma carreira iniciada aos cinco anos, cantando na igreja, Sarah Beatriz acumula mais de 600 milh\u00f5es de visualiza\u00e7\u00f5es no YouTube e 2,5 milh\u00f5es de ouvintes mensais nas plataformas de streaming. A comerciante Andrea Reis, moradora do bairro <a href=\"https:\/\/aconteceemmacaeeregiao.com.br\/index.php\/2024\/05\/29\/mudanca-no-trajeto-da-linha-t23-expressa-lagomar-x-parque-de-tubos\/\" title=\"Mudan\u00e7a no trajeto da linha T23-Expressa Lagomar x Parque de Tubos\">Lagomar<\/a>, destacou a import\u00e2ncia desses eventos: &#8220;Al\u00e9m de promover a cultura, esses shows unem as pessoas em torno de valores e celebra\u00e7\u00f5es. A m\u00fasica gospel traz uma atmosfera de alegria e esperan\u00e7a para nossas vidas&#8221;, afirmou.<\/p>\n\n\n\n<p><strong>Noite Gospel e Programa\u00e7\u00e3o Variada<\/strong><\/p>\n\n\n\n<p>Al\u00e9m de Sarah Beatriz, a noite contou com apresenta\u00e7\u00f5es de outros artistas gospel, incluindo Vict\u00f3ria de Paula, Gera\u00e7\u00e3o Resgate, Renata Freitas, Jhully Nunes e Carlinhos DJ. Carlinhos DJ destacou a import\u00e2ncia da noite gospel para expandir o alcance do estilo musical: &#8220;A igreja n\u00e3o est\u00e1 limitada a um espa\u00e7o f\u00edsico, deve ocupar os espa\u00e7os de m\u00fasica e entretenimento para levar uma mensagem de celebra\u00e7\u00e3o, alegria e f\u00e9&#8221;, disse.<\/p>\n\n\n\n<p><strong>Programa\u00e7\u00e3o Agropecu\u00e1ria e Cultural<\/strong><\/p>\n\n\n\n<p>A Expo Maca\u00e9 2024, em sua 40\u00aa edi\u00e7\u00e3o, oferece uma programa\u00e7\u00e3o rica e diversificada. O evento inclui concurso leiteiro, feira de agricultores familiares, leil\u00f5es de gado de corte, exposi\u00e7\u00e3o de equipamentos agr\u00edcolas, rodeio e exibi\u00e7\u00e3o de ra\u00e7as de animais como campolina, mangalarga marchador, nelore e tabapu\u00e3. Realizada em parceria com o Governo do Estado do Rio de Janeiro e diversas institui\u00e7\u00f5es de pesquisa e assist\u00eancia t\u00e9cnica, a Expo \u00e9 um marco na celebra\u00e7\u00e3o da cultura e economia locais.<\/p>\n\n\n\n<p><strong>Infraestrutura do Parque de Exposi\u00e7\u00f5es<\/strong><\/p>\n\n\n\n<p>Reinaugurado em 2022 ap\u00f3s uma ampla reforma, o <a href=\"https:\/\/odia.ig.com.br\/macae\/2024\/07\/6888773-sarah-beatriz-abre-expo-macae-2024-com-show-emocionante.html\" title=\"\">Parque de Exposi\u00e7\u00f5es<\/a> Latiff Mussi Ramos se consolidou como um polo multifuncional de lazer e cultura. As melhorias inclu\u00edram a recupera\u00e7\u00e3o de galp\u00f5es, atualiza\u00e7\u00e3o das instala\u00e7\u00f5es el\u00e9tricas e a constru\u00e7\u00e3o de novas estruturas para exibi\u00e7\u00f5es e entretenimento, como uma pista de la\u00e7o e uma mini fazenda, oferecendo um espa\u00e7o moderno e vers\u00e1til para eventos de grande porte.<\/p>\n\n\n\n<p><em><a href=\"https:\/\/odia.ig.com.br\/macae\/2024\/07\/6888773-sarah-beatriz-abre-expo-macae-2024-com-show-emocionante.html\" title=\"\">Fonte Portal O Dia<\/a><\/em><\/p>\n","protected":false},"excerpt":{"rendered":"<p>Al\u00e9m de Sarah Beatriz, a noite contou com apresenta\u00e7\u00f5es de outros artistas gospel A Expo Maca\u00e9 2024 come\u00e7ou com muita emo\u00e7\u00e3o na noite desta quinta-feira (25), gra\u00e7as \u00e0 apresenta\u00e7\u00e3o da cantora gospel Sarah Beatriz. O evento, que celebra os 211 anos da cidade, est\u00e1 sendo realizado no Parque de Exposi\u00e7\u00f5es Latiff Mussi Ramos e vai [&hellip;]<\/p>\n","protected":false},"author":2,"featured_media":17536,"comment_status":"closed","ping_status":"closed","sticky":false,"template":"","format":"standard","meta":{"postBodyCss":"","postBodyMargin":[],"postBodyPadding":[],"postBodyBackground":{"backgroundType":"classic","gradient":""},"footnotes":""},"categories":[200,42],"tags":[438,468,474,90],"class_list":["post-17535","post","type-post","status-publish","format-standard","has-post-thumbnail","hentry","category-evento","category-macae","tag-aniversario","tag-gospel","tag-parque-de-exposicao","tag-shows"],"aioseo_notices":[],"_links":{"self":[{"href":"https:\/\/aconteceemmacaeeregiao.com.br\/index.php\/wp-json\/wp\/v2\/posts\/17535","targetHints":{"allow":["GET"]}}],"collection":[{"href":"https:\/\/aconteceemmacaeeregiao.com.br\/index.php\/wp-json\/wp\/v2\/posts"}],"about":[{"href":"https:\/\/aconteceemmacaeeregiao.com.br\/index.php\/wp-json\/wp\/v2\/types\/post"}],"author":[{"embeddable":true,"href":"https:\/\/aconteceemmacaeeregiao.com.br\/index.php\/wp-json\/wp\/v2\/users\/2"}],"replies":[{"embeddable":true,"href":"https:\/\/aconteceemmacaeeregiao.com.br\/index.php\/wp-json\/wp\/v2\/comments?post=17535"}],"version-history":[{"count":0,"href":"https:\/\/aconteceemmacaeeregiao.com.br\/index.php\/wp-json\/wp\/v2\/posts\/17535\/revisions"}],"wp:featuredmedia":[{"embeddable":true,"href":"https:\/\/aconteceemmacaeeregiao.com.br\/index.php\/wp-json\/wp\/v2\/media\/17536"}],"wp:attachment":[{"href":"https:\/\/aconteceemmacaeeregiao.com.br\/index.php\/wp-json\/wp\/v2\/media?parent=17535"}],"wp:term":[{"taxonomy":"category","embeddable":true,"href":"https:\/\/aconteceemmacaeeregiao.com.br\/index.php\/wp-json\/wp\/v2\/categories?post=17535"},{"taxonomy":"post_tag","embeddable":true,"href":"https:\/\/aconteceemmacaeeregiao.com.br\/index.php\/wp-json\/wp\/v2\/tags?post=17535"}],"curies":[{"name":"wp","href":"https:\/\/api.w.org\/{rel}","templated":true}]}}