{"id":17542,"date":"2024-07-29T17:31:11","date_gmt":"2024-07-29T20:31:11","guid":{"rendered":"https:\/\/aconteceemmacaeeregiao.com.br\/?p=17542"},"modified":"2024-07-29T17:31:12","modified_gmt":"2024-07-29T20:31:12","slug":"concurso-iss-macae-inscreva-se-salario-de-r-72-mil","status":"publish","type":"post","link":"https:\/\/aconteceemmacaeeregiao.com.br\/index.php\/2024\/07\/29\/concurso-iss-macae-inscreva-se-salario-de-r-72-mil\/","title":{"rendered":"Concurso ISS Maca\u00e9: Inscreva-se, sal\u00e1rio de   R$ 7,2 mil"},"content":{"rendered":"\n<p><em><strong>O concurso da\u00a0Prefeitura de Maca\u00e9, est\u00e1 com inscri\u00e7\u00f5es abertas para o cargo de Auditor Fiscal Tribut\u00e1rio<\/strong><\/em><\/p>\n\n\n\n<p>A <a href=\"https:\/\/aconteceemmacaeeregiao.com.br\/index.php\/2024\/07\/09\/prefeitura-de-macae-abre-concurso-com-vagas-na-area-juridica\/\" title=\"Prefeitura de Maca\u00e9 abre concurso com vagas na \u00e1rea jur\u00eddica\">Prefeitura de Maca\u00e9<\/a>, no Rio de Janeiro, acaba de lan\u00e7ar o edital para o concurso p\u00fablico que oferece, pela primeira vez, o cargo de Auditor Fiscal Tribut\u00e1rio (ISS). S\u00e3o 6 vagas imediatas dispon\u00edveis, exigindo n\u00edvel superior em qualquer \u00e1rea e CNH B.<\/p>\n\n\n\n<p><strong>Sal\u00e1rio e Benef\u00edcios<\/strong><br>Os sal\u00e1rios iniciais s\u00e3o atraentes, chegando a R$ 7.267,11, al\u00e9m dos benef\u00edcios exclusivos da carreira p\u00fablica.<\/p>\n\n\n\n<p><strong>Inscri\u00e7\u00f5es e Provas<\/strong><br>As <a href=\"https:\/\/aconteceemmacaeeregiao.com.br\/index.php\/2024\/07\/26\/instituto-proa-ultimos-dias-para-inscricoes-no-processo-seletivo-2024\/\" title=\"Instituto PROA: \u00daltimos Dias para Inscri\u00e7\u00f5es no Processo Seletivo 2024\">inscri\u00e7\u00f5es<\/a> est\u00e3o abertas at\u00e9 06 de agosto, com taxa de R$ 120,00. A prova objetiva ser\u00e1 realizada no dia 13 de outubro, das 8h \u00e0s 12h.<\/p>\n\n\n\n<p><strong>Detalhes do Concurso<\/strong><\/p>\n\n\n\n<ul class=\"wp-block-list\">\n<li><strong>Inscri\u00e7\u00f5es:<\/strong> 08 de julho a 06 de agosto<\/li>\n\n\n\n<li><strong>Isen\u00e7\u00e3o da taxa:<\/strong> 08 a 10 de julho<\/li>\n\n\n\n<li><strong>Pagamento da taxa:<\/strong> at\u00e9 07 de agosto<\/li>\n\n\n\n<li><strong>Data da prova:<\/strong> 13 de outubro<\/li>\n\n\n\n<li><strong>Banca organizadora:<\/strong> FGV<\/li>\n\n\n\n<li><strong>Sal\u00e1rio inicial:<\/strong> R$ 7.267,11<\/li>\n<\/ul>\n\n\n\n<p><strong>Requisitos<\/strong><\/p>\n\n\n\n<ul class=\"wp-block-list\">\n<li>Diploma de gradua\u00e7\u00e3o em qualquer \u00e1rea reconhecido pelo MEC<\/li>\n\n\n\n<li>CNH Categoria &#8220;B&#8221;<\/li>\n<\/ul>\n\n\n\n<p><strong>Atribui\u00e7\u00f5es do Cargo<\/strong><\/p>\n\n\n\n<ul class=\"wp-block-list\">\n<li>Constituir o cr\u00e9dito tribut\u00e1rio e proceder \u00e0 revis\u00e3o de of\u00edcio<\/li>\n\n\n\n<li>Aplicar penalidades previstas na legisla\u00e7\u00e3o e revisar declara\u00e7\u00f5es<\/li>\n\n\n\n<li>Executar procedimentos de auditoria, dilig\u00eancia, per\u00edcia e fiscaliza\u00e7\u00e3o<\/li>\n\n\n\n<li>Supervisionar o compartilhamento de informa\u00e7\u00f5es fiscais com outras administra\u00e7\u00f5es tribut\u00e1rias<\/li>\n<\/ul>\n\n\n\n<p><strong>Conhecimentos Espec\u00edficos Exigidos<\/strong><\/p>\n\n\n\n<ul class=\"wp-block-list\">\n<li>Auditoria Financeira<\/li>\n\n\n\n<li>Auditoria Governamental<\/li>\n\n\n\n<li>Administra\u00e7\u00e3o Financeira e Or\u00e7ament\u00e1ria<\/li>\n\n\n\n<li>Gest\u00e3o e Fiscaliza\u00e7\u00e3o de Contratos<\/li>\n\n\n\n<li>No\u00e7\u00f5es de Direito Tribut\u00e1rio<\/li>\n\n\n\n<li>Legisla\u00e7\u00e3o Tribut\u00e1ria Municipal<\/li>\n<\/ul>\n\n\n\n<p>Para ser aprovado, \u00e9 necess\u00e1rio atingir:<\/p>\n\n\n\n<ul class=\"wp-block-list\">\n<li>16 pontos em Conhecimentos B\u00e1sicos<\/li>\n\n\n\n<li>12 pontos em Conhecimentos Espec\u00edficos<\/li>\n\n\n\n<li>28 pontos no total das provas<\/li>\n<\/ul>\n\n\n\n<p><strong>Distribui\u00e7\u00e3o das Vagas<\/strong><\/p>\n\n\n\n<ul class=\"wp-block-list\">\n<li>Ampla Concorr\u00eancia: 05<\/li>\n\n\n\n<li>Negro: 01<\/li>\n\n\n\n<li>PcD: 0<\/li>\n<\/ul>\n\n\n\n<p>N\u00e3o perca esta oportunidade de ingressar na carreira p\u00fablica com uma remunera\u00e7\u00e3o atrativa e estabilidade. Inscreva-se j\u00e1!<\/p>\n\n\n\n<p><strong>Edital Retificado:<\/strong> Edital ISS Maca\u00e9 2024<\/p>\n\n\n\n<p><a href=\"https:\/\/www.estrategiaconcursos.com.br\/blog\/concurso-prefeitura-macae\/\" title=\"\"><em>Fonte Estrat\u00e9gia Concursos<\/em><\/a><\/p>\n","protected":false},"excerpt":{"rendered":"<p>O concurso da\u00a0Prefeitura de Maca\u00e9, est\u00e1 com inscri\u00e7\u00f5es abertas para o cargo de Auditor Fiscal Tribut\u00e1rio A Prefeitura de Maca\u00e9, no Rio de Janeiro, acaba de lan\u00e7ar o edital para o concurso p\u00fablico que oferece, pela primeira vez, o cargo de Auditor Fiscal Tribut\u00e1rio (ISS). S\u00e3o 6 vagas imediatas dispon\u00edveis, exigindo n\u00edvel superior em qualquer [&hellip;]<\/p>\n","protected":false},"author":2,"featured_media":17543,"comment_status":"closed","ping_status":"closed","sticky":false,"template":"","format":"standard","meta":{"postBodyCss":"","postBodyMargin":[],"postBodyPadding":[],"postBodyBackground":{"backgroundType":"classic","gradient":""},"footnotes":""},"categories":[42],"tags":[160,82,89],"class_list":["post-17542","post","type-post","status-publish","format-standard","has-post-thumbnail","hentry","category-macae","tag-concursos","tag-oportunidade","tag-prefeitura"],"aioseo_notices":[],"_links":{"self":[{"href":"https:\/\/aconteceemmacaeeregiao.com.br\/index.php\/wp-json\/wp\/v2\/posts\/17542","targetHints":{"allow":["GET"]}}],"collection":[{"href":"https:\/\/aconteceemmacaeeregiao.com.br\/index.php\/wp-json\/wp\/v2\/posts"}],"about":[{"href":"https:\/\/aconteceemmacaeeregiao.com.br\/index.php\/wp-json\/wp\/v2\/types\/post"}],"author":[{"embeddable":true,"href":"https:\/\/aconteceemmacaeeregiao.com.br\/index.php\/wp-json\/wp\/v2\/users\/2"}],"replies":[{"embeddable":true,"href":"https:\/\/aconteceemmacaeeregiao.com.br\/index.php\/wp-json\/wp\/v2\/comments?post=17542"}],"version-history":[{"count":0,"href":"https:\/\/aconteceemmacaeeregiao.com.br\/index.php\/wp-json\/wp\/v2\/posts\/17542\/revisions"}],"wp:featuredmedia":[{"embeddable":true,"href":"https:\/\/aconteceemmacaeeregiao.com.br\/index.php\/wp-json\/wp\/v2\/media\/17543"}],"wp:attachment":[{"href":"https:\/\/aconteceemmacaeeregiao.com.br\/index.php\/wp-json\/wp\/v2\/media?parent=17542"}],"wp:term":[{"taxonomy":"category","embeddable":true,"href":"https:\/\/aconteceemmacaeeregiao.com.br\/index.php\/wp-json\/wp\/v2\/categories?post=17542"},{"taxonomy":"post_tag","embeddable":true,"href":"https:\/\/aconteceemmacaeeregiao.com.br\/index.php\/wp-json\/wp\/v2\/tags?post=17542"}],"curies":[{"name":"wp","href":"https:\/\/api.w.org\/{rel}","templated":true}]}}