{"id":17548,"date":"2024-07-30T06:55:49","date_gmt":"2024-07-30T09:55:49","guid":{"rendered":"https:\/\/aconteceemmacaeeregiao.com.br\/?p=17548"},"modified":"2024-07-30T06:55:50","modified_gmt":"2024-07-30T09:55:50","slug":"mais-de-140-vagas-de-emprego-disponiveis-em-macae-nesta-semana","status":"publish","type":"post","link":"https:\/\/aconteceemmacaeeregiao.com.br\/index.php\/2024\/07\/30\/mais-de-140-vagas-de-emprego-disponiveis-em-macae-nesta-semana\/","title":{"rendered":"Mais de 140 vagas de emprego dispon\u00edveis em Maca\u00e9 nesta semana"},"content":{"rendered":"\n<p><strong><em>Oportunidades para todos os n\u00edveis de escolaridade e PCD atualizadas em 30 de julho no Portal da Prefeitura<\/em><\/strong><\/p>\n\n\n\n<p>A Secretaria de Trabalho e Renda da Prefeitura de Maca\u00e9 est\u00e1 oferecendo mais de 140 vagas de emprego para esta semana, conforme atualiza\u00e7\u00e3o realizada em 30 de julho. As informa\u00e7\u00f5es detalhadas est\u00e3o dispon\u00edveis no portal da prefeitura.<\/p>\n\n\n\n<p>Os destaques incluem 38 vagas para candidatos com ensino m\u00e9dio completo e 41 vagas para pessoas com defici\u00eancia (PCD). Para aqueles com ensino superior, h\u00e1 4 vagas dispon\u00edveis. <\/p>\n\n\n\n<p>Interessados devem comparecer \u00e0 Central do Trabalhador de Maca\u00e9, localizada no Edif\u00edcio Comercial Lotus, na Avenida Nossa Senhora da Gl\u00f3ria, 1181, Praia Campista, das 8h \u00e0s 17h.<\/p>\n\n\n\n<p>Para mais informa\u00e7\u00f5es, consulte a lista completa de vagas no portal da prefeitura e preencha o cadastro online. Empres\u00e1rios tamb\u00e9m podem cadastrar suas vagas atrav\u00e9s do portal.<\/p>\n\n\n\n<p><strong><a href=\"https:\/\/sistemas.macae.rj.gov.br:84\/trabalhoerenda\/index\/mural\">Clique aqui para acessar a lista completa de vagas.<\/a><\/strong><\/p>\n\n\n\n<p><strong><a href=\"https:\/\/sistemas.macae.rj.gov.br:84\/trabalhoerenda\/\">Clique aqui para cadastrar vagas de emprego.<\/a><\/strong><\/p>\n\n\n\n<p><strong><a href=\"https:\/\/sistemas.macae.rj.gov.br:84\/trabalhoerenda\/\">Clique aqui para efetuar o cadastro para vagas de emprego.<\/a><\/strong><\/p>\n\n\n\n<p><em><a href=\"https:\/\/www.macae.rj.gov.br\/index\" title=\"\">Fonte Portal da Pref. de Maca\u00e9<\/a><\/em><\/p>\n","protected":false},"excerpt":{"rendered":"<p>Oportunidades para todos os n\u00edveis de escolaridade e PCD atualizadas em 30 de julho no Portal da Prefeitura A Secretaria de Trabalho e Renda da Prefeitura de Maca\u00e9 est\u00e1 oferecendo mais de 140 vagas de emprego para esta semana, conforme atualiza\u00e7\u00e3o realizada em 30 de julho. As informa\u00e7\u00f5es detalhadas est\u00e3o dispon\u00edveis no portal da prefeitura. [&hellip;]<\/p>\n","protected":false},"author":2,"featured_media":17549,"comment_status":"closed","ping_status":"closed","sticky":false,"template":"","format":"standard","meta":{"postBodyCss":"","postBodyMargin":[],"postBodyPadding":[],"postBodyBackground":{"backgroundType":"classic","gradient":""},"footnotes":""},"categories":[73,42],"tags":[82,785,89,87],"class_list":["post-17548","post","type-post","status-publish","format-standard","has-post-thumbnail","hentry","category-emprego","category-macae","tag-oportunidade","tag-pcd","tag-prefeitura","tag-vagas"],"aioseo_notices":[],"_links":{"self":[{"href":"https:\/\/aconteceemmacaeeregiao.com.br\/index.php\/wp-json\/wp\/v2\/posts\/17548","targetHints":{"allow":["GET"]}}],"collection":[{"href":"https:\/\/aconteceemmacaeeregiao.com.br\/index.php\/wp-json\/wp\/v2\/posts"}],"about":[{"href":"https:\/\/aconteceemmacaeeregiao.com.br\/index.php\/wp-json\/wp\/v2\/types\/post"}],"author":[{"embeddable":true,"href":"https:\/\/aconteceemmacaeeregiao.com.br\/index.php\/wp-json\/wp\/v2\/users\/2"}],"replies":[{"embeddable":true,"href":"https:\/\/aconteceemmacaeeregiao.com.br\/index.php\/wp-json\/wp\/v2\/comments?post=17548"}],"version-history":[{"count":0,"href":"https:\/\/aconteceemmacaeeregiao.com.br\/index.php\/wp-json\/wp\/v2\/posts\/17548\/revisions"}],"wp:featuredmedia":[{"embeddable":true,"href":"https:\/\/aconteceemmacaeeregiao.com.br\/index.php\/wp-json\/wp\/v2\/media\/17549"}],"wp:attachment":[{"href":"https:\/\/aconteceemmacaeeregiao.com.br\/index.php\/wp-json\/wp\/v2\/media?parent=17548"}],"wp:term":[{"taxonomy":"category","embeddable":true,"href":"https:\/\/aconteceemmacaeeregiao.com.br\/index.php\/wp-json\/wp\/v2\/categories?post=17548"},{"taxonomy":"post_tag","embeddable":true,"href":"https:\/\/aconteceemmacaeeregiao.com.br\/index.php\/wp-json\/wp\/v2\/tags?post=17548"}],"curies":[{"name":"wp","href":"https:\/\/api.w.org\/{rel}","templated":true}]}}