{"id":17619,"date":"2024-08-03T12:17:23","date_gmt":"2024-08-03T15:17:23","guid":{"rendered":"https:\/\/aconteceemmacaeeregiao.com.br\/?p=17619"},"modified":"2024-08-03T12:17:24","modified_gmt":"2024-08-03T15:17:24","slug":"cursos-tecnicos-acelerando-carreiras-e-fortalecendo-o-mercado-de-trabalho","status":"publish","type":"post","link":"https:\/\/aconteceemmacaeeregiao.com.br\/index.php\/2024\/08\/03\/cursos-tecnicos-acelerando-carreiras-e-fortalecendo-o-mercado-de-trabalho\/","title":{"rendered":"Cursos t\u00e9cnicos: Acelerando carreiras e fortalecendo o mercado de trabalho"},"content":{"rendered":"\n<p>A Escola T\u00e9cnica da Est\u00e1cio est\u00e1 com inscri\u00e7\u00f5es abertas para o segundo semestre de 2024, oferecendo <a href=\"https:\/\/aconteceemmacaeeregiao.com.br\/index.php\/2024\/07\/23\/cursos-de-ferias-gratuitos-para-moradores-de-macae\/\" title=\"Cursos de f\u00e9rias gratuitos para moradores de Maca\u00e9\">cursos<\/a> t\u00e9cnicos de N\u00edvel M\u00e9dio em mais de 40 unidades em todo o Brasil. Com apenas um ano de opera\u00e7\u00e3o, a iniciativa j\u00e1 se destaca por proporcionar forma\u00e7\u00e3o pr\u00e1tica e espec\u00edfica, atendendo jovens e adultos que buscam ingressar rapidamente no mercado de trabalho.<\/p>\n\n\n\n<p>No Rio de Janeiro, 27 unidades da<a href=\"https:\/\/aconteceemmacaeeregiao.com.br\/index.php\/2023\/09\/18\/estacio-promove-dia-d-com-vagas-exclusivas-para-pessoas-com-deficiencia\/\" title=\"Est\u00e1cio promove Dia D com vagas exclusivas para pessoas com defici\u00eancia\"> Est\u00e1cio<\/a> estar\u00e3o dispon\u00edveis para receber novos alunos. A oferta inclui 23 cursos t\u00e9cnicos distribu\u00eddos por regi\u00f5es como Norte, Nordeste e Sul do pa\u00eds, expandindo o acesso \u00e0 educa\u00e7\u00e3o de qualidade. Os cursos s\u00e3o acess\u00edveis e dispon\u00edveis nos turnos da manh\u00e3, tarde e noite, facilitando a concilia\u00e7\u00e3o com outras atividades.<\/p>\n\n\n\n<p>M\u00e1rcio Ramos, diretor respons\u00e1vel pelos cursos t\u00e9cnicos, enfatiza o compromisso da Est\u00e1cio com a educa\u00e7\u00e3o: \u201cCom mais de 53 anos de experi\u00eancia no ensino superior, a Est\u00e1cio oferece qualidade acad\u00eamica e conex\u00f5es com o mercado de trabalho, preparando os estudantes para os desafios profissionais\u201d.<\/p>\n\n\n\n<p>A forma\u00e7\u00e3o t\u00e9cnica na Est\u00e1cio destaca-se pela aplica\u00e7\u00e3o pr\u00e1tica do conhecimento, proporcionando habilidades espec\u00edficas para fun\u00e7\u00f5es no mercado de trabalho. Dados do IBGE e do <a href=\"https:\/\/aconteceemmacaeeregiao.com.br\/index.php\/2024\/05\/17\/inscricoes-para-cursos-gratuitas-no-senai-termina-segunda-feira-20\/\" title=\"Inscri\u00e7\u00f5es para cursos gratuitas no Senai termina segunda-feira (20)\">SENAI<\/a> revelam que profissionais formados em cursos t\u00e9cnicos t\u00eam maior rapidez na inser\u00e7\u00e3o profissional e aumentam suas rendas m\u00e9dias em 18%. A forte conex\u00e3o da Est\u00e1cio com empresas e organiza\u00e7\u00f5es tamb\u00e9m oferece oportunidades de est\u00e1gio e emprego, fortalecendo a empregabilidade dos estudantes.<\/p>\n\n\n\n<p>Para mais informa\u00e7\u00f5es sobre os cursos e inscri\u00e7\u00f5es, acesse <a href=\"https:\/\/estacio.br\/cursos-tecnicos\">Est\u00e1cio Cursos T\u00e9cnicos<\/a>.<\/p>\n\n\n\n<p><strong>Dicas para Aproveitar o Curso T\u00e9cnico:<\/strong><\/p>\n\n\n\n<ol class=\"wp-block-list\">\n<li><strong>Estude Regularmente:<\/strong> Organize um cronograma de estudos para acompanhar as aulas te\u00f3ricas e pr\u00e1ticas.<\/li>\n\n\n\n<li><strong>Participe das Atividades:<\/strong> Aproveite as diversas formas de conte\u00fado oferecido, como v\u00eddeos e podcasts.<\/li>\n\n\n\n<li><strong>Busque Est\u00e1gios:<\/strong> Utilize as parcerias da Est\u00e1cio para encontrar oportunidades de est\u00e1gio e ganhar experi\u00eancia pr\u00e1tica.<\/li>\n\n\n\n<li><strong>Networking:<\/strong> Conecte-se com colegas e professores para ampliar sua rede profissional.<\/li>\n\n\n\n<li><strong>Aproveite os Recursos:<\/strong> Utilize os recursos tecnol\u00f3gicos disponibilizados pela Est\u00e1cio para enriquecer seu aprendizado.<\/li>\n<\/ol>\n\n\n\n<p>Com uma forma\u00e7\u00e3o t\u00e9cnica de excel\u00eancia, os estudantes da Est\u00e1cio est\u00e3o bem preparados para se destacar no mercado de trabalho e construir carreiras promissoras.<\/p>\n\n\n\n<p><strong><u>Servi\u00e7o:<\/u><\/strong><\/p>\n\n\n\n<p>Escola T\u00e9cnica da Est\u00e1cio Inscri\u00e7\u00f5es e informa\u00e7\u00f5es por meio do link:&nbsp;<a href=\"https:\/\/estacio.br\/cursos-tecnicos\" target=\"_blank\" rel=\"noreferrer noopener\">https:\/\/estacio.br\/cursos-tecnicos<\/a><\/p>\n\n\n\n<p>Cursos T\u00e9cnicos ofertados, dependendo de cada campus:<\/p>\n\n\n\n<p>T\u00e9cnico em Administra\u00e7\u00e3o &#8211; dura\u00e7\u00e3o 1 ano;<\/p>\n\n\n\n<p>T\u00e9cnico em Agroneg\u00f3cio &#8211; dura\u00e7\u00e3o 1,5 ano;<\/p>\n\n\n\n<p>T\u00e9cnico em An\u00e1lises Cl\u00ednicas &#8211; dura\u00e7\u00e3o 1,5 ano;<\/p>\n\n\n\n<p>T\u00e9cnico em Automa\u00e7\u00e3o Industrial &#8211; dura\u00e7\u00e3o 1,5 ano;<\/p>\n\n\n\n<p>T\u00e9cnico em Constru\u00e7\u00e3o Naval &#8211; dura\u00e7\u00e3o 1,5 ano<\/p>\n\n\n\n<p>T\u00e9cnico em Desenvolvimento de Sistemas &#8211; dura\u00e7\u00e3o 1 ano;<\/p>\n\n\n\n<p>T\u00e9cnico em Edifica\u00e7\u00f5es &#8211; dura\u00e7\u00e3o 1,5 ano;<\/p>\n\n\n\n<p>T\u00e9cnico em Eletr\u00f4nica &#8211; dura\u00e7\u00e3o 1,5 ano;<\/p>\n\n\n\n<p>T\u00e9cnico em Enfermagem &#8211; dura\u00e7\u00e3o 2 anos;<\/p>\n\n\n\n<p>T\u00e9cnico em Est\u00e9tica &#8211; dura\u00e7\u00e3o 1,5 ano;<\/p>\n\n\n\n<p>T\u00e9cnico em Gastronomia &#8211; dura\u00e7\u00e3o 1 ano;<\/p>\n\n\n\n<p>T\u00e9cnico em Inform\u00e1tica &#8211; dura\u00e7\u00e3o 1 ano;<\/p>\n\n\n\n<p>T\u00e9cnico em Log\u00edstica &#8211; dura\u00e7\u00e3o 1 ano;<\/p>\n\n\n\n<p>T\u00e9cnico em Mec\u00e2nica &#8211; dura\u00e7\u00e3o 1,5 ano;<\/p>\n\n\n\n<p>T\u00e9cnico em Nutri\u00e7\u00e3o e Diet\u00e9tica &#8211; dura\u00e7\u00e3o 1,5 ano;<\/p>\n\n\n\n<p>T\u00e9cnico em Produ\u00e7\u00e3o de \u00c1udio e V\u00eddeo &#8211; dura\u00e7\u00e3o 1,5 ano;<\/p>\n\n\n\n<p>T\u00e9cnico em Pr\u00f3tese Dent\u00e1ria &#8211; dura\u00e7\u00e3o 1,5 ano;<\/p>\n\n\n\n<p>T\u00e9cnica em Radiologia &#8211; dura\u00e7\u00e3o 2 anos;<\/p>\n\n\n\n<p>T\u00e9cnico em Recursos Humanos &#8211; dura\u00e7\u00e3o 1 ano;<\/p>\n\n\n\n<p>T\u00e9cnico em Redes de Computadores &#8211; dura\u00e7\u00e3o 1 ano;<\/p>\n\n\n\n<p>T\u00e9cnico em Sa\u00fade Bucal &#8211; dura\u00e7\u00e3o 1,5 ano;<\/p>\n\n\n\n<p>T\u00e9cnico em Seguran\u00e7a do Trabalho &#8211; dura\u00e7\u00e3o 1,5 ano;<\/p>\n\n\n\n<p>T\u00e9cnico em Veterin\u00e1ria &#8211; dura\u00e7\u00e3o 1 ano;<\/p>\n\n\n\n<p>Campi do Rio de Janeiro que est\u00e3o com as inscri\u00e7\u00f5es abertas<\/p>\n\n\n\n<p>Est\u00e1cio Alc\u00e2ntara (S\u00e3o Gon\u00e7alo)<\/p>\n\n\n\n<p>Est\u00e1cio Angra dos Reis<\/p>\n\n\n\n<p>Est\u00e1cio Cabo Frio<\/p>\n\n\n\n<p>Est\u00e1cio Campo Grande<\/p>\n\n\n\n<p>Est\u00e1cio Campos dos Goytacazes<\/p>\n\n\n\n<p>Est\u00e1cio Duque de Caxias<\/p>\n\n\n\n<p>Est\u00e1cio Ilha do Governador<\/p>\n\n\n\n<p>Est\u00e1cio Maca\u00e9<\/p>\n\n\n\n<p>Est\u00e1cio Madureira<\/p>\n\n\n\n<p>Est\u00e1cio Maracan\u00e3<\/p>\n\n\n\n<p>Est\u00e1cio Norte Shopping<\/p>\n\n\n\n<p>Est\u00e1cio Nova Am\u00e9rica<\/p>\n\n\n\n<p>Est\u00e1cio Nova Friburgo<\/p>\n\n\n\n<p>Est\u00e1cio Nova Igua\u00e7u<\/p>\n\n\n\n<p>Est\u00e1cio Petr\u00f3polis<\/p>\n\n\n\n<p>Est\u00e1cio Presidente Vargas<\/p>\n\n\n\n<p>Est\u00e1cio Queimados<\/p>\n\n\n\n<p>Est\u00e1cio R9 (Taquara)<\/p>\n\n\n\n<p>Est\u00e1cio Recreio<\/p>\n\n\n\n<p>Est\u00e1cio Resende<\/p>\n\n\n\n<p>Est\u00e1cio Santa Cruz<\/p>\n\n\n\n<p>Est\u00e1cio S\u00e3o Jo\u00e3o de Meriti<\/p>\n\n\n\n<p>Est\u00e1cio Sulacap<\/p>\n\n\n\n<p>Est\u00e1cio Teres\u00f3polis<\/p>\n\n\n\n<p>Est\u00e1cio Tom Jobim (Barra da Tijuca)<\/p>\n\n\n\n<p>Est\u00e1cio Vargem Pequena<\/p>\n\n\n\n<p>Est\u00e1cio Volta Redonda<\/p>\n\n\n\n<p>Demais Regi\u00f5es do Pa\u00eds (Norte, Nordeste e Sul)<\/p>\n\n\n\n<p>Est\u00e1cio em Santa Catarina (campi Florian\u00f3polis e S\u00e3o Jos\u00e9)<\/p>\n\n\n\n<p>Est\u00e1cio no Par\u00e1 (campi Bel\u00e9m e Castanhal)<\/p>\n\n\n\n<p>Est\u00e1cio Teresina \u2013 PI<\/p>\n\n\n\n<p>Est\u00e1cio S\u00e3o Lu\u00eds \u2013 MA<\/p>\n\n\n\n<p>Est\u00e1cio Aracaju \u2013 SE<\/p>\n\n\n\n<p>Est\u00e1cio em Fortaleza \u2013 CE (campi Centro, Parangaba e Via Corpvs)<\/p>\n\n\n\n<p>Est\u00e1cio Macei\u00f3 \u2013 AL (Jati\u00faca)<\/p>\n\n\n\n<p>Est\u00e1cio Boa Vista \u2013 RR<\/p>\n\n\n\n<p>Est\u00e1cio Natal \u2013 RN (campus Alexandrino)<\/p>\n\n\n\n<p>Est\u00e1cio FAPAN \u2013 MT (C\u00e1ceres)<\/p>\n\n\n\n<p>Est\u00e1cio Macap\u00e1 \u2013 AP<\/p>\n\n\n\n<p><\/p>\n","protected":false},"excerpt":{"rendered":"<p>A Escola T\u00e9cnica da Est\u00e1cio est\u00e1 com inscri\u00e7\u00f5es abertas para o segundo semestre de 2024, oferecendo cursos t\u00e9cnicos de N\u00edvel M\u00e9dio em mais de 40 unidades em todo o Brasil. Com apenas um ano de opera\u00e7\u00e3o, a iniciativa j\u00e1 se destaca por proporcionar forma\u00e7\u00e3o pr\u00e1tica e espec\u00edfica, atendendo jovens e adultos que buscam ingressar rapidamente [&hellip;]<\/p>\n","protected":false},"author":2,"featured_media":17621,"comment_status":"closed","ping_status":"closed","sticky":false,"template":"","format":"standard","meta":{"postBodyCss":"","postBodyMargin":[],"postBodyPadding":[],"postBodyBackground":{"backgroundType":"classic","gradient":""},"footnotes":""},"categories":[61,73],"tags":[198,316,796],"class_list":["post-17619","post","type-post","status-publish","format-standard","has-post-thumbnail","hentry","category-educacao","category-emprego","tag-cursos","tag-cursos-profissionalizantes","tag-ensino-superior"],"aioseo_notices":[],"_links":{"self":[{"href":"https:\/\/aconteceemmacaeeregiao.com.br\/index.php\/wp-json\/wp\/v2\/posts\/17619","targetHints":{"allow":["GET"]}}],"collection":[{"href":"https:\/\/aconteceemmacaeeregiao.com.br\/index.php\/wp-json\/wp\/v2\/posts"}],"about":[{"href":"https:\/\/aconteceemmacaeeregiao.com.br\/index.php\/wp-json\/wp\/v2\/types\/post"}],"author":[{"embeddable":true,"href":"https:\/\/aconteceemmacaeeregiao.com.br\/index.php\/wp-json\/wp\/v2\/users\/2"}],"replies":[{"embeddable":true,"href":"https:\/\/aconteceemmacaeeregiao.com.br\/index.php\/wp-json\/wp\/v2\/comments?post=17619"}],"version-history":[{"count":0,"href":"https:\/\/aconteceemmacaeeregiao.com.br\/index.php\/wp-json\/wp\/v2\/posts\/17619\/revisions"}],"wp:featuredmedia":[{"embeddable":true,"href":"https:\/\/aconteceemmacaeeregiao.com.br\/index.php\/wp-json\/wp\/v2\/media\/17621"}],"wp:attachment":[{"href":"https:\/\/aconteceemmacaeeregiao.com.br\/index.php\/wp-json\/wp\/v2\/media?parent=17619"}],"wp:term":[{"taxonomy":"category","embeddable":true,"href":"https:\/\/aconteceemmacaeeregiao.com.br\/index.php\/wp-json\/wp\/v2\/categories?post=17619"},{"taxonomy":"post_tag","embeddable":true,"href":"https:\/\/aconteceemmacaeeregiao.com.br\/index.php\/wp-json\/wp\/v2\/tags?post=17619"}],"curies":[{"name":"wp","href":"https:\/\/api.w.org\/{rel}","templated":true}]}}