{"id":17639,"date":"2024-08-03T14:49:20","date_gmt":"2024-08-03T17:49:20","guid":{"rendered":"https:\/\/aconteceemmacaeeregiao.com.br\/?p=17639"},"modified":"2024-08-03T14:49:21","modified_gmt":"2024-08-03T17:49:21","slug":"empresa-de-transportes-em-macae-e-fechada-por-uso-de-licenca-falsa","status":"publish","type":"post","link":"https:\/\/aconteceemmacaeeregiao.com.br\/index.php\/2024\/08\/03\/empresa-de-transportes-em-macae-e-fechada-por-uso-de-licenca-falsa\/","title":{"rendered":"Empresa de transportes em Maca\u00e9 \u00e9 fechada por uso de licen\u00e7a falsa"},"content":{"rendered":"\n<p><strong><em>Opera\u00e7\u00e3o do Inea apreendeu cont\u00eainer com \u00f3leo, dois caminh\u00f5es e o respons\u00e1veis foram encaminhados \u00e0 delegacia<\/em><\/strong><\/p>\n\n\n\n<p>Uma opera\u00e7\u00e3o conjunta envolvendo o Instituto Estadual do Ambiente (Inea) e v\u00e1rios \u00f3rg\u00e3os de seguran\u00e7a resultou no fechamento de uma empresa de transportes de passageiros e produtos perigosos em Maca\u00e9. A empresa \u00e9 suspeita de operar com uma licen\u00e7a falsa. A a\u00e7\u00e3o, ocorrida na noite de ter\u00e7a-feira (31), foi motivada por<a href=\"https:\/\/aconteceemmacaeeregiao.com.br\/index.php\/2023\/04\/04\/prefeitura-de-cabo-frio-lanca-canal-para-denuncias-de-maus-tratos-a-animais\/\" title=\"Prefeitura de Cabo Frio lan\u00e7a canal para den\u00fancias de maus-tratos a animais\"> den\u00fancias<\/a> do Minist\u00e9rio P\u00fablico do Rio de Janeiro (MPRJ) e contou com a participa\u00e7\u00e3o da Superintend\u00eancia de Combate aos Crimes Ambientais (SUPCCA), do Comando de Pol\u00edcia Ambiental (CPAM) e da Pol\u00edcia Civil (PC).<\/p>\n\n\n\n<p><strong>Irregularidades e Opera\u00e7\u00e3o<\/strong><\/p>\n\n\n\n<p>Durante a opera\u00e7\u00e3o, os agentes do Inea identificaram v\u00e1rias irregularidades, incluindo o transporte n\u00e3o autorizado de produtos perigosos. Foi constatado que a empresa utilizava uma licen\u00e7a de opera\u00e7\u00e3o falsificada, supostamente emitida pelo \u00f3rg\u00e3o <a href=\"https:\/\/aconteceemmacaeeregiao.com.br\/index.php\/2024\/07\/20\/macae-com-novas-redes-de-esgoto-no-bairro-aroeira\/\" title=\"Maca\u00e9 com novas redes de esgoto no bairro Aroeira\">ambiental.<\/a> No local, os fiscais encontraram um cont\u00eainer com \u00f3leo e dois caminh\u00f5es, que foram apreendidos. A resist\u00eancia e o desacato por parte dos funcion\u00e1rios resultaram na interdi\u00e7\u00e3o e lacra\u00e7\u00e3o imediata do estabelecimento.<\/p>\n\n\n\n<p><strong>Desobedi\u00eancia e Rea\u00e7\u00e3o Policial<\/strong><\/p>\n\n\n\n<p>Apesar da interdi\u00e7\u00e3o, os propriet\u00e1rios desobedeceram a ordem de fechamento e removeram o lacre, reabrindo a empresa no dia seguinte. Em resposta, a pol\u00edcia foi acionada novamente e conduziu os funcion\u00e1rios e o gerente \u00e0 delegacia para prestar depoimentos. Uma pessoa foi presa, e a empresa foi autuada, multada e fechada mais uma vez<\/p>\n\n\n<div class=\"wp-block-image\">\n<figure class=\"aligncenter size-large is-resized\"><img fetchpriority=\"high\" decoding=\"async\" width=\"768\" height=\"1024\" src=\"https:\/\/aconteceemmacaeeregiao.com.br\/wp-content\/uploads\/2024\/08\/imagem_do_whatsapp_de_2024_08_01_a_s__18_43_12_cb71d637-33593232-768x1024.webp\" alt=\"\" class=\"wp-image-17641\" style=\"width:404px;height:auto\" srcset=\"https:\/\/aconteceemmacaeeregiao.com.br\/wp-content\/uploads\/2024\/08\/imagem_do_whatsapp_de_2024_08_01_a_s__18_43_12_cb71d637-33593232-768x1024.webp 768w, https:\/\/aconteceemmacaeeregiao.com.br\/wp-content\/uploads\/2024\/08\/imagem_do_whatsapp_de_2024_08_01_a_s__18_43_12_cb71d637-33593232-225x300.webp 225w, https:\/\/aconteceemmacaeeregiao.com.br\/wp-content\/uploads\/2024\/08\/imagem_do_whatsapp_de_2024_08_01_a_s__18_43_12_cb71d637-33593232-1152x1536.webp 1152w, https:\/\/aconteceemmacaeeregiao.com.br\/wp-content\/uploads\/2024\/08\/imagem_do_whatsapp_de_2024_08_01_a_s__18_43_12_cb71d637-33593232-1536x2048.webp 1536w, https:\/\/aconteceemmacaeeregiao.com.br\/wp-content\/uploads\/2024\/08\/imagem_do_whatsapp_de_2024_08_01_a_s__18_43_12_cb71d637-33593232.webp 1920w\" sizes=\"(max-width: 768px) 100vw, 768px\" \/><\/figure>\n<\/div>\n\n\n<p><\/p>\n\n\n\n<p><strong>Implica\u00e7\u00f5es Legais e Futuras A\u00e7\u00f5es<\/strong><\/p>\n\n\n\n<p>A reabertura da empresa ap\u00f3s a interdi\u00e7\u00e3o e a resist\u00eancia \u00e0 opera\u00e7\u00e3o mostram a gravidade das infra\u00e7\u00f5es cometidas. A continuidade das <a href=\"https:\/\/aconteceemmacaeeregiao.com.br\/index.php\/2024\/07\/16\/identificada-a-mulher-encontrada-morta-em-cabo-frio\/\" title=\"Identificada a mulher encontrada morta  em Cabo Frio\">investiga\u00e7\u00f5es<\/a> e a aplica\u00e7\u00e3o de penalidades severas s\u00e3o essenciais para coibir pr\u00e1ticas ilegais e garantir que outras empresas sigam as regulamenta\u00e7\u00f5es ambientais e de seguran\u00e7a. Este caso serve como alerta para a import\u00e2ncia da conformidade legal e da responsabilidade corporativa no setor de transportes.<\/p>\n\n\n\n<p><em><a href=\"https:\/\/odia.ig.com.br\/macae\/2024\/08\/6892534-empresa-de-transportes-e-fechada-suspeita-de-usar-licenca-falsa-em-macae.html\" title=\"\">Fonte Portal O Dia<\/a><\/em><\/p>\n","protected":false},"excerpt":{"rendered":"<p>Opera\u00e7\u00e3o do Inea apreendeu cont\u00eainer com \u00f3leo, dois caminh\u00f5es e o respons\u00e1veis foram encaminhados \u00e0 delegacia Uma opera\u00e7\u00e3o conjunta envolvendo o Instituto Estadual do Ambiente (Inea) e v\u00e1rios \u00f3rg\u00e3os de seguran\u00e7a resultou no fechamento de uma empresa de transportes de passageiros e produtos perigosos em Maca\u00e9. A empresa \u00e9 suspeita de operar com uma licen\u00e7a [&hellip;]<\/p>\n","protected":false},"author":2,"featured_media":17640,"comment_status":"closed","ping_status":"closed","sticky":false,"template":"","format":"standard","meta":{"postBodyCss":"","postBodyMargin":[],"postBodyPadding":[],"postBodyBackground":{"backgroundType":"classic","gradient":""},"footnotes":""},"categories":[42,67],"tags":[261,986,609,987,141],"class_list":["post-17639","post","type-post","status-publish","format-standard","has-post-thumbnail","hentry","category-macae","category-meio-ambiente","tag-empresas","tag-inea","tag-ministerio","tag-multa","tag-transporte"],"aioseo_notices":[],"_links":{"self":[{"href":"https:\/\/aconteceemmacaeeregiao.com.br\/index.php\/wp-json\/wp\/v2\/posts\/17639","targetHints":{"allow":["GET"]}}],"collection":[{"href":"https:\/\/aconteceemmacaeeregiao.com.br\/index.php\/wp-json\/wp\/v2\/posts"}],"about":[{"href":"https:\/\/aconteceemmacaeeregiao.com.br\/index.php\/wp-json\/wp\/v2\/types\/post"}],"author":[{"embeddable":true,"href":"https:\/\/aconteceemmacaeeregiao.com.br\/index.php\/wp-json\/wp\/v2\/users\/2"}],"replies":[{"embeddable":true,"href":"https:\/\/aconteceemmacaeeregiao.com.br\/index.php\/wp-json\/wp\/v2\/comments?post=17639"}],"version-history":[{"count":0,"href":"https:\/\/aconteceemmacaeeregiao.com.br\/index.php\/wp-json\/wp\/v2\/posts\/17639\/revisions"}],"wp:featuredmedia":[{"embeddable":true,"href":"https:\/\/aconteceemmacaeeregiao.com.br\/index.php\/wp-json\/wp\/v2\/media\/17640"}],"wp:attachment":[{"href":"https:\/\/aconteceemmacaeeregiao.com.br\/index.php\/wp-json\/wp\/v2\/media?parent=17639"}],"wp:term":[{"taxonomy":"category","embeddable":true,"href":"https:\/\/aconteceemmacaeeregiao.com.br\/index.php\/wp-json\/wp\/v2\/categories?post=17639"},{"taxonomy":"post_tag","embeddable":true,"href":"https:\/\/aconteceemmacaeeregiao.com.br\/index.php\/wp-json\/wp\/v2\/tags?post=17639"}],"curies":[{"name":"wp","href":"https:\/\/api.w.org\/{rel}","templated":true}]}}