{"id":17678,"date":"2024-08-07T15:06:21","date_gmt":"2024-08-07T18:06:21","guid":{"rendered":"https:\/\/aconteceemmacaeeregiao.com.br\/?p=17678"},"modified":"2024-08-07T15:06:22","modified_gmt":"2024-08-07T18:06:22","slug":"feira-de-empregos-em-macae-promete-novas-oportunidades","status":"publish","type":"post","link":"https:\/\/aconteceemmacaeeregiao.com.br\/index.php\/2024\/08\/07\/feira-de-empregos-em-macae-promete-novas-oportunidades\/","title":{"rendered":"Feira de Empregos em Maca\u00e9 promete novas oportunidades"},"content":{"rendered":"\n<p><strong><em>Os interessados devem se inscrever antecipadamente atrav\u00e9s de um formul\u00e1rio online<\/em><\/strong><\/p>\n\n\n\n<p>No pr\u00f3ximo dia 17 de agosto, das 8h \u00e0s 14h, Maca\u00e9 ser\u00e1 palco de uma importante Feira de Empregos no Col\u00e9gio Castelo, situado na Avenida Santos Moreira, 445, Miramar. Organizada pela p\u00e1gina @vagasmacaeregiao e liderada por Jaqueline Ouv\u00eddio, a feira visa conectar <a href=\"https:\/\/aconteceemmacaeeregiao.com.br\/index.php\/2024\/07\/05\/divulgado-edital-para-processo-seletivo-do-colegio-de-aplicacao-em-2025\/\" title=\"Divulgado edital para processo seletivo do Col\u00e9gio de Aplica\u00e7\u00e3o em 2025\">candidatos<\/a> a empresas com vagas dispon\u00edveis, proporcionando uma excelente chance para aqueles que buscam se reinserir no mercado de trabalho.<\/p>\n\n\n\n<p><strong>Como Participar<\/strong><\/p>\n\n\n\n<p>Os interessados devem se inscrever antecipadamente atrav\u00e9s de um formul\u00e1rio online. A entrada \u00e9 <a href=\"https:\/\/aconteceemmacaeeregiao.com.br\/index.php\/2024\/07\/18\/mcdonalds-oferece-capacitacao-online-e-gratuita-sobre-habilidades-de-comunicacao\/\" title=\"McDonald\u2019s Oferece Capacita\u00e7\u00e3o Online e Gratuita sobre Habilidades de Comunica\u00e7\u00e3o\">gratuita<\/a>, mas os participantes s\u00e3o incentivados a doar 1 kg de alimento n\u00e3o perec\u00edvel, que ser\u00e1 destinado a institui\u00e7\u00f5es carentes. No dia do evento, \u00e9 essencial levar curr\u00edculos impressos, certificados de treinamento v\u00e1lidos, comprovantes de escolaridade e a Carteira de Trabalho Digital (CTPS).<\/p>\n\n\n\n<p><strong>Oportunidades e Prepara\u00e7\u00e3o<\/strong><\/p>\n\n\n\n<p>A feira oferece uma <a href=\"https:\/\/aconteceemmacaeeregiao.com.br\/index.php\/2024\/08\/02\/oportunidades-de-emprego-em-plataformas-de-petroleo-em-macae\/\" title=\"Oportunidades de emprego em plataformas de petr\u00f3leo em Maca\u00e9\">plataforma<\/a> ideal para candidatos se encontrarem com potenciais empregadores. \u00c9 crucial que os participantes se preparem adequadamente:<\/p>\n\n\n\n<ul class=\"wp-block-list\">\n<li><strong>Curr\u00edculo Atualizado<\/strong>: Leve v\u00e1rias c\u00f3pias do seu curr\u00edculo bem atualizado.<\/li>\n\n\n\n<li><strong>Certificados e Documentos<\/strong>: Traga certificados de cursos e treinamentos relevantes, al\u00e9m de comprovantes de escolaridade.<\/li>\n\n\n\n<li><strong>Carteira de Trabalho Digital<\/strong>: Tenha a CTPS Digital pronta para consulta.<\/li>\n<\/ul>\n\n\n\n<p><strong>Apoio e Patroc\u00ednio<\/strong><\/p>\n\n\n\n<p>A Feira de Empregos de Maca\u00e9 conta com o apoio do Col\u00e9gio Castelo, RelyOn Nutec e Indeed Institute, e \u00e9 patrocinada por D&#8217;Or Consultoria e Aknor RH. Essas parcerias refor\u00e7am a import\u00e2ncia do evento na promo\u00e7\u00e3o de novas oportunidades de emprego e no fortalecimento da economia local.<\/p>\n\n\n\n<p><strong>Dicas para Candidatos<\/strong><\/p>\n\n\n\n<ol class=\"wp-block-list\">\n<li><strong>Prepare-se Antecipadamente<\/strong>: Pesquise as empresas participantes e as vagas dispon\u00edveis para direcionar melhor suas abordagens.<\/li>\n\n\n\n<li><strong>Vista-se de Forma Profissional<\/strong>: Uma boa apresenta\u00e7\u00e3o pode causar uma \u00f3tima primeira impress\u00e3o.<\/li>\n\n\n\n<li><strong>Rede de Contatos<\/strong>: Aproveite para fazer networking com outros candidatos e representantes de empresas.<\/li>\n<\/ol>\n\n\n\n<p>A Feira de Empregos em Maca\u00e9 \u00e9 uma excelente oportunidade para quem busca novas oportunidades de carreira. Prepare-se, inscreva-se e participe, contribuindo tamb\u00e9m com a doa\u00e7\u00e3o de alimentos para apoiar institui\u00e7\u00f5es carentes.<\/p>\n\n\n\n<p><em><a href=\"https:\/\/odia.ig.com.br\/macae\/2024\/08\/6895657-feira-de-empregos-em-macae-promete-novas-oportunidades.html\" title=\"\">Fonte portal O Dia<\/a><\/em><\/p>\n","protected":false},"excerpt":{"rendered":"<p>Os interessados devem se inscrever antecipadamente atrav\u00e9s de um formul\u00e1rio online No pr\u00f3ximo dia 17 de agosto, das 8h \u00e0s 14h, Maca\u00e9 ser\u00e1 palco de uma importante Feira de Empregos no Col\u00e9gio Castelo, situado na Avenida Santos Moreira, 445, Miramar. Organizada pela p\u00e1gina @vagasmacaeregiao e liderada por Jaqueline Ouv\u00eddio, a feira visa conectar candidatos a [&hellip;]<\/p>\n","protected":false},"author":2,"featured_media":17679,"comment_status":"closed","ping_status":"closed","sticky":false,"template":"","format":"standard","meta":{"postBodyCss":"","postBodyMargin":[],"postBodyPadding":[],"postBodyBackground":{"backgroundType":"classic","gradient":""},"footnotes":""},"categories":[73,42],"tags":[77,655,82,87],"class_list":["post-17678","post","type-post","status-publish","format-standard","has-post-thumbnail","hentry","category-emprego","category-macae","tag-emprego","tag-feira","tag-oportunidade","tag-vagas"],"aioseo_notices":[],"_links":{"self":[{"href":"https:\/\/aconteceemmacaeeregiao.com.br\/index.php\/wp-json\/wp\/v2\/posts\/17678","targetHints":{"allow":["GET"]}}],"collection":[{"href":"https:\/\/aconteceemmacaeeregiao.com.br\/index.php\/wp-json\/wp\/v2\/posts"}],"about":[{"href":"https:\/\/aconteceemmacaeeregiao.com.br\/index.php\/wp-json\/wp\/v2\/types\/post"}],"author":[{"embeddable":true,"href":"https:\/\/aconteceemmacaeeregiao.com.br\/index.php\/wp-json\/wp\/v2\/users\/2"}],"replies":[{"embeddable":true,"href":"https:\/\/aconteceemmacaeeregiao.com.br\/index.php\/wp-json\/wp\/v2\/comments?post=17678"}],"version-history":[{"count":0,"href":"https:\/\/aconteceemmacaeeregiao.com.br\/index.php\/wp-json\/wp\/v2\/posts\/17678\/revisions"}],"wp:featuredmedia":[{"embeddable":true,"href":"https:\/\/aconteceemmacaeeregiao.com.br\/index.php\/wp-json\/wp\/v2\/media\/17679"}],"wp:attachment":[{"href":"https:\/\/aconteceemmacaeeregiao.com.br\/index.php\/wp-json\/wp\/v2\/media?parent=17678"}],"wp:term":[{"taxonomy":"category","embeddable":true,"href":"https:\/\/aconteceemmacaeeregiao.com.br\/index.php\/wp-json\/wp\/v2\/categories?post=17678"},{"taxonomy":"post_tag","embeddable":true,"href":"https:\/\/aconteceemmacaeeregiao.com.br\/index.php\/wp-json\/wp\/v2\/tags?post=17678"}],"curies":[{"name":"wp","href":"https:\/\/api.w.org\/{rel}","templated":true}]}}