{"id":17681,"date":"2024-08-07T15:28:31","date_gmt":"2024-08-07T18:28:31","guid":{"rendered":"https:\/\/aconteceemmacaeeregiao.com.br\/?p=17681"},"modified":"2024-08-07T15:28:32","modified_gmt":"2024-08-07T18:28:32","slug":"policia-federal-prende-dois-foragidos-em-macae-e-rio-das-ostras","status":"publish","type":"post","link":"https:\/\/aconteceemmacaeeregiao.com.br\/index.php\/2024\/08\/07\/policia-federal-prende-dois-foragidos-em-macae-e-rio-das-ostras\/","title":{"rendered":"Pol\u00edcia Federal prende dois foragidos em Maca\u00e9 e Rio das Ostras"},"content":{"rendered":"\n<p><strong><em>Os homens, sem liga\u00e7\u00e3o entre si, foram capturados por crimes distintos<\/em><\/strong><\/p>\n\n\n\n<p>A Pol\u00edcia Federal realizou opera\u00e7\u00f5es que resultaram na pris\u00e3o de dois homens foragidos, capturados em Maca\u00e9 e <a href=\"https:\/\/aconteceemmacaeeregiao.com.br\/index.php\/2024\/04\/21\/rio-das-ostras-surpreende-mais-que-uma-alternativa-as-tradicionais-buzios-e-cabo-frio\/\" title=\"Rio das Ostras Surpreende: Mais que uma Alternativa \u00e0s Tradicionais B\u00fazios e Cabo Frio\">Rio das Ostras<\/a>. Os indiv\u00edduos, sem liga\u00e7\u00e3o entre si, foram detidos por crimes distintos: tr\u00e1fico de drogas e estelionato.<\/p>\n\n\n\n<p><strong>Detalhes das Pris\u00f5es<\/strong><\/p>\n\n\n\n<ul class=\"wp-block-list\">\n<li><strong>Primeiro Foragido:<\/strong><\/li>\n\n\n\n<li><strong>Crime:<\/strong> Tr\u00e1fico de drogas e associa\u00e7\u00e3o ao tr\u00e1fico.<\/li>\n\n\n\n<li><strong>Idade:<\/strong> 34 anos.<\/li>\n\n\n\n<li><strong>Origem:<\/strong> Casimiro de Abreu.<\/li>\n\n\n\n<li><strong>Localiza\u00e7\u00e3o:<\/strong> Arraial do Sana, Maca\u00e9.<\/li>\n\n\n\n<li><strong>Dura\u00e7\u00e3o da Fuga:<\/strong> Cerca de um ano.<\/li>\n\n\n\n<li><strong>Circunst\u00e2ncia:<\/strong> Encontrado se escondendo na regi\u00e3o do <a href=\"https:\/\/aconteceemmacaeeregiao.com.br\/index.php\/2023\/11\/15\/macae-na-rota-do-esporte-de-aventura-e-turismo-na-natureza\/\" title=\"Maca\u00e9 na rota do esporte de aventura e turismo na natureza\">Arraial do Sana<\/a>.<\/li>\n<\/ul>\n\n\n\n<ul class=\"wp-block-list\">\n<li><strong>Segundo Foragido:<\/strong><\/li>\n\n\n\n<li><strong>Crime:<\/strong> Estelionato.<\/li>\n\n\n\n<li><strong>Idade:<\/strong> 35 anos.<\/li>\n\n\n\n<li><strong>Origem:<\/strong> Aracaju, Sergipe.<\/li>\n\n\n\n<li><strong>Localiza\u00e7\u00e3o:<\/strong> Bairro Costa Azul, Rio das Ostras.<\/li>\n\n\n\n<li><strong>Dura\u00e7\u00e3o da Fuga:<\/strong> Aproximadamente cinco anos.<\/li>\n\n\n\n<li><strong>Circunst\u00e2ncia:<\/strong> Localizado e preso pelas autoridades no bairro Costa Azul.<\/li>\n<\/ul>\n\n\n\n<p><strong>Impacto das Opera\u00e7\u00f5es<\/strong><\/p>\n\n\n\n<p>As opera\u00e7\u00f5es da <a href=\"https:\/\/aconteceemmacaeeregiao.com.br\/index.php\/2024\/07\/26\/policia-federal-prende-homem-por-tentativa-de-homicidio-em-macae\/\" title=\"Pol\u00edcia Federal prende homem por tentativa de homic\u00eddio em Maca\u00e9\">Pol\u00edcia Federal<\/a> em Maca\u00e9 e Rio das Ostras demonstram um esfor\u00e7o cont\u00ednuo no combate ao crime e na manuten\u00e7\u00e3o da seguran\u00e7a da popula\u00e7\u00e3o. As pris\u00f5es refor\u00e7am a efic\u00e1cia das autoridades em localizar e capturar foragidos, contribuindo para a redu\u00e7\u00e3o da criminalidade na regi\u00e3o.<\/p>\n\n\n\n<p>A Pol\u00edcia Federal continua vigilante e atuante na busca por criminosos foragidos, garantindo a seguran\u00e7a e a justi\u00e7a para a popula\u00e7\u00e3o.<\/p>\n\n\n\n<p><em><a href=\"https:\/\/odia.ig.com.br\/macae\/2024\/08\/6895194-pf-prende-dois-foragidos-em-acoes-distintas-em-macae-e-rio-das-ostras.html\" title=\"\">Fonte portal O Dia<\/a><\/em><\/p>\n\n\n\n<p><\/p>\n","protected":false},"excerpt":{"rendered":"<p>Os homens, sem liga\u00e7\u00e3o entre si, foram capturados por crimes distintos A Pol\u00edcia Federal realizou opera\u00e7\u00f5es que resultaram na pris\u00e3o de dois homens foragidos, capturados em Maca\u00e9 e Rio das Ostras. Os indiv\u00edduos, sem liga\u00e7\u00e3o entre si, foram detidos por crimes distintos: tr\u00e1fico de drogas e estelionato. Detalhes das Pris\u00f5es Impacto das Opera\u00e7\u00f5es As opera\u00e7\u00f5es [&hellip;]<\/p>\n","protected":false},"author":2,"featured_media":17685,"comment_status":"closed","ping_status":"closed","sticky":false,"template":"","format":"standard","meta":{"postBodyCss":"","postBodyMargin":[],"postBodyPadding":[],"postBodyBackground":{"backgroundType":"classic","gradient":""},"footnotes":""},"categories":[47],"tags":[320,919,838],"class_list":["post-17681","post","type-post","status-publish","format-standard","has-post-thumbnail","hentry","category-ocorrencias","tag-foragido","tag-ocorrencias-em-macae","tag-policia-federal"],"aioseo_notices":[],"_links":{"self":[{"href":"https:\/\/aconteceemmacaeeregiao.com.br\/index.php\/wp-json\/wp\/v2\/posts\/17681","targetHints":{"allow":["GET"]}}],"collection":[{"href":"https:\/\/aconteceemmacaeeregiao.com.br\/index.php\/wp-json\/wp\/v2\/posts"}],"about":[{"href":"https:\/\/aconteceemmacaeeregiao.com.br\/index.php\/wp-json\/wp\/v2\/types\/post"}],"author":[{"embeddable":true,"href":"https:\/\/aconteceemmacaeeregiao.com.br\/index.php\/wp-json\/wp\/v2\/users\/2"}],"replies":[{"embeddable":true,"href":"https:\/\/aconteceemmacaeeregiao.com.br\/index.php\/wp-json\/wp\/v2\/comments?post=17681"}],"version-history":[{"count":0,"href":"https:\/\/aconteceemmacaeeregiao.com.br\/index.php\/wp-json\/wp\/v2\/posts\/17681\/revisions"}],"wp:featuredmedia":[{"embeddable":true,"href":"https:\/\/aconteceemmacaeeregiao.com.br\/index.php\/wp-json\/wp\/v2\/media\/17685"}],"wp:attachment":[{"href":"https:\/\/aconteceemmacaeeregiao.com.br\/index.php\/wp-json\/wp\/v2\/media?parent=17681"}],"wp:term":[{"taxonomy":"category","embeddable":true,"href":"https:\/\/aconteceemmacaeeregiao.com.br\/index.php\/wp-json\/wp\/v2\/categories?post=17681"},{"taxonomy":"post_tag","embeddable":true,"href":"https:\/\/aconteceemmacaeeregiao.com.br\/index.php\/wp-json\/wp\/v2\/tags?post=17681"}],"curies":[{"name":"wp","href":"https:\/\/api.w.org\/{rel}","templated":true}]}}