{"id":17705,"date":"2024-08-09T12:01:33","date_gmt":"2024-08-09T15:01:33","guid":{"rendered":"https:\/\/aconteceemmacaeeregiao.com.br\/?p=17705"},"modified":"2024-08-09T12:01:34","modified_gmt":"2024-08-09T15:01:34","slug":"depressao-em-idosos-quatro-sinais-de-alerta-que-nao-devem-ser-ignorados","status":"publish","type":"post","link":"https:\/\/aconteceemmacaeeregiao.com.br\/index.php\/2024\/08\/09\/depressao-em-idosos-quatro-sinais-de-alerta-que-nao-devem-ser-ignorados\/","title":{"rendered":"Depress\u00e3o em idosos: Quatro sinais de alerta que n\u00e3o devem ser ignorados"},"content":{"rendered":"\n<p>A depress\u00e3o em idosos \u00e9 uma condi\u00e7\u00e3o preocupante, muitas vezes subdiagnosticada. Dados do IBGE mostram que cerca de 13% dos idosos brasileiros entre 60 e 64 anos s\u00e3o afetados pela doen\u00e7a. A aposentadoria, a perda de capacidade f\u00edsica e sentimentos de inadequa\u00e7\u00e3o podem contribuir para o desenvolvimento desse quadro. Segundo Renata Lima, psic\u00f3loga da Padr\u00e3o Enfermagem, \u00e9 crucial identificar sinais precoces de depress\u00e3o para garantir o bem-estar dos idosos.<\/p>\n\n\n\n<p><strong>1. Mudan\u00e7a no apetite e no peso:<\/strong> Um dos sinais mais evidentes de depress\u00e3o \u00e9 a altera\u00e7\u00e3o significativa no apetite, resultando em perda ou ganho de peso. O idoso pode perder o interesse pela comida ou, ao contr\u00e1rio, desenvolver uma compuls\u00e3o alimentar.<\/p>\n\n\n\n<p><strong>2. Dist\u00farbios do sono:<\/strong> Tanto a ins\u00f4nia quanto o sono excessivo s\u00e3o comuns em idosos deprimidos. A mudan\u00e7a no padr\u00e3o de sono deve ser observada com aten\u00e7\u00e3o.<\/p>\n\n\n\n<p><strong>3. Perda de interesse em atividades:<\/strong> Quando o idoso deixa de participar de atividades que antes eram prazerosas, isso pode ser um ind\u00edcio de depress\u00e3o.<\/p>\n\n\n\n<p><strong>4. Sentimentos de inutilidade ou culpa excessiva:<\/strong> Sentir-se in\u00fatil ou ter culpa excessiva por situa\u00e7\u00f5es triviais s\u00e3o sentimentos frequentes em idosos deprimidos.<\/p>\n\n\n\n<p>\u00c9 essencial estimular o idoso a manter-se ativo socialmente e buscar ajuda profissional se necess\u00e1rio. Um bom cuidador n\u00e3o apenas atende \u00e0s necessidades f\u00edsicas do idoso, mas tamb\u00e9m se preocupa com seu bem-estar emocional, atuando como um elo de suporte entre o idoso e sua fam\u00edlia. Manter o idoso envolvido em atividades significativas \u00e9 fundamental para sua sa\u00fade mental e qualidade de vida.<\/p>\n\n\n\n<p><strong>Sobre a Padr\u00e3o Enfermagem<br><\/strong>Fundada em 2006, \u00e9 uma rede de franquias com mais de 50 unidades no Brasil, especializada no agenciamento de profissionais da sa\u00fade para uma s\u00e9rie de servi\u00e7os primordiais aos pacientes, tais como: Acompanhamento hospitalar, Servi\u00e7os de enfermagem, Cuidador de idosos e Cuidador infantil. Todos os profissionais agenciados pela Padr\u00e3o Enfermagem est\u00e3o preparados e habilitados para atender com seguran\u00e7a e qualidade a clientes em ambiente domiciliar, hospitalar e empresarial, com suporte 24h.<\/p>\n","protected":false},"excerpt":{"rendered":"<p>A depress\u00e3o em idosos \u00e9 uma condi\u00e7\u00e3o preocupante, muitas vezes subdiagnosticada. Dados do IBGE mostram que cerca de 13% dos idosos brasileiros entre 60 e 64 anos s\u00e3o afetados pela doen\u00e7a. A aposentadoria, a perda de capacidade f\u00edsica e sentimentos de inadequa\u00e7\u00e3o podem contribuir para o desenvolvimento desse quadro. Segundo Renata Lima, psic\u00f3loga da Padr\u00e3o [&hellip;]<\/p>\n","protected":false},"author":2,"featured_media":17707,"comment_status":"closed","ping_status":"closed","sticky":false,"template":"","format":"standard","meta":{"postBodyCss":"","postBodyMargin":[],"postBodyPadding":[],"postBodyBackground":{"backgroundType":"classic","gradient":""},"footnotes":""},"categories":[78],"tags":[410,152,625],"class_list":["post-17705","post","type-post","status-publish","format-standard","has-post-thumbnail","hentry","category-saude","tag-depressao","tag-idosos","tag-sono"],"aioseo_notices":[],"_links":{"self":[{"href":"https:\/\/aconteceemmacaeeregiao.com.br\/index.php\/wp-json\/wp\/v2\/posts\/17705","targetHints":{"allow":["GET"]}}],"collection":[{"href":"https:\/\/aconteceemmacaeeregiao.com.br\/index.php\/wp-json\/wp\/v2\/posts"}],"about":[{"href":"https:\/\/aconteceemmacaeeregiao.com.br\/index.php\/wp-json\/wp\/v2\/types\/post"}],"author":[{"embeddable":true,"href":"https:\/\/aconteceemmacaeeregiao.com.br\/index.php\/wp-json\/wp\/v2\/users\/2"}],"replies":[{"embeddable":true,"href":"https:\/\/aconteceemmacaeeregiao.com.br\/index.php\/wp-json\/wp\/v2\/comments?post=17705"}],"version-history":[{"count":0,"href":"https:\/\/aconteceemmacaeeregiao.com.br\/index.php\/wp-json\/wp\/v2\/posts\/17705\/revisions"}],"wp:featuredmedia":[{"embeddable":true,"href":"https:\/\/aconteceemmacaeeregiao.com.br\/index.php\/wp-json\/wp\/v2\/media\/17707"}],"wp:attachment":[{"href":"https:\/\/aconteceemmacaeeregiao.com.br\/index.php\/wp-json\/wp\/v2\/media?parent=17705"}],"wp:term":[{"taxonomy":"category","embeddable":true,"href":"https:\/\/aconteceemmacaeeregiao.com.br\/index.php\/wp-json\/wp\/v2\/categories?post=17705"},{"taxonomy":"post_tag","embeddable":true,"href":"https:\/\/aconteceemmacaeeregiao.com.br\/index.php\/wp-json\/wp\/v2\/tags?post=17705"}],"curies":[{"name":"wp","href":"https:\/\/api.w.org\/{rel}","templated":true}]}}