{"id":17894,"date":"2024-08-20T15:38:23","date_gmt":"2024-08-20T18:38:23","guid":{"rendered":"https:\/\/aconteceemmacaeeregiao.com.br\/?p=17894"},"modified":"2024-08-20T15:38:24","modified_gmt":"2024-08-20T18:38:24","slug":"gabarito-do-concurso-nacional-unificado-ja-disponivel","status":"publish","type":"post","link":"https:\/\/aconteceemmacaeeregiao.com.br\/index.php\/2024\/08\/20\/gabarito-do-concurso-nacional-unificado-ja-disponivel\/","title":{"rendered":"Gabarito do Concurso Nacional Unificado j\u00e1 dispon\u00edvel"},"content":{"rendered":"\n<p><strong><em>Os candidatosque fizeram o &#8220;Enem dos Concursos&#8221; t\u00eam at\u00e9 amanh\u00e3 (21) para solicitar recursos<\/em><\/strong><\/p>\n\n\n\n<p>Os gabaritos preliminares das provas objetivas do Concurso P\u00fablico Nacional Unificado (CPNU) j\u00e1 est\u00e3o <a href=\"https:\/\/www.gov.br\/gestao\/pt-br\/concursonacional\/gabaritos\" title=\"\">dispon\u00edveis para consulta no site oficial do concurso<\/a>. Realizado no \u00faltimo domingo, 18 de agosto, o &#8220;Enem dos Concursos&#8221; mobilizou 970.037 candidatos em 228 cidades de todo o pa\u00eds, com uma taxa de absten\u00e7\u00e3o de 54,12%.<\/p>\n\n\n\n<p>Os candidatos t\u00eam entre hoje, ter\u00e7a-feira (20), e amanh\u00e3 (21) para solicitar recursos contra o gabarito preliminar <a href=\"https:\/\/cpnu.cesgranrio.org.br\/login\" title=\"\">diretamente na \u00e1rea do candidato<\/a>. Recursos enviados por outros meios ou fora do prazo n\u00e3o ser\u00e3o aceitos, conforme orienta o edital.<\/p>\n\n\n\n<p>O cronograma do <a href=\"https:\/\/aconteceemmacaeeregiao.com.br\/index.php\/2024\/07\/29\/concurso-iss-macae-inscreva-se-salario-de-r-72-mil\/\" title=\"Concurso ISS Maca\u00e9: Inscreva-se, sal\u00e1rio de   R$ 7,2 mil\">concurso<\/a> tamb\u00e9m passou por ajustes para evitar conflitos com as elei\u00e7\u00f5es municipais de outubro. Entre as mudan\u00e7as, destaca-se o adiamento da verifica\u00e7\u00e3o de autodeclara\u00e7\u00e3o para candidatos negros e ind\u00edgenas, que ocorrer\u00e1 nos dias 2 e 3 de novembro, ap\u00f3s o segundo turno das <a href=\"https:\/\/aconteceemmacaeeregiao.com.br\/index.php\/2024\/08\/19\/welberth-rezende-lidera-disputa-em-macae-com-70-das-intencoes-de-voto\/\" title=\"Welberth Rezende lidera disputa em Maca\u00e9 com 70% das inten\u00e7\u00f5es de voto\">elei\u00e7\u00f5es.<\/a><\/p>\n\n\n\n<p>A divulga\u00e7\u00e3o dos resultados definitivos do concurso est\u00e1 prevista para 21 de novembro, com a convoca\u00e7\u00e3o para posse e cursos de forma\u00e7\u00e3o iniciando em janeiro de 2025.<\/p>\n\n\n\n<p><strong>Dica:<\/strong> Fique atento aos prazos e utilize o per\u00edodo de recursos para esclarecer eventuais d\u00favidas ou discord\u00e2ncias em rela\u00e7\u00e3o ao gabarito. Isso pode fazer diferen\u00e7a na sua classifica\u00e7\u00e3o final.<\/p>\n\n\n\n<p><strong>Confira o cronograma atualizado:<\/strong><\/p>\n\n\n\n<p><strong>20.ago.24<\/strong><br><em>Divulga\u00e7\u00e3o preliminar dos gabaritos das provas objetivas<\/em><\/p>\n\n\n\n<p><strong>20 e 21.ago.24<\/strong><br><em>Prazo para interposi\u00e7\u00e3o de eventuais recursos quanto \u00e0s quest\u00f5es formuladas e\/ou aos gabaritos divulgados<\/em><\/p>\n\n\n\n<p><strong>10.set.24<\/strong><br><em>Disponibiliza\u00e7\u00e3o da imagem do cart\u00e3o-resposta<\/em><\/p>\n\n\n\n<p><strong>8.out.24<\/strong><br><em>Divulga\u00e7\u00e3o das notas finais das provas objetivas e da nota preliminar da discursiva<\/em><\/p>\n\n\n\n<p><strong>8 e 9.out.24<\/strong><br><em>Interposi\u00e7\u00e3o de eventuais pedidos de revis\u00e3o das notas da discursiva<\/em><\/p>\n\n\n\n<p><strong>8.out.24<\/strong><br><em>Convoca\u00e7\u00e3o para o envio de t\u00edtulos (via upload)<\/em><\/p>\n\n\n\n<p><strong>9 e 10.out.24<\/strong><br><em>Envio dos t\u00edtulos<\/em><\/p>\n\n\n\n<p><strong>17.out.24<\/strong><br><em>Divulga\u00e7\u00e3o do resultado dos pedidos de revis\u00e3o das notas da prova discursiva<\/em><\/p>\n\n\n\n<p><strong>17.out.24<\/strong><br><em>Convoca\u00e7\u00e3o para o procedimento de verifica\u00e7\u00e3o da condi\u00e7\u00e3o declarada para concorrer \u00e0s vagas reservadas aos candidatos negros, da condi\u00e7\u00e3o declarada para concorrer \u00e0s vagas reservadas aos candidatos ind\u00edgenas (exclusivamente para os cargos da Funai)<\/em><\/p>\n\n\n\n<p><strong>17 a 25.out.24<\/strong><br><em>Prazo para per\u00edcia m\u00e9dica (avalia\u00e7\u00e3o biopsicossocial) dos candidatos que se declararem com defici\u00eancia, para verificar se efetivamente se trata de pessoas com defici\u00eancia<\/em><\/p>\n\n\n\n<p><strong>2 e 3.nov.24<\/strong><br><em>Procedimento de verifica\u00e7\u00e3o da condi\u00e7\u00e3o declarada para concorrer \u00e0s vagas reservadas aos candidatos negros<\/em><\/p>\n\n\n\n<p><strong>2 e 3.nov.24<\/strong><br><em>Procedimento de confirma\u00e7\u00e3o da condi\u00e7\u00e3o declarada para concorrer \u00e0s vagas reservadas aos candidatos ind\u00edgenas<\/em><\/p>\n\n\n\n<p><strong>4.nov.24<\/strong><br><em>Resultado preliminar da avalia\u00e7\u00e3o de t\u00edtulos<\/em><\/p>\n\n\n\n<p><strong>4 e 5.nov.24<\/strong><br><em>Prazo para interposi\u00e7\u00e3o de eventuais recursos quanto ao resultado preliminar da avalia\u00e7\u00e3o de t\u00edtulos<\/em><\/p>\n\n\n\n<p><strong>13.nov.24<\/strong><br><em>Divulga\u00e7\u00e3o dos resultados preliminares da avalia\u00e7\u00e3o da veracidade da autodeclara\u00e7\u00e3o prestada por candidatos concorrentes \u00e0s <a href=\"https:\/\/aconteceemmacaeeregiao.com.br\/index.php\/2024\/08\/09\/rede-hospitalar-abre-300-vagas-de-rmprego-em-macae\/\" title=\"Rede hospitalar abre 300 vagas de emprego em Maca\u00e9\">vagas<\/a> reservadas para negros e ind\u00edgenas e da avalia\u00e7\u00e3o biopsicossocial dos candidatos que se declararem com defici\u00eancia<\/em><\/p>\n\n\n\n<p><strong>13 e 14.nov.24<\/strong><br><em>Prazo para interposi\u00e7\u00e3o de eventuais recursos quanto aos resultados preliminares da avalia\u00e7\u00e3o da veracidade da autodeclara\u00e7\u00e3o prestada por candidatos concorrentes \u00e0s vagas reservadas para negros e ind\u00edgenas e da avalia\u00e7\u00e3o biopsicossocial dos candidatos que se declararem com defici\u00eancia<\/em><\/p>\n\n\n\n<p><strong>19.nov.24<\/strong><br><em>Divulga\u00e7\u00e3o do resultado dos pedidos de revis\u00e3o das notas dos t\u00edtulos<\/em><\/p>\n\n\n\n<p><strong>21.nov.24<\/strong><br><em>Previs\u00e3o de divulga\u00e7\u00e3o dos resultados finais<\/em><\/p>\n\n\n\n<p><em>\u00a0Fonte:\u00a0Secretaria de Comunica\u00e7\u00e3o Social da Presid\u00eancia da Rep\u00fablica<\/em><\/p>\n","protected":false},"excerpt":{"rendered":"<p>Os candidatosque fizeram o &#8220;Enem dos Concursos&#8221; t\u00eam at\u00e9 amanh\u00e3 (21) para solicitar recursos Os gabaritos preliminares das provas objetivas do Concurso P\u00fablico Nacional Unificado (CPNU) j\u00e1 est\u00e3o dispon\u00edveis para consulta no site oficial do concurso. Realizado no \u00faltimo domingo, 18 de agosto, o &#8220;Enem dos Concursos&#8221; mobilizou 970.037 candidatos em 228 cidades de todo [&hellip;]<\/p>\n","protected":false},"author":2,"featured_media":17895,"comment_status":"closed","ping_status":"closed","sticky":false,"template":"","format":"standard","meta":{"postBodyCss":"","postBodyMargin":[],"postBodyPadding":[],"postBodyBackground":{"backgroundType":"classic","gradient":""},"footnotes":""},"categories":[951,73],"tags":[160,341],"class_list":["post-17894","post","type-post","status-publish","format-standard","has-post-thumbnail","hentry","category-brasil","category-emprego","tag-concursos","tag-enem"],"aioseo_notices":[],"_links":{"self":[{"href":"https:\/\/aconteceemmacaeeregiao.com.br\/index.php\/wp-json\/wp\/v2\/posts\/17894","targetHints":{"allow":["GET"]}}],"collection":[{"href":"https:\/\/aconteceemmacaeeregiao.com.br\/index.php\/wp-json\/wp\/v2\/posts"}],"about":[{"href":"https:\/\/aconteceemmacaeeregiao.com.br\/index.php\/wp-json\/wp\/v2\/types\/post"}],"author":[{"embeddable":true,"href":"https:\/\/aconteceemmacaeeregiao.com.br\/index.php\/wp-json\/wp\/v2\/users\/2"}],"replies":[{"embeddable":true,"href":"https:\/\/aconteceemmacaeeregiao.com.br\/index.php\/wp-json\/wp\/v2\/comments?post=17894"}],"version-history":[{"count":0,"href":"https:\/\/aconteceemmacaeeregiao.com.br\/index.php\/wp-json\/wp\/v2\/posts\/17894\/revisions"}],"wp:featuredmedia":[{"embeddable":true,"href":"https:\/\/aconteceemmacaeeregiao.com.br\/index.php\/wp-json\/wp\/v2\/media\/17895"}],"wp:attachment":[{"href":"https:\/\/aconteceemmacaeeregiao.com.br\/index.php\/wp-json\/wp\/v2\/media?parent=17894"}],"wp:term":[{"taxonomy":"category","embeddable":true,"href":"https:\/\/aconteceemmacaeeregiao.com.br\/index.php\/wp-json\/wp\/v2\/categories?post=17894"},{"taxonomy":"post_tag","embeddable":true,"href":"https:\/\/aconteceemmacaeeregiao.com.br\/index.php\/wp-json\/wp\/v2\/tags?post=17894"}],"curies":[{"name":"wp","href":"https:\/\/api.w.org\/{rel}","templated":true}]}}