{"id":17919,"date":"2024-08-21T17:02:47","date_gmt":"2024-08-21T20:02:47","guid":{"rendered":"https:\/\/aconteceemmacaeeregiao.com.br\/?p=17919"},"modified":"2024-08-21T17:02:48","modified_gmt":"2024-08-21T20:02:48","slug":"denuncia-de-assedio-sexual-abala-prefeitura-de-cabo-frio","status":"publish","type":"post","link":"https:\/\/aconteceemmacaeeregiao.com.br\/index.php\/2024\/08\/21\/denuncia-de-assedio-sexual-abala-prefeitura-de-cabo-frio\/","title":{"rendered":"Den\u00fancia de ass\u00e9dio sexual abala Prefeitura de Cabo Frio"},"content":{"rendered":"\n<p><em><strong>T\u00e9cnicas de enfermagem acusam umfuncion\u00e1rio superior<\/strong><\/em><\/p>\n\n\n\n<p>T\u00e9cnicas de enfermagem de Cabo Frio denunciaram um suposto caso de ass\u00e9dio sexual envolvendo M.B.A., um funcion\u00e1rio do alto escal\u00e3o da prefeitura. Segundo os relatos, M.B.A., que ocupa o cargo de assessor especial da prefeita e \u00e9 respons\u00e1vel pelo setor de ambul\u00e2ncias, estaria utilizando sua posi\u00e7\u00e3o para fazer avan\u00e7os inapropriados \u00e0s funcion\u00e1rias. As <a href=\"https:\/\/aconteceemmacaeeregiao.com.br\/index.php\/2023\/04\/04\/prefeitura-de-cabo-frio-lanca-canal-para-denuncias-de-maus-tratos-a-animais\/\" title=\"Prefeitura de Cabo Frio lan\u00e7a canal para den\u00fancias de maus-tratos a animais\">den\u00fancias<\/a> indicam que ele teria abordado pelo menos dez mulheres, utilizando sempre o mesmo padr\u00e3o: convidando-as para sair e, em caso de recusa, amea\u00e7ando demiss\u00e3o.<\/p>\n\n\n\n<p>As denunciantes afirmam que j\u00e1 informaram o secret\u00e1rio de Sa\u00fade sobre a conduta de M.B.A., mas nenhuma a\u00e7\u00e3o teria sido tomada, possivelmente devido a sua suposta prote\u00e7\u00e3o por uma parente da prefeita. Muitas das<a href=\"https:\/\/aconteceemmacaeeregiao.com.br\/index.php\/2024\/08\/03\/grave-acidente-na-br-101-em-casimiro-de-abreu-deixa-duas-vitimas-fatais\/\" title=\"Grave acidente na BR-101 em Casimiro de Abreu deixa duas v\u00edtimas fatais\"> v\u00edtimas <\/a>relataram n\u00e3o ter formalizado as den\u00fancias por medo de repres\u00e1lias, como a perda do emprego, mas destacam o ambiente de press\u00e3o e constrangimento que enfrentam.<\/p>\n\n\n\n<p>Em resposta, M.B.A. negou as acusa\u00e7\u00f5es, afirmando que n\u00e3o lida diretamente com enfermeiros e que a den\u00fancia seria infundada. A prefeitura, por sua vez, informou que investigar\u00e1 os fatos e tomar\u00e1 as medidas cab\u00edveis caso as den\u00fancias sejam comprovadas.<\/p>\n\n\n\n<p><strong>Dica:<\/strong> Situa\u00e7\u00f5es de <a href=\"https:\/\/aconteceemmacaeeregiao.com.br\/index.php\/2023\/06\/29\/nao-de-carona-ao-assedio-e-lancada-pelo-detro-rj-e-secretaria-da-mulher\/\" title=\"\u2018N\u00e3o d\u00ea Carona ao Ass\u00e9dio\u2019 \u00e9 lan\u00e7ada pelo Detro-RJ e Secretaria da Mulher\">ass\u00e9dio<\/a> sexual no trabalho s\u00e3o graves e devem ser denunciadas imediatamente. \u00c9 importante reunir provas e buscar apoio de colegas e institui\u00e7\u00f5es que possam ajudar a proteger seus direitos. O ass\u00e9dio \u00e9 um crime previsto no C\u00f3digo Penal brasileiro, e a v\u00edtima n\u00e3o deve sofrer em sil\u00eancio.<\/p>\n\n\n\n<p><em><a href=\"https:\/\/odia.ig.com.br\/cabo-frio\/2024\/08\/6903361-tecnicas-de-enfermagem-denunciam-suposto-assedio-sexual-de-funcionario-do-1-escalao-da-prefeitura-de-cabo-frio.html\" title=\"\">Fonte Postal O Dia<\/a><\/em><\/p>\n","protected":false},"excerpt":{"rendered":"<p>T\u00e9cnicas de enfermagem acusam umfuncion\u00e1rio superior T\u00e9cnicas de enfermagem de Cabo Frio denunciaram um suposto caso de ass\u00e9dio sexual envolvendo M.B.A., um funcion\u00e1rio do alto escal\u00e3o da prefeitura. Segundo os relatos, M.B.A., que ocupa o cargo de assessor especial da prefeita e \u00e9 respons\u00e1vel pelo setor de ambul\u00e2ncias, estaria utilizando sua posi\u00e7\u00e3o para fazer avan\u00e7os [&hellip;]<\/p>\n","protected":false},"author":2,"featured_media":17920,"comment_status":"closed","ping_status":"closed","sticky":false,"template":"","format":"standard","meta":{"postBodyCss":"","postBodyMargin":[],"postBodyPadding":[],"postBodyBackground":{"backgroundType":"classic","gradient":""},"footnotes":""},"categories":[155,47,43],"tags":[367,738,89],"class_list":["post-17919","post","type-post","status-publish","format-standard","has-post-thumbnail","hentry","category-cabo-frio","category-ocorrencias","category-regiao","tag-assedio","tag-enfermagem","tag-prefeitura"],"aioseo_notices":[],"_links":{"self":[{"href":"https:\/\/aconteceemmacaeeregiao.com.br\/index.php\/wp-json\/wp\/v2\/posts\/17919","targetHints":{"allow":["GET"]}}],"collection":[{"href":"https:\/\/aconteceemmacaeeregiao.com.br\/index.php\/wp-json\/wp\/v2\/posts"}],"about":[{"href":"https:\/\/aconteceemmacaeeregiao.com.br\/index.php\/wp-json\/wp\/v2\/types\/post"}],"author":[{"embeddable":true,"href":"https:\/\/aconteceemmacaeeregiao.com.br\/index.php\/wp-json\/wp\/v2\/users\/2"}],"replies":[{"embeddable":true,"href":"https:\/\/aconteceemmacaeeregiao.com.br\/index.php\/wp-json\/wp\/v2\/comments?post=17919"}],"version-history":[{"count":0,"href":"https:\/\/aconteceemmacaeeregiao.com.br\/index.php\/wp-json\/wp\/v2\/posts\/17919\/revisions"}],"wp:featuredmedia":[{"embeddable":true,"href":"https:\/\/aconteceemmacaeeregiao.com.br\/index.php\/wp-json\/wp\/v2\/media\/17920"}],"wp:attachment":[{"href":"https:\/\/aconteceemmacaeeregiao.com.br\/index.php\/wp-json\/wp\/v2\/media?parent=17919"}],"wp:term":[{"taxonomy":"category","embeddable":true,"href":"https:\/\/aconteceemmacaeeregiao.com.br\/index.php\/wp-json\/wp\/v2\/categories?post=17919"},{"taxonomy":"post_tag","embeddable":true,"href":"https:\/\/aconteceemmacaeeregiao.com.br\/index.php\/wp-json\/wp\/v2\/tags?post=17919"}],"curies":[{"name":"wp","href":"https:\/\/api.w.org\/{rel}","templated":true}]}}