{"id":17922,"date":"2024-08-22T07:25:29","date_gmt":"2024-08-22T10:25:29","guid":{"rendered":"https:\/\/aconteceemmacaeeregiao.com.br\/?p=17922"},"modified":"2024-08-22T07:45:34","modified_gmt":"2024-08-22T10:45:34","slug":"procon-promove-feirao-para-renegociacao-com-atendimento-juridico-gratuito","status":"publish","type":"post","link":"https:\/\/aconteceemmacaeeregiao.com.br\/index.php\/2024\/08\/22\/procon-promove-feirao-para-renegociacao-com-atendimento-juridico-gratuito\/","title":{"rendered":"Procon promove feir\u00e3o para renegocia\u00e7\u00e3o com atendimento jur\u00eddico gratuito"},"content":{"rendered":"\n<p><em><strong>O Procon de Cabo Frio far\u00e1 o atendimento jur\u00eddico e renegocia\u00e7\u00e3o de d\u00edvidas nesta quinta-feira (22), das 13h30 \u00e0s 17h30,<\/strong><\/em><\/p>\n\n\n\n<p>Nesta quinta-feira (22), o Procon de Cabo Frio realizar\u00e1 um feir\u00e3o especial para renegocia\u00e7\u00e3o de <a href=\"https:\/\/aconteceemmacaeeregiao.com.br\/index.php\/2024\/07\/03\/campanha-tudo-em-dia-caixa-renegocia-dividas-com-ate-90-de-desconto\/\" title=\"Campanha \u201cTudo em Dia CAIXA\u201d renegocia d\u00edvidas com at\u00e9 90% de desconto\">d\u00edvidas<\/a>, oferecendo aos moradores a oportunidade de limpar o nome e organizar suas finan\u00e7as. O evento ocorrer\u00e1 das 13h30 \u00e0s 17h30 na Sede da 20\u00aa Subse\u00e7\u00e3o da OAB\/RJ, localizada na Rua Ministro Gama Filho, 23 \u2013 Quadra 42, no bairro Braga.<\/p>\n\n\n\n<p>Em celebra\u00e7\u00e3o ao M\u00eas do <a href=\"https:\/\/aconteceemmacaeeregiao.com.br\/index.php\/2024\/07\/09\/prefeitura-de-macae-abre-concurso-com-vagas-na-area-juridica\/\" title=\"Prefeitura de Maca\u00e9 abre concurso com vagas na \u00e1rea jur\u00eddica\">Advogado<\/a>, o atendimento jur\u00eddico ser\u00e1 totalmente gratuito, abrangendo diversas \u00e1reas do direito. Al\u00e9m da chance de renegociar d\u00edvidas com empresas como ENEL e Prolagos, o p\u00fablico poder\u00e1 receber orienta\u00e7\u00f5es em \u00e1reas como Direito do Consumidor, Penal, Trabalhista, Sa\u00fade, Previdenci\u00e1rio, entre outras.<\/p>\n\n\n\n<p>Antes de negociar suas d\u00edvidas, organize todos os documentos e tenha clareza sobre o valor que pode pagar. Aproveite o atendimento jur\u00eddico <a href=\"https:\/\/aconteceemmacaeeregiao.com.br\/index.php\/2024\/08\/14\/senac-abre-inscricoes-para-programa-gratuito-de-qualificacao-em-macae\/\" title=\"Senac abre inscri\u00e7\u00f5es para programa gratuito de qualifica\u00e7\u00e3o em Maca\u00e9\">gratuito<\/a> para tirar d\u00favidas e garantir que seus direitos sejam respeitados.<\/p>\n\n\n\n<p><strong>Confira as \u00e1reas para o Atendimento Jur\u00eddico:<\/strong><\/p>\n\n\n\n<p>&#8211; Consumidor;<br>&#8211; Penal (criminal);<br>&#8211; Trabalhista;<br>&#8211; Sa\u00fade;<br>&#8211; Previdenci\u00e1rio;<br>&#8211; Lei Maria da Penha;<br>&#8211; Imobili\u00e1rio;<br>&#8211; Fam\u00edlia,<br>&#8211; Invent\u00e1rio;<br>&#8211; Pessoa com Defici\u00eancia.<\/p>\n\n\n\n<p><em><a href=\"https:\/\/odia.ig.com.br\/cabo-frio\/2024\/08\/6904020-procon-de-cabo-frio-realiza-feirao-de-renegociacao-de-dividas.html?foto=3\" title=\"\">Fonte Portal O dia<\/a><\/em><\/p>\n","protected":false},"excerpt":{"rendered":"<p>O Procon de Cabo Frio far\u00e1 o atendimento jur\u00eddico e renegocia\u00e7\u00e3o de d\u00edvidas nesta quinta-feira (22), das 13h30 \u00e0s 17h30, Nesta quinta-feira (22), o Procon de Cabo Frio realizar\u00e1 um feir\u00e3o especial para renegocia\u00e7\u00e3o de d\u00edvidas, oferecendo aos moradores a oportunidade de limpar o nome e organizar suas finan\u00e7as. O evento ocorrer\u00e1 das 13h30 \u00e0s [&hellip;]<\/p>\n","protected":false},"author":2,"featured_media":17923,"comment_status":"closed","ping_status":"closed","sticky":false,"template":"","format":"standard","meta":{"postBodyCss":"","postBodyMargin":[],"postBodyPadding":[],"postBodyBackground":{"backgroundType":"classic","gradient":""},"footnotes":""},"categories":[155,45,43,1],"tags":[],"class_list":["post-17922","post","type-post","status-publish","format-standard","has-post-thumbnail","hentry","category-cabo-frio","category-economia","category-regiao","category-sem-categoria"],"aioseo_notices":[],"_links":{"self":[{"href":"https:\/\/aconteceemmacaeeregiao.com.br\/index.php\/wp-json\/wp\/v2\/posts\/17922","targetHints":{"allow":["GET"]}}],"collection":[{"href":"https:\/\/aconteceemmacaeeregiao.com.br\/index.php\/wp-json\/wp\/v2\/posts"}],"about":[{"href":"https:\/\/aconteceemmacaeeregiao.com.br\/index.php\/wp-json\/wp\/v2\/types\/post"}],"author":[{"embeddable":true,"href":"https:\/\/aconteceemmacaeeregiao.com.br\/index.php\/wp-json\/wp\/v2\/users\/2"}],"replies":[{"embeddable":true,"href":"https:\/\/aconteceemmacaeeregiao.com.br\/index.php\/wp-json\/wp\/v2\/comments?post=17922"}],"version-history":[{"count":0,"href":"https:\/\/aconteceemmacaeeregiao.com.br\/index.php\/wp-json\/wp\/v2\/posts\/17922\/revisions"}],"wp:featuredmedia":[{"embeddable":true,"href":"https:\/\/aconteceemmacaeeregiao.com.br\/index.php\/wp-json\/wp\/v2\/media\/17923"}],"wp:attachment":[{"href":"https:\/\/aconteceemmacaeeregiao.com.br\/index.php\/wp-json\/wp\/v2\/media?parent=17922"}],"wp:term":[{"taxonomy":"category","embeddable":true,"href":"https:\/\/aconteceemmacaeeregiao.com.br\/index.php\/wp-json\/wp\/v2\/categories?post=17922"},{"taxonomy":"post_tag","embeddable":true,"href":"https:\/\/aconteceemmacaeeregiao.com.br\/index.php\/wp-json\/wp\/v2\/tags?post=17922"}],"curies":[{"name":"wp","href":"https:\/\/api.w.org\/{rel}","templated":true}]}}